{"id":11976,"date":"2023-02-23T14:12:16","date_gmt":"2023-02-23T17:12:16","guid":{"rendered":"https:\/\/imais.online\/portal\/?p=11976"},"modified":"2023-02-23T14:12:20","modified_gmt":"2023-02-23T17:12:20","slug":"prefeitura-de-indaiatuba-realiza-campanha-de-arrecadacoes-para-as-vitimas-do-litoral-norte","status":"publish","type":"post","link":"https:\/\/imais.online\/portal\/prefeitura-de-indaiatuba-realiza-campanha-de-arrecadacoes-para-as-vitimas-do-litoral-norte\/","title":{"rendered":"Prefeitura de Indaiatuba realiza campanha de arrecada\u00e7\u00f5es para as v\u00edtimas do litoral norte"},"content":{"rendered":"<div class=\"imais-before-content-placement\" id=\"imais-3523091441\"><script async src=\"\/\/pagead2.googlesyndication.com\/pagead\/js\/adsbygoogle.js?client=ca-pub-8787528412751566\" crossorigin=\"anonymous\"><\/script><ins class=\"adsbygoogle\" style=\"display:block;\" data-ad-client=\"ca-pub-8787528412751566\" \ndata-ad-slot=\"\" \ndata-ad-format=\"auto\"><\/ins>\n<script> \n(adsbygoogle = window.adsbygoogle || []).push({}); \n<\/script>\n<\/div>\n<p><em><small>Todos os itens ser\u00e3o repassados \u00e0s pessoas que foram atingidas pelas fortes chuvas no litoral norte<\/small><\/em><\/p>\n\n\n\n<p>A&nbsp; Prefeitura de Indaiatuba por meio do Fundo Social de Solidariedade realiza campanha para as pessoas v\u00edtimas do temporal que atingiu o litoral norte de S\u00e3o Paulo. As pessoas que quiserem contribuir poder\u00e3o doar no s\u00e1bado (25\/02) das 8h \u00e0s 17h, em formato Drive Thru, no Pa\u00e7o Municipal. Ser\u00e3o arrecadados itens de higiene pessoal adulto e pedi\u00e1trico, produtos de limpeza e fraldas de beb\u00ea.<\/p>\n\n\n\n<p>Devido \u00e0 intensa chuva do \u00faltimo domingo (19\/02), ocorreram deslizamentos, alagamentos, bloqueios de estradas e quedas de \u00e1rvores. As cidades atingidas foram Guaruj\u00e1, Bertioga, S\u00e3o Sebasti\u00e3o, Caraguatatuba, Ilhabela e Ubatuba. Em decorr\u00eancia da chuva, o Governo Federal decretou calamidade p\u00fablica para os munic\u00edpios. At\u00e9 o momento, mais de duas mil pessoas se encontram desalojadas e precisando de ajuda.<\/p>\n\n\n\n<p><strong>Servi\u00e7o<\/strong><\/p>\n\n\n\n<p><strong><u>Campanha Ajude o Litoral Norte<\/u><\/strong><\/p>\n\n\n\n<p><strong>Data:&nbsp;<\/strong>&nbsp;25 de fevereiro.<\/p>\n\n\n\n<p><strong>Hor\u00e1rio:<\/strong>&nbsp;das 8h \u00e0s 17h.<\/p>\n\n\n\n<p><strong>Local:<\/strong>&nbsp;Prefeitura de Indaiatuba &#8211; Av. Eng. F\u00e1bio Roberto Barnab\u00e9, 2800.<\/p>\n\n\n\n<p><strong>O que doar?<\/strong><\/p>\n\n\n\n<p>Produtos de higiene pessoal adulto e pedi\u00e1trico, itens de limpeza e fraldas de beb\u00ea.<\/p>\n","protected":false},"excerpt":{"rendered":"<p>Todos os itens ser\u00e3o repassados \u00e0s pessoas que foram atingidas pelas fortes chuvas no litoral norte A&nbsp; Prefeitura de Indaiatuba por meio do Fundo Social de Solidariedade realiza campanha para as pessoas v\u00edtimas do temporal que atingiu o litoral norte de S\u00e3o Paulo. As pessoas que quiserem contribuir poder\u00e3o doar no s\u00e1bado (25\/02) das 8h [&hellip;]<\/p>\n","protected":false},"author":8,"featured_media":11977,"comment_status":"closed","ping_status":"open","sticky":false,"template":"","format":"standard","meta":{"rop_custom_images_group":[],"rop_custom_messages_group":[],"rop_publish_now":"initial","rop_publish_now_accounts":[],"rop_publish_now_history":[],"rop_publish_now_status":"pending","footnotes":""},"categories":[188],"tags":[73],"class_list":["post-11976","post","type-post","status-publish","format-standard","has-post-thumbnail","hentry","category-indaiatuba","tag-featured"],"amp_enabled":true,"_links":{"self":[{"href":"https:\/\/imais.online\/portal\/wp-json\/wp\/v2\/posts\/11976","targetHints":{"allow":["GET"]}}],"collection":[{"href":"https:\/\/imais.online\/portal\/wp-json\/wp\/v2\/posts"}],"about":[{"href":"https:\/\/imais.online\/portal\/wp-json\/wp\/v2\/types\/post"}],"author":[{"embeddable":true,"href":"https:\/\/imais.online\/portal\/wp-json\/wp\/v2\/users\/8"}],"replies":[{"embeddable":true,"href":"https:\/\/imais.online\/portal\/wp-json\/wp\/v2\/comments?post=11976"}],"version-history":[{"count":1,"href":"https:\/\/imais.online\/portal\/wp-json\/wp\/v2\/posts\/11976\/revisions"}],"predecessor-version":[{"id":11978,"href":"https:\/\/imais.online\/portal\/wp-json\/wp\/v2\/posts\/11976\/revisions\/11978"}],"wp:featuredmedia":[{"embeddable":true,"href":"https:\/\/imais.online\/portal\/wp-json\/wp\/v2\/media\/11977"}],"wp:attachment":[{"href":"https:\/\/imais.online\/portal\/wp-json\/wp\/v2\/media?parent=11976"}],"wp:term":[{"taxonomy":"category","embeddable":true,"href":"https:\/\/imais.online\/portal\/wp-json\/wp\/v2\/categories?post=11976"},{"taxonomy":"post_tag","embeddable":true,"href":"https:\/\/imais.online\/portal\/wp-json\/wp\/v2\/tags?post=11976"}],"curies":[{"name":"wp","href":"https:\/\/api.w.org\/{rel}","templated":true}]}}