{"id":1213,"date":"2021-09-09T18:37:12","date_gmt":"2021-09-09T21:37:12","guid":{"rendered":"https:\/\/imais.online\/portal\/?p=1213"},"modified":"2021-09-09T18:37:15","modified_gmt":"2021-09-09T21:37:15","slug":"tiago-leifert-se-despede-da-globo-no-the-voice-brasil","status":"publish","type":"post","link":"https:\/\/imais.online\/portal\/tiago-leifert-se-despede-da-globo-no-the-voice-brasil\/","title":{"rendered":"Tiago Leifert se despede da Globo no \u2018The Voice Brasil\u2019"},"content":{"rendered":"<div class=\"imais-before-content-placement\" id=\"imais-4152728646\"><script async src=\"\/\/pagead2.googlesyndication.com\/pagead\/js\/adsbygoogle.js?client=ca-pub-8787528412751566\" crossorigin=\"anonymous\"><\/script><ins class=\"adsbygoogle\" style=\"display:block;\" data-ad-client=\"ca-pub-8787528412751566\" \ndata-ad-slot=\"\" \ndata-ad-format=\"auto\"><\/ins>\n<script> \n(adsbygoogle = window.adsbygoogle || []).push({}); \n<\/script>\n<\/div>\n<h2 class=\"wp-block-heading\">Apresentador estar\u00e1 na d\u00e9cima temporada do reality musical at\u00e9 o dia 23 de dezembro. Veja comunicado<\/h2>\n\n\n\n<p>Depois de 15 anos na Globo, o apresentador&nbsp;<a href=\"https:\/\/gshow.globo.com\/artistas\/tiago-leifert\/\">Tiago Leifert<\/a>&nbsp;preferiu n\u00e3o renovar seu contrato com a empresa. Ele apresentar\u00e1 a d\u00e9cima temporada do \u2018<a href=\"https:\/\/gshow.globo.com\/realities\/the-voice-brasil\/\">The Voice Brasil<\/a>\u2019 na TV Globo at\u00e9 o dia 23 de dezembro e os novos apresentadores de 2022 do \u2018<a href=\"https:\/\/gshow.globo.com\/realities\/bbb\/\">Big Brother Brasil<\/a>\u2019 e do \u2018<a href=\"https:\/\/gshow.globo.com\/realities\/the-voice-brasil\/\">The Voice Brasil<\/a>\u2019 ainda ser\u00e3o definidos.<\/p>\n\n\n\n<p>Em comunicado, Tiago amadureceu a vontade de parar e deixar as portas abertas para futuras parcerias.<\/p>\n\n\n\n<blockquote class=\"wp-block-quote is-layout-flow wp-block-quote-is-layout-flow\"><p>\u201cA ideia de parar surgiu no meio do ano passado e venho conversando com calma com a Globo desde ent\u00e3o, esperando o momento ideal. E \u00e9 agora! A sensa\u00e7\u00e3o \u00e9 a de sair da casa dos pais para encarar o mundo.<\/p><\/blockquote>\n\n\n\n<blockquote class=\"wp-block-quote is-layout-flow wp-block-quote-is-layout-flow\"><p>\u201cEu tenho um caso de amor com a Globo. E por isso saio com a absoluta certeza de que posso me dar esse tempo e de que vou continuar sendo bem-vindo aqui a qualquer momento. Meu muito obrigado a todos que estiveram comigo. E em especial ao p\u00fablico, que sempre me acolheu\u201d.<\/p><\/blockquote>\n\n\n\n<figure class=\"wp-block-image\"><img decoding=\"async\" src=\"https:\/\/s2.glbimg.com\/kZtvgGyelU-yH17b2dfhDcDaGCA=\/0x0:2100x2990\/984x0\/smart\/filters:strip_icc()\/i.s3.glbimg.com\/v1\/AUTH_e84042ef78cb4708aeebdf1c68c6cbd6\/internal_photos\/bs\/2021\/q\/f\/7id5LMSAuIVMRg32Btgg\/tiago-leifert-no-the-voice-brasil-8-victor-pollak.jpg\" alt=\"Tiago Leifert no 'The Voice Brasil 8' \u2014 Foto: Victor Pollak\/Globo\"\/><figcaption>Tiago Leifert no &#8216;The Voice Brasil 8&#8217; \u2014 Foto: Victor Pollak\/Globo<\/figcaption><\/figure>\n\n\n\n<h2 class=\"wp-block-heading\">Carreira<\/h2>\n\n\n\n<p>O come\u00e7o foi em 2004 como apresentador e editor na Rede Vanguarda, afiliada da Globo no interior de S\u00e3o Paulo. Depois, Tiago Leifert chegou ao SportTV, em 2006, como rep\u00f3rter e logo virou editor-chefe do \u2018Globo Esporte\u2019, apresentador e foi o respons\u00e1vel pela mudan\u00e7a no formato do jornal.<\/p>\n\n\n\n<p>Com um estilo \u00fanico, chamou aten\u00e7\u00e3o e foi convidado para al\u00e7ar novos voos como apresentador da vers\u00e3o brasileira do \u2018The Voice\u2019, em 2012.<\/p>\n\n\n\n<p>Em 2015, assumiu mais um novo projeto na emissora, desta vez, o matinal \u2018\u00c9 de Casa\u2019. Esteve \u00e0 frente, ainda, da \u2018Central da Copa\u2019, em 2010, 2014 e 2018, e participou do crescimento da franquia \u2018Voice\u2019, apresentando a primeira temporada da vers\u00e3o \u2018Kids\u2019.<\/p>\n\n\n\n<p>Em 2016, trouxe sua paix\u00e3o pelos games e pelo universo geek para a TV Globo, com o \u2018Zero 1\u2019. E, em 2017, assumiu um de seus maiores desafios: comandar o \u2018Big Brother Brasil\u2019.<\/p>\n\n\n\n<figure class=\"wp-block-image\"><img decoding=\"async\" src=\"https:\/\/s2.glbimg.com\/5r84bDs2MQFSiWZWv5qA5MDA_6U=\/0x0:885x681\/984x0\/smart\/filters:strip_icc()\/i.s3.glbimg.com\/v1\/AUTH_e84042ef78cb4708aeebdf1c68c6cbd6\/internal_photos\/bs\/2021\/z\/P\/9khgpHSy6eJyx5BBorqQ\/tiagoleifert-141990431-131792898783876-7801351125025253982-n.jpg\" alt=\"Tiago Leifert \u2014 Foto: Gshow\"\/><\/figure>\n\n\n\n<p>Tiago Leifert \u2014 Foto: Gshow<\/p>\n\n\n\n<h2 class=\"wp-block-heading\">BBB<\/h2>\n\n\n\n<p>Apresentando as \u00faltimas cinco edi\u00e7\u00f5es do BBB, Tiago deixou sua marca n\u00e3o apenas com seus bord\u00f5es como \u201cfogo no parquinho\u201d e \u201ctext\u00e3o n\u00e3o decide pared\u00e3o\u201d, mas tamb\u00e9m com edi\u00e7\u00f5es hist\u00f3ricas \u2013 uma delas garantiu o recorde mundial de vota\u00e7\u00e3o popular em um reality show.<\/p>\n\n\n\n<figure class=\"wp-block-image\"><img decoding=\"async\" src=\"https:\/\/s2.glbimg.com\/p_bWDR9B88T_Aj9pAFnPLeaCTP8=\/0x0:6123x4082\/984x0\/smart\/filters:strip_icc()\/i.s3.glbimg.com\/v1\/AUTH_e84042ef78cb4708aeebdf1c68c6cbd6\/internal_photos\/bs\/2021\/Q\/g\/qboVGsTReyfkAPH435sQ\/20210121-bbb21-jpc-025.jpg\" alt=\"Tiago Leifert \u2014 Foto: Globo\"\/><\/figure>\n\n\n\n<p>Tiago Leifert \u2014 Foto: Globo<\/p>\n\n\n\n<h2 class=\"wp-block-heading\">2021<\/h2>\n\n\n\n<p>Por diversas vezes substituiu colegas em seus programas e, mais recentemente, encarou a miss\u00e3o de comandar as tardes de domingo durante uma licen\u00e7a m\u00e9dica de Fausto Silva e, depois, no \u2018Super Dan\u00e7a dos Famosos\u2019. Mas ser\u00e1 \u00e0 frente daquele que foi seu primeiro projeto no entretenimento na emissora \u2013 o \u2018The Voice Brasil\u2019 \u2013 que Tiago Leifert ir\u00e1 se despedir da Globo, ap\u00f3s 15 anos de uma parceria feliz e bem-sucedida.<\/p>\n\n\n\n<figure class=\"wp-block-image\"><img decoding=\"async\" src=\"https:\/\/s2.glbimg.com\/UsKFPdsyTlk7wV20xs_m6Pcpu5I=\/0x0:1280x719\/984x0\/smart\/filters:strip_icc()\/i.s3.glbimg.com\/v1\/AUTH_e84042ef78cb4708aeebdf1c68c6cbd6\/internal_photos\/bs\/2021\/h\/D\/y993GzR4emnvy6mjND9g\/super-danca-tiago-leifert-globo.jpeg\" alt=\"Tiago Leifert brinca com Paolla Oliveira no 'Super Dan\u00e7a': 'Sou fofoqueiro' \u2014 Foto: Globo\"\/><\/figure>\n\n\n\n<p>Tiago Leifert brinca com Paolla Oliveira no &#8216;Super Dan\u00e7a&#8217;: &#8216;Sou fofoqueiro&#8217; \u2014 Foto: Globo<\/p>\n\n\n\n<h2 class=\"wp-block-heading\">Comunicado<\/h2>\n\n\n\n<p>O apresentador amadureceu a vontade, que j\u00e1 havia manifestado no ano passado, de parar e preferiu n\u00e3o renovar seu contrato com a empresa, mas deixa as portas abertas para futuras parcerias:<\/p>\n\n\n\n<p>\u201cEu cresci aqui, como pessoa e como profissional. Ali\u00e1s, faz 20 anos que sa\u00ed de casa para estudar nos EUA com a miss\u00e3o de um dia trabalhar na Globo. Eu consegui muito mais do que imaginava, e estou no momento perfeito, pessoal e profissionalmente, para encerrar esse cap\u00edtulo que durou duas d\u00e9cadas. Tudo deu certo, foi lindo demais. Saio maduro, sem pressa, feliz e pronto para o mundo que est\u00e1 \u00e0 minha frente.\u201d<\/p>\n\n\n\n<p>\u201cAqui dentro constru\u00ed uma hist\u00f3ria linda no esporte, onde pude criar novos estilos e narrativas, fazer parte de tr\u00eas Copas do Mundo e uma Olimp\u00edada. No entretenimento, pude estar presente na implementa\u00e7\u00e3o de quatro formatos e estar \u00e0 frente de 16 temporadas de realities, uma paix\u00e3o do Brasil e tamb\u00e9m minha. Mais lindo ainda foi comandar o \u2018Big Brother Brasil\u2019, um fen\u00f4meno apaixonante, do qual sempre fui f\u00e3, e que teve edi\u00e7\u00f5es recentes consideradas hist\u00f3ricas.\u201d<\/p>\n\n\n\n<p>Tiago Leifert apresentar\u00e1 a d\u00e9cima temporada do \u2018The Voice Brasil\u2019 na TV Globo at\u00e9 o dia 23 de dezembro. Os novos apresentadores de 2022 do \u2018Big Brother Brasil\u2019 e do \u2018The Voice Brasil\u2019 ainda ser\u00e3o definidos.<\/p>\n\n\n\n<p>Fonte: GShow<\/p>\n","protected":false},"excerpt":{"rendered":"<p>Apresentador estar\u00e1 na d\u00e9cima temporada do reality musical at\u00e9 o dia 23 de dezembro. Veja comunicado Depois de 15 anos na Globo, o apresentador&nbsp;Tiago Leifert&nbsp;preferiu n\u00e3o renovar seu contrato com a empresa. Ele apresentar\u00e1 a d\u00e9cima temporada do \u2018The Voice Brasil\u2019 na TV Globo at\u00e9 o dia 23 de dezembro e os novos apresentadores de [&hellip;]<\/p>\n","protected":false},"author":8,"featured_media":1215,"comment_status":"closed","ping_status":"open","sticky":false,"template":"","format":"standard","meta":{"rop_custom_images_group":[],"rop_custom_messages_group":[],"rop_publish_now":"initial","rop_publish_now_accounts":[],"rop_publish_now_history":[],"rop_publish_now_status":"pending","footnotes":""},"categories":[16],"tags":[],"class_list":["post-1213","post","type-post","status-publish","format-standard","has-post-thumbnail","hentry","category-entertainment"],"amp_enabled":true,"_links":{"self":[{"href":"https:\/\/imais.online\/portal\/wp-json\/wp\/v2\/posts\/1213","targetHints":{"allow":["GET"]}}],"collection":[{"href":"https:\/\/imais.online\/portal\/wp-json\/wp\/v2\/posts"}],"about":[{"href":"https:\/\/imais.online\/portal\/wp-json\/wp\/v2\/types\/post"}],"author":[{"embeddable":true,"href":"https:\/\/imais.online\/portal\/wp-json\/wp\/v2\/users\/8"}],"replies":[{"embeddable":true,"href":"https:\/\/imais.online\/portal\/wp-json\/wp\/v2\/comments?post=1213"}],"version-history":[{"count":1,"href":"https:\/\/imais.online\/portal\/wp-json\/wp\/v2\/posts\/1213\/revisions"}],"predecessor-version":[{"id":1216,"href":"https:\/\/imais.online\/portal\/wp-json\/wp\/v2\/posts\/1213\/revisions\/1216"}],"wp:featuredmedia":[{"embeddable":true,"href":"https:\/\/imais.online\/portal\/wp-json\/wp\/v2\/media\/1215"}],"wp:attachment":[{"href":"https:\/\/imais.online\/portal\/wp-json\/wp\/v2\/media?parent=1213"}],"wp:term":[{"taxonomy":"category","embeddable":true,"href":"https:\/\/imais.online\/portal\/wp-json\/wp\/v2\/categories?post=1213"},{"taxonomy":"post_tag","embeddable":true,"href":"https:\/\/imais.online\/portal\/wp-json\/wp\/v2\/tags?post=1213"}],"curies":[{"name":"wp","href":"https:\/\/api.w.org\/{rel}","templated":true}]}}