{"id":12132,"date":"2023-03-07T18:08:32","date_gmt":"2023-03-07T21:08:32","guid":{"rendered":"https:\/\/imais.online\/portal\/?p=12132"},"modified":"2023-03-07T18:20:00","modified_gmt":"2023-03-07T21:20:00","slug":"irani-completa-15-anos-em-indaiatuba-em-2023","status":"publish","type":"post","link":"https:\/\/imais.online\/portal\/irani-completa-15-anos-em-indaiatuba-em-2023\/","title":{"rendered":"Irani completa 15 anos em Indaiatuba em 2023"},"content":{"rendered":"<div class=\"imais-before-content-placement\" id=\"imais-2502493929\"><script async src=\"\/\/pagead2.googlesyndication.com\/pagead\/js\/adsbygoogle.js?client=ca-pub-8787528412751566\" crossorigin=\"anonymous\"><\/script><ins class=\"adsbygoogle\" style=\"display:block;\" data-ad-client=\"ca-pub-8787528412751566\" \ndata-ad-slot=\"\" \ndata-ad-format=\"auto\"><\/ins>\n<script> \n(adsbygoogle = window.adsbygoogle || []).push({}); \n<\/script>\n<\/div>\n<p class=\"has-text-align-center\"><em>\u00danica empresa de embalagens listada na Bolsa de Valores brasileira, a B3, companhia iniciou opera\u00e7\u00f5es no munic\u00edpio de S\u00e3o Paulo em 2008<\/em><\/p>\n\n\n\n<p>Uma das principais ind\u00fastrias de papel e embalagens sustent\u00e1veis do Brasil, a Irani completa 15 anos em Indaiatuba neste ano e tem na cidade paulista uma de suas principais f\u00e1bricas, empregando 411 colaboradores de um total de 2,3 mil em todas as suas unidades. Fundada em 1941, a Irani Papel e Embalagem \u00e9 hoje uma das l\u00edderes do setor de embalagens sustent\u00e1veis no Brasil, produzindo pap\u00e9is para embalagens, chapas e caixas de papel\u00e3o ondulado, al\u00e9m de resinas naturais de pinus, breu e terebintina. Al\u00e9m de Indaiatuba, a companhia conta com unidades produtivas localizadas em Vargem Bonita (SC), Santa Luzia (MG) e Balne\u00e1rio Pinhal (RS), atuando tamb\u00e9m com a gest\u00e3o de florestas em Santa Catarina e Rio Grande do Sul.<\/p>\n\n\n\n<p>Recentemente, a companhia divulgou ter aportado R$ 3,2 milh\u00f5es para a\u00e7\u00f5es sociais nas comunidades onde est\u00e1 inserida, contemplando tamb\u00e9m projetos em Indaiatuba. Por meio de recurso incentivado est\u00e1 em execu\u00e7\u00e3o na \u00e1rea cultural atividades da Cia. Experimental de Dan\u00e7a, que conta com tr\u00eas n\u00facleos atendendo crian\u00e7as de 7 a 15 anos (Cras Campo Bonito, Cras Oliveira Camargo e Escola de samba Sereno).&nbsp;Os recursos repassados em 2022 tamb\u00e9m \u00ad\u00adforam direcionados, em Indaiatuba, para o projeto Reciclagem Divertida, que far\u00e1 uma turn\u00ea entre S\u00e3o Paulo e Rio Grande do Sul, com apresenta\u00e7\u00f5es teatrais com foco em educa\u00e7\u00e3o ambiental e um olhar sens\u00edvel para o incentivo \u00e0 reciclagem, que no momento est\u00e1 em fase de pr\u00e9-produ\u00e7\u00e3o.<\/p>\n\n\n\n<p>Na \u00e1rea dos esportes, a companhia ampliou o investimento no&nbsp;<strong>Grupo de Ajuda dos Amigos Deficientes de Indaiatuba<\/strong>&nbsp;(GAADIN), incentivando a inclus\u00e3o social por meio do esporte como o basquete em cadeira de rodas e novas modalidades a partir deste ano como atletismo, nata\u00e7\u00e3o, paraciclismo e levantamento de peso. \u201cTodos os projetos precisam ter ader\u00eancia \u00e0&nbsp;<a href=\"https:\/\/irani.com.br\/nosso-jeito-de-trabalhar\/atitude-ampliada\/politica-de-sustentabilidade\/\">Pol\u00edtica de Sustentabilidade<\/a> da \u00adcompanhia&nbsp;e execu\u00e7\u00e3o priorit\u00e1ria nas comunidades no entorno das f\u00e1bricas. Entre os crit\u00e9rios, promover&nbsp;<strong>investimentos sociais e incentivo ao voluntariado<\/strong>&nbsp;com iniciativas nas \u00e1reas de educa\u00e7\u00e3o, esporte, cidadania, preserva\u00e7\u00e3o ambiental, cultura e gera\u00e7\u00e3o de renda nas comunidades de entorno. Os projetos tamb\u00e9m podem adotar o alinhamento com as pol\u00edticas de usar os recursos de forma sustent\u00e1vel,&nbsp;<strong>preservando o meio ambiente<\/strong>, reduzindo os impactos ambientais e promovendo a&nbsp;<strong>economia circular<\/strong>&nbsp;e de&nbsp;<strong>baixo carbono<\/strong>\u201d, explica Wagner de Carvalho<strong> <\/strong>Rufino,gerente industrial Embalagem.<\/p>\n\n\n\n<p>Al\u00e9m de a\u00e7\u00f5es diretas da companhia, os colaboradores da unidade tamb\u00e9m se organizam em grupos de volunt\u00e1rios para realizar diferentes iniciativas sociais.&nbsp; Em Indaiatuba e regi\u00e3o, entre outras a\u00e7\u00f5es, o grupo organizou, no ano passado, a arrecada\u00e7\u00e3o de mais de 80 cestas b\u00e1sicas para fam\u00edlias atingidas pelas chuvas em Monte Mor, promoveu a doa\u00e7\u00e3o de 48 pares de chinelos para crian\u00e7as e entregues \u00e0 Associa\u00e7\u00e3o Beneficente Abid, al\u00e9m de realizar o plantio de 80 mudas de \u00e1rvores e apoiar a realiza\u00e7\u00e3o do Jogo da Empatia, com portadores de necessidades especiais. Rotineiramente, o grupo tamb\u00e9m faz doa\u00e7\u00f5es de sangue ao Hemocentro Campinas.<\/p>\n\n\n\n<p>Outro diferencial da companhia, em temas ligados com ESG e na \u00e1rea de gest\u00e3o de pessoas, \u00e9 est\u00edmulo e a valoriza\u00e7\u00e3o da diversidade e da presen\u00e7a de mulheres na ind\u00fastria, entre outros projetos. \u201cCom foco na equidade de g\u00eanero em 2022, por exemplo, uma iniciativa piloto na unidade de Indaiatuba, com o programa + Delas na Opera\u00e7\u00e3o que visa oportunizar a profissionaliza\u00e7\u00e3o de mulheres na \u00e1rea industrial\u201d, conta Wagner Rufino<strong>.<\/strong><\/p>\n\n\n\n<p>Outra a\u00e7\u00e3o para ampliar a diversidade, e dar oportunidades a quem enfrenta discrimina\u00e7\u00e3o ou preconceitos, \u00e9 <a href=\"https:\/\/career19.sapsf.com\/sfcareer\/jobreqcareer?jobId=2839&amp;company=celuloseir&amp;fbclid=IwAR1WDbwNAq2ZgK3ZiZcTTwDfVTHutffLqtC0y4ejB5vTHFSEyNDwmpiFV8A\">Banco de Talentos espec\u00edfico para profissionais LGBTQIA+.<\/a> A empresa \u00e9 signat\u00e1ria do F\u00f3rum de Empresas e Direitos LGBTQIA+ e tem a valoriza\u00e7\u00e3o do grupo e o aumento da presen\u00e7a entre os colaboradores como compromissos ESG estabelecidos como prioridade at\u00e9 2030.<\/p>\n\n\n\n<p>Conversamos com Gl\u00e1ucia de Brito Machado, coordenadora da Qualidade e Meio Ambiente da unidade de Indaiatuba, sobre as caracter\u00edsiticas da unidade em Indaiatuba e sua rela\u00e7\u00e3o com a natureza local. Acompanhe:<\/p>\n\n\n\n<p><\/p>\n\n\n<div class=\"wp-block-image\">\n<figure class=\"aligncenter size-large is-resized\"><img loading=\"lazy\" decoding=\"async\" src=\"https:\/\/imais.online\/portal\/wp-content\/uploads\/2023\/03\/Glaucia-de-Brito-Machado-coordenadora-da-Qualidade-e-Meio-Ambiente-da-unidade-de-Indaiatuba31948-780x1024.jpg\" alt=\"\" class=\"wp-image-12133\" width=\"313\" height=\"411\" srcset=\"https:\/\/imais.online\/portal\/wp-content\/uploads\/2023\/03\/Glaucia-de-Brito-Machado-coordenadora-da-Qualidade-e-Meio-Ambiente-da-unidade-de-Indaiatuba31948-780x1024.jpg 780w, https:\/\/imais.online\/portal\/wp-content\/uploads\/2023\/03\/Glaucia-de-Brito-Machado-coordenadora-da-Qualidade-e-Meio-Ambiente-da-unidade-de-Indaiatuba31948-228x300.jpg 228w, https:\/\/imais.online\/portal\/wp-content\/uploads\/2023\/03\/Glaucia-de-Brito-Machado-coordenadora-da-Qualidade-e-Meio-Ambiente-da-unidade-de-Indaiatuba31948-768x1008.jpg 768w, https:\/\/imais.online\/portal\/wp-content\/uploads\/2023\/03\/Glaucia-de-Brito-Machado-coordenadora-da-Qualidade-e-Meio-Ambiente-da-unidade-de-Indaiatuba31948.jpg 1000w\" sizes=\"auto, (max-width: 313px) 100vw, 313px\" \/><figcaption>Gl\u00e1ucia de Brito Machado, coordenadora da Qualidade e Meio Ambiente da unidade de Indaiatuba<\/figcaption><\/figure>\n<\/div>\n\n\n<p><strong>Imais &#8211; Como a Irani atua em sua unidade de Indaiatuba quest\u00f5es de sustentabilidade ambiental?<\/strong><\/p>\n\n\n\n<p><strong>Gl\u00e1ucia<\/strong> &#8211; Na Unidade Embalagem Indaiatuba realizamos treinamentos e reciclagens com os colaboradores da unidade de v\u00e1rios assuntos, dentro eles a import\u00e2ncia do Sistema de Gest\u00e3o da Qualidade e Meio Ambiente, certifica\u00e7\u00f5es ambientais, objetivos e metas de qualidade e meio ambiente, aspectos e impactos ambientais, destina\u00e7\u00e3o de res\u00edduos, manuseio e armazenamento de produtos qu\u00edmicos e boas pr\u00e1ticas de fabrica\u00e7\u00e3o, por exemplo.<\/p>\n\n\n\n<p>Anualmente, realizamos capacita\u00e7\u00f5es com os colaboradores nestes temas, para reciclagem e atualiza\u00e7\u00e3o de conhecimentos. Al\u00e9m de os colaboradores receberem treinamentos internos, a Irani realiza uma s\u00e9rie de campanhas de engajamento com foco em datas comemorativas, como Dia da \u00c1gua, Dia do Meio Ambiente, Dia do Rio, Dia da \u00c1rvore que s\u00e3o oportunidades de refor\u00e7armos toda nossa pol\u00edtica de sustentabilidade e falarmos mais sobre os temas.<\/p>\n\n\n\n<p>Al\u00e9m disso, todos os nossos produtos s\u00e3o certificados FSC, o que garante que a mat\u00e9ria-prima usada \u00e9 proveniente de uma \u00e1rea manejada de forma ecologicamente correta, com condi\u00e7\u00f5es justas de trabalho e de maneira economicamente vi\u00e1vel. Tamb\u00e9m somos certificados na ISO 9001, ISO 14001, que legitima nosso Sistema de Gest\u00e3o Ambiental, e, em conjunto com as demais unidades da Irani, na ISO 14064, que demonstra que somos \u201ccarbono positivo\u201d, ou seja, registramos absor\u00e7\u00e3o superior \u00e0 emiss\u00e3o de gases de efeito estufa proveniente dos nossos processos. Somos a primeira empresa do Brasil a certificar um invent\u00e1rio de gases de efeito estufa de acordo com a ISO 14064:2006.<\/p>\n\n\n\n<p><strong>Imais &#8211; No entorno da unidade h\u00e1 uma grande \u00e1rea verde. Qual o hist\u00f3rico desse espa\u00e7o?<\/strong><\/p>\n\n\n\n<p><strong>Gl\u00e1ucia<\/strong> &#8211; \u00c9 uma \u00c1rea de Preserva\u00e7\u00e3o Permanente (APP) com 1,20 hectare hectares, na qual a companhia realizou toda a recupera\u00e7\u00e3o a partir de 2008, quando a Irani se instalou em Indaiatuba. Com essa recupera\u00e7\u00e3o, desde dessa ent\u00e3o, muitos animais que n\u00e3o eram vistos come\u00e7aram a aparecer novamente no munic\u00edpio na mata preservada, como ouri\u00e7o cacheiro, capivaras, lebre, corujas, gamb\u00e1s, colhereiro, entre outros, e v\u00e1rias esp\u00e9cies de aves, al\u00e9m da flora, bastante diversificada ap\u00f3s a recupera\u00e7\u00e3o com esp\u00e9cies nativas.<\/p>\n\n\n<div class=\"wp-block-image\">\n<figure class=\"alignleft size-full is-resized\"><img loading=\"lazy\" decoding=\"async\" src=\"https:\/\/imais.online\/portal\/wp-content\/uploads\/2023\/03\/Animais-APP-431941.jpg\" alt=\"\" class=\"wp-image-12136\" width=\"433\" height=\"316\" srcset=\"https:\/\/imais.online\/portal\/wp-content\/uploads\/2023\/03\/Animais-APP-431941.jpg 1000w, https:\/\/imais.online\/portal\/wp-content\/uploads\/2023\/03\/Animais-APP-431941-300x219.jpg 300w, https:\/\/imais.online\/portal\/wp-content\/uploads\/2023\/03\/Animais-APP-431941-768x561.jpg 768w\" sizes=\"auto, (max-width: 433px) 100vw, 433px\" \/><\/figure>\n<\/div>\n\n\n<p><strong>Imais &#8211; E com a comunidade, como a Irani se relaciona em temas ambientais? Podes nos dar alguns exemplos?<\/strong><\/p>\n\n\n\n<p><strong>Gl\u00e1ucia<\/strong> &#8211; Entre outras a\u00e7\u00f5es, fizemos h\u00e1 algum tempo, por exemplo, a doa\u00e7\u00e3o de cartilhas para a Escola Municipal Ambiental Bosque do Saber, pertence \u00e0 Secretaria Municipal de Educa\u00e7\u00e3o. Foram aproximadamente mais de 300 cartilhas doadas, para falar de temas ambientais com os estudantes e estamos finalizando agora nosso calend\u00e1rio de a\u00e7\u00f5es para este ano na cidade.<\/p>\n\n\n\n<p>Em 2022, fizemos a doa\u00e7\u00e3o de duas Unidades de Tratamento Animal (UTAs) \u00e0 Associa\u00e7\u00e3o Mata Ciliar em Jundia\u00ed, para que realizem a reabilita\u00e7\u00e3o dos filhotes resgatados de in\u00fameras esp\u00e9cies. A associa\u00e7\u00e3o realiza um trabalho de recupera\u00e7\u00e3o de \u00e1reas degradadas, reestrutura\u00e7\u00e3o florestal e reabilita\u00e7\u00e3o de animais silvestres que s\u00e3o resgatados de tr\u00e1fico, queimadas, atropelamentos, entre outros. A parceria possibilita que animais feridos encontrados na Unidade Embalagem SP &#8211; Indaiatuba sejam recolhidos e recebidos pela Mata Ciliar.<\/p>\n\n\n\n<figure class=\"wp-block-image size-large\"><img loading=\"lazy\" decoding=\"async\" width=\"1024\" height=\"683\" src=\"https:\/\/imais.online\/portal\/wp-content\/uploads\/2023\/03\/118-Irani.Indaiatuba.jul1931943-1024x683.jpg\" alt=\"\" class=\"wp-image-12137\" srcset=\"https:\/\/imais.online\/portal\/wp-content\/uploads\/2023\/03\/118-Irani.Indaiatuba.jul1931943-1024x683.jpg 1024w, https:\/\/imais.online\/portal\/wp-content\/uploads\/2023\/03\/118-Irani.Indaiatuba.jul1931943-300x200.jpg 300w, https:\/\/imais.online\/portal\/wp-content\/uploads\/2023\/03\/118-Irani.Indaiatuba.jul1931943-768x512.jpg 768w, https:\/\/imais.online\/portal\/wp-content\/uploads\/2023\/03\/118-Irani.Indaiatuba.jul1931943-1536x1024.jpg 1536w, https:\/\/imais.online\/portal\/wp-content\/uploads\/2023\/03\/118-Irani.Indaiatuba.jul1931943.jpg 1731w\" sizes=\"auto, (max-width: 1024px) 100vw, 1024px\" \/><\/figure>\n\n\n\n<p class=\"has-text-align-center\"><\/p>\n","protected":false},"excerpt":{"rendered":"<p>\u00danica empresa de embalagens listada na Bolsa de Valores brasileira, a B3, companhia iniciou opera\u00e7\u00f5es no munic\u00edpio de S\u00e3o Paulo em 2008 Uma das principais ind\u00fastrias de papel e embalagens sustent\u00e1veis do Brasil, a Irani completa 15 anos em Indaiatuba neste ano e tem na cidade paulista uma de suas principais f\u00e1bricas, empregando 411 colaboradores [&hellip;]<\/p>\n","protected":false},"author":6,"featured_media":12134,"comment_status":"closed","ping_status":"open","sticky":false,"template":"","format":"standard","meta":{"rop_custom_images_group":[],"rop_custom_messages_group":[],"rop_publish_now":"initial","rop_publish_now_accounts":[],"rop_publish_now_history":[],"rop_publish_now_status":"pending","footnotes":""},"categories":[245],"tags":[73],"class_list":["post-12132","post","type-post","status-publish","format-standard","has-post-thumbnail","hentry","category-reportagem-especial","tag-featured"],"amp_enabled":true,"_links":{"self":[{"href":"https:\/\/imais.online\/portal\/wp-json\/wp\/v2\/posts\/12132","targetHints":{"allow":["GET"]}}],"collection":[{"href":"https:\/\/imais.online\/portal\/wp-json\/wp\/v2\/posts"}],"about":[{"href":"https:\/\/imais.online\/portal\/wp-json\/wp\/v2\/types\/post"}],"author":[{"embeddable":true,"href":"https:\/\/imais.online\/portal\/wp-json\/wp\/v2\/users\/6"}],"replies":[{"embeddable":true,"href":"https:\/\/imais.online\/portal\/wp-json\/wp\/v2\/comments?post=12132"}],"version-history":[{"count":3,"href":"https:\/\/imais.online\/portal\/wp-json\/wp\/v2\/posts\/12132\/revisions"}],"predecessor-version":[{"id":12142,"href":"https:\/\/imais.online\/portal\/wp-json\/wp\/v2\/posts\/12132\/revisions\/12142"}],"wp:featuredmedia":[{"embeddable":true,"href":"https:\/\/imais.online\/portal\/wp-json\/wp\/v2\/media\/12134"}],"wp:attachment":[{"href":"https:\/\/imais.online\/portal\/wp-json\/wp\/v2\/media?parent=12132"}],"wp:term":[{"taxonomy":"category","embeddable":true,"href":"https:\/\/imais.online\/portal\/wp-json\/wp\/v2\/categories?post=12132"},{"taxonomy":"post_tag","embeddable":true,"href":"https:\/\/imais.online\/portal\/wp-json\/wp\/v2\/tags?post=12132"}],"curies":[{"name":"wp","href":"https:\/\/api.w.org\/{rel}","templated":true}]}}