{"id":12166,"date":"2023-03-09T11:34:15","date_gmt":"2023-03-09T14:34:15","guid":{"rendered":"https:\/\/imais.online\/portal\/?p=12166"},"modified":"2023-03-09T11:34:18","modified_gmt":"2023-03-09T14:34:18","slug":"projeto-aprovado-pelo-proac-leva-contacao-de-historias-e-oficinas-itinerantes-para-diversos-pontos","status":"publish","type":"post","link":"https:\/\/imais.online\/portal\/projeto-aprovado-pelo-proac-leva-contacao-de-historias-e-oficinas-itinerantes-para-diversos-pontos\/","title":{"rendered":"Projeto aprovado pelo ProAC leva conta\u00e7\u00e3o de hist\u00f3rias e oficinas itinerantes para diversos pontos"},"content":{"rendered":"<div class=\"imais-before-content-placement\" id=\"imais-858838743\"><script async src=\"\/\/pagead2.googlesyndication.com\/pagead\/js\/adsbygoogle.js?client=ca-pub-8787528412751566\" crossorigin=\"anonymous\"><\/script><ins class=\"adsbygoogle\" style=\"display:block;\" data-ad-client=\"ca-pub-8787528412751566\" \ndata-ad-slot=\"\" \ndata-ad-format=\"auto\"><\/ins>\n<script> \n(adsbygoogle = window.adsbygoogle || []).push({}); \n<\/script>\n<\/div>\n<p><em><small>Dan, o que Conta o Arco-\u00cdris quer mostrar o conhecimento ligado \u00e0s religi\u00f5es de matriz africana<\/small><\/em><\/p>\n\n\n\n<p>A produ\u00e7\u00e3o&nbsp;<em>Dan, o que Conta o Arco-\u00cdris<\/em>, tem in\u00edcio neste final de semana e re\u00fane diversas atra\u00e7\u00f5es gratuitas. Desenvolvida em parceria com a casa de candombl\u00e9 Il\u00ea Ax\u00e9 Odara, de Indaiatuba, contar\u00e1 com encontros presenciais e itinerantes, voltados ao p\u00fablico infantil e infanto-juvenil, com conta\u00e7\u00e3o de hist\u00f3rias (\u00cct\u00e3ns) do orix\u00e1 Oxumar\u00e9 e diversas de canto, dan\u00e7a e plantio de mudas, que seguem at\u00e9 o dia 1\u00ba de abril.<\/p>\n\n\n\n<p>O projeto ser\u00e1 realizado por meio do ProAC \u2013 Programa de A\u00e7\u00e3o Cultural da Secretaria de Estado e Economia Criativa de S\u00e3o Paulo, com apoio da Prefeitura de Indaiatuba, por meio da Secretaria Municipal de Cultura. A produ\u00e7\u00e3o \u00e9 da Do Corpo ao Conto e Bendita Maria.<\/p>\n\n\n\n<p>A iniciativa de levar&nbsp;<em>Dan, o que Conta o Arco-\u00cdris<\/em>&nbsp;a v\u00e1rios pontos da cidade \u00e9 de Marina Costa, contadora de hist\u00f3rias e arte-educadora. Segundo ela, o principal objetivo da produ\u00e7\u00e3o \u00e9 fortalecer a transmiss\u00e3o de saberes ligados \u00e0s religi\u00f5es de matriz africana em Indaiatuba, divulgando a mitologia yorub\u00e1 atrav\u00e9s de um conto do orix\u00e1 Oxumar\u00e9 entre adultos e, principalmente, entre crian\u00e7as.<\/p>\n\n\n\n<p>\u201cA ideia \u00e9 ampliar o contato da popula\u00e7\u00e3o com saberes das religi\u00f5es de matriz africana, reconhecer e valorizar a figura do Babalorix\u00e1 como detentor de saberes, valorizando seu of\u00edcio, inclusive como fonte das informa\u00e7\u00f5es que comp\u00f5em essa conta\u00e7\u00e3o de hist\u00f3rias\u201d, explica.<\/p>\n\n\n\n<p>Al\u00e9m da conta\u00e7\u00e3o de hist\u00f3rias, os encontros tamb\u00e9m contam com Oficinas de Kokedama, t\u00e9cnica japonesa de arranjos suspensos. Ser\u00e3o disponibilizadas 20 vagas para cada oficina, confirmadas no dia de sua realiza\u00e7\u00e3o, com a organiza\u00e7\u00e3o do evento.<\/p>\n\n\n\n<p>A produ\u00e7\u00e3o conta com trilhas sonoras e musicais exclusivas compostas pelo percussionista Fagner Oliveira e participa\u00e7\u00e3o do m\u00fasico F\u00e1bio Nascimento. As apresenta\u00e7\u00f5es ser\u00e3o realizadas na Pra\u00e7a Rui Barbosa, Centro de Esportes e Artes Unificados (CEU) do Jardim S\u00e3o Conrado, Casa da Mem\u00f3ria \u2018Jos\u00e9 Luiz Sigrist\u2019 e Associa\u00e7\u00e3o Cultural Il\u00ea Ax\u00e9 Odara.<\/p>\n\n\n\n<p><strong>Oficina de Atabaque<\/strong><\/p>\n\n\n\n<p><em>Dan, o que Conta o Arco-\u00cdris&nbsp;<\/em>tamb\u00e9m contar\u00e1 com o projeto&nbsp;<em>Na Batida do Ator\u00ed<\/em>, idealizado e ministrado pelo&nbsp;El\u00e9m\u00f2s\u00f3&nbsp;Alexandre Buda. O projeto de percuss\u00e3o nasce do sonho de Buda em perpetuar o conhecimento adquirido ao longo de mais de 20 anos de viv\u00eancia dentro dos terreiros de candombl\u00e9. Com mais de sete anos de exist\u00eancia, consiste em aulas de atabaque na Na\u00e7\u00e3o Ketu baiana.<\/p>\n\n\n\n<p><strong>Dan, o que Conta o Arco-\u00cdris<\/strong><\/p>\n\n\n\n<p><strong>11 de mar\u00e7o, \u00e0s 9 horas<br><\/strong><em>Conta\u00e7\u00e3o de Hist\u00f3ria + Oficina de Kokedama*<br><\/em>Local:&nbsp; Museu Ferrovi\u00e1rio de Indaiatuba<br>Endere\u00e7o: Pra\u00e7a Newton Prado, s\/n\u00ba, no Jardim Pompeia<\/p>\n\n\n\n<p><strong>12 de mar\u00e7o, \u00e0s 15 horas<br><\/strong><em>Conta\u00e7\u00e3o de Hist\u00f3ria + Oficina de Kokedama*<br><\/em>Local: CEU \u2013 Centro de Esportes e Artes Unificados<br>Endere\u00e7o: Rua Jordalino Pietrobom, 1300, Jardim S\u00e3o Conrado<\/p>\n\n\n\n<p><strong>18 de mar\u00e7o, \u00e0s 10 horas<br><\/strong><em>Conta\u00e7\u00e3o de Hist\u00f3rias<\/em><strong><br><\/strong>Local: Casa da Mem\u00f3ria \u2018Jos\u00e9 Luiz Sigrist\u2019<br>Endere\u00e7o: Rua das Primaveras, 450, Vila Bergamo<\/p>\n\n\n\n<p><strong>18 de mar\u00e7o, \u00e0s 14 horas<br><\/strong>Oficina de Toques de Atabaque:&nbsp;<em>Na Batida do Ator\u00ed<\/em>, com Alexandre Buda<br>Vagas: 20<br>Inscri\u00e7\u00f5es:&nbsp;<a href=\"https:\/\/forms.gle\/RC5fAGUD3DvYCGBa7\" target=\"_blank\" rel=\"noreferrer noopener\"><strong>clique AQUI<\/strong><\/a><br>Local: Associa\u00e7\u00e3o Cultural Ile Ax\u00e9 Odara<br>Endere\u00e7o: Rua Serrano, 293, Recanto Campestre Viracopos<\/p>\n\n\n\n<p><strong>1\u00ba de abril, \u00e0s 14 horas<br><\/strong><em>Conta\u00e7\u00e3o de Hist\u00f3ria + Oficina de Kokedama*<br><\/em>Local: Associa\u00e7\u00e3o Cultural Ile Ax\u00e9 Odara<br>Endere\u00e7o: Rua Serrano, 293, Recanto Campestre Viracopos<\/p>\n\n\n\n<p>*As oficinas de Kokedama oferecem 20 vagas, com a retirada de senhas no local<\/p>\n","protected":false},"excerpt":{"rendered":"<p>Dan, o que Conta o Arco-\u00cdris quer mostrar o conhecimento ligado \u00e0s religi\u00f5es de matriz africana A produ\u00e7\u00e3o&nbsp;Dan, o que Conta o Arco-\u00cdris, tem in\u00edcio neste final de semana e re\u00fane diversas atra\u00e7\u00f5es gratuitas. Desenvolvida em parceria com a casa de candombl\u00e9 Il\u00ea Ax\u00e9 Odara, de Indaiatuba, contar\u00e1 com encontros presenciais e itinerantes, voltados ao [&hellip;]<\/p>\n","protected":false},"author":8,"featured_media":12167,"comment_status":"closed","ping_status":"open","sticky":false,"template":"","format":"standard","meta":{"rop_custom_images_group":[],"rop_custom_messages_group":[],"rop_publish_now":"initial","rop_publish_now_accounts":[],"rop_publish_now_history":[],"rop_publish_now_status":"pending","footnotes":""},"categories":[188],"tags":[],"class_list":["post-12166","post","type-post","status-publish","format-standard","has-post-thumbnail","hentry","category-indaiatuba"],"amp_enabled":true,"_links":{"self":[{"href":"https:\/\/imais.online\/portal\/wp-json\/wp\/v2\/posts\/12166","targetHints":{"allow":["GET"]}}],"collection":[{"href":"https:\/\/imais.online\/portal\/wp-json\/wp\/v2\/posts"}],"about":[{"href":"https:\/\/imais.online\/portal\/wp-json\/wp\/v2\/types\/post"}],"author":[{"embeddable":true,"href":"https:\/\/imais.online\/portal\/wp-json\/wp\/v2\/users\/8"}],"replies":[{"embeddable":true,"href":"https:\/\/imais.online\/portal\/wp-json\/wp\/v2\/comments?post=12166"}],"version-history":[{"count":1,"href":"https:\/\/imais.online\/portal\/wp-json\/wp\/v2\/posts\/12166\/revisions"}],"predecessor-version":[{"id":12168,"href":"https:\/\/imais.online\/portal\/wp-json\/wp\/v2\/posts\/12166\/revisions\/12168"}],"wp:featuredmedia":[{"embeddable":true,"href":"https:\/\/imais.online\/portal\/wp-json\/wp\/v2\/media\/12167"}],"wp:attachment":[{"href":"https:\/\/imais.online\/portal\/wp-json\/wp\/v2\/media?parent=12166"}],"wp:term":[{"taxonomy":"category","embeddable":true,"href":"https:\/\/imais.online\/portal\/wp-json\/wp\/v2\/categories?post=12166"},{"taxonomy":"post_tag","embeddable":true,"href":"https:\/\/imais.online\/portal\/wp-json\/wp\/v2\/tags?post=12166"}],"curies":[{"name":"wp","href":"https:\/\/api.w.org\/{rel}","templated":true}]}}