{"id":12169,"date":"2023-03-09T11:39:33","date_gmt":"2023-03-09T14:39:33","guid":{"rendered":"https:\/\/imais.online\/portal\/?p=12169"},"modified":"2023-03-09T11:39:37","modified_gmt":"2023-03-09T14:39:37","slug":"atletas-de-todo-pais-disputam-o-campeonato-brasileiro-de-ciclismo-de-pista-em-indaiatuba","status":"publish","type":"post","link":"https:\/\/imais.online\/portal\/atletas-de-todo-pais-disputam-o-campeonato-brasileiro-de-ciclismo-de-pista-em-indaiatuba\/","title":{"rendered":"Atletas de todo pa\u00eds disputam o Campeonato Brasileiro de Ciclismo de Pista em Indaiatuba"},"content":{"rendered":"<div class=\"imais-before-content-placement\" id=\"imais-926614954\"><script async src=\"\/\/pagead2.googlesyndication.com\/pagead\/js\/adsbygoogle.js?client=ca-pub-8787528412751566\" crossorigin=\"anonymous\"><\/script><ins class=\"adsbygoogle\" style=\"display:block;\" data-ad-client=\"ca-pub-8787528412751566\" \ndata-ad-slot=\"\" \ndata-ad-format=\"auto\"><\/ins>\n<script> \n(adsbygoogle = window.adsbygoogle || []).push({}); \n<\/script>\n<\/div>\n<p><em><small>Equipe local busca o pentacampeonato em Persegui\u00e7\u00e3o por Equipes nesta quinta, dia 9<\/small><\/em><\/p>\n\n\n\n<p>Com 159 atletas confirmados na disputa, o Campeonato Brasileiro de Ciclismo de Pista 2023 tem in\u00edcio amanh\u00e3, dia 9, no Vel\u00f3dromo Municipal \u2018Joaraci Mariano de Barros\u2019. As provas seguem at\u00e9 domingo, dia 12, em diversas modalidades. A equipe de Indaiatuba marca presen\u00e7a com 15 atletas. As arquibancadas do Vel\u00f3dromo estar\u00e3o abertas ao p\u00fablico e a entrada \u00e9 franca.&nbsp;<\/p>\n\n\n\n<p>No total, a competi\u00e7\u00e3o receber\u00e1 103 atletas ol\u00edmpicos e 56 paral\u00edmpicos, que disputam nove provas ol\u00edmpicas e quatro paral\u00edmpicas, valendo pontos para o ranking nacional da Confedera\u00e7\u00e3o Brasileira de Ciclismo (CBC) e ranking internacional da Uni\u00e3o Cicl\u00edstica Internacional (UCI).<\/p>\n\n\n\n<p>Oswaldo Luiz Berteli J\u00fanior, o Juninho, coordenador da equipe de ciclismo de Indaiatuba, fala sobre a expectativa para a competi\u00e7\u00e3o. \u201cEstamos em busca do pentacampeonato em Persegui\u00e7\u00e3o por Equipes, ainda mais correndo em casa. \u00c9 dif\u00edcil, pois temos muitas equipes qualificadas, mas estamos bem preparados\u201d, ressalta.<\/p>\n\n\n\n<p>O coordenador convida toda a popula\u00e7\u00e3o. \u201cO Ciclismo de Pista \u00e9 um esporte ol\u00edmpico e nossa equipe \u00e9 uma das melhores do pais na modalidade\u201d, aponta. \u201cToda a popula\u00e7\u00e3o est\u00e1 convidada para acompanhar de perto os melhores ciclistas do pa\u00eds, que estar\u00e3o em Indaiatuba neste final de semana\u201d.<\/p>\n\n\n\n<p><strong>Destaques<\/strong><\/p>\n\n\n\n<p>Para Fernando Femino, Gestor do Alto Rendimento na CBC, o Brasileiro \u00e9 uma grande oportunidade para os atletas se destacarem. &#8220;O calend\u00e1rio do ciclismo de pista vem crescendo a cada ano e isso vem promovendo o desenvolvimento da modalidade, al\u00e9m de contribuir com o surgimento de novos talentos. Em Indaiatuba, estaremos acompanhando e avaliando todas as categorias, j\u00e1 pensando nas pr\u00f3ximas convoca\u00e7\u00f5es e objetivos da Confedera\u00e7\u00e3o&#8221;, destaca Fermino.<\/p>\n\n\n\n<p>Al\u00e9m da equipe de Indaiatuba na Persegui\u00e7\u00e3o por Equipes, destaque para Alice Melo e Wellyda Rodrigues, atualmente entre as cinco melhores do continente na prova Madison, e o velocista Jo\u00e3o Vitor, Top 15 entre os atletas das Am\u00e9ricas.<\/p>\n\n\n\n<p>Nesta quinta, dia 9, as equipes ainda poder\u00e3o treinar na parte da manh\u00e3 e as provas come\u00e7am no per\u00edodo da tarde, \u00e0s 13h30, nas categorias Velocidade por Equipes, Persegui\u00e7\u00e3o por Equipes, 500 metros e Quil\u00f4metro da Elite.<\/p>\n\n\n\n<p>Nos dias 10, 11 e 12, as provas acontecem das 8h \u00e0s 18h. Na sexta, dia 10, \u00e9 a vez das modalidades 200 metros da Elite, e Tandem e Velocidade Individual no Paraciclismo. No per\u00edodo da tarde, \u00e9 a vez da Velocidade Individual, 500 metros, Quil\u00f4metro, Elimina\u00e7\u00e3o, Madison e Scratch.<\/p>\n\n\n\n<p>A manh\u00e3 de s\u00e1bado, dia 11, \u00e9 voltado ao paraciclismo, com provas de Persegui\u00e7\u00e3o Individual nos 3.000 e 4.000 metros. A Elite volta no per\u00edodo da tarde, com provas na Omnium, Velocidade Individual e Madison.<\/p>\n\n\n\n<p>No domingo, dia 12, os atletas paraol\u00edmpicos se enfrentam nas modalidades Sprint e Scratch no per\u00edodo da manh\u00e3. \u00c0 tarde, a Elite volta com Omnium, Keirin, Scratch e Elimina\u00e7\u00e3o. As premia\u00e7\u00f5es acontecem sempre ao final das provas.<\/p>\n\n\n\n<p>No s\u00e1bado e domingo, as provas ser\u00e3o transmitidas ao vivo pelo Canal Ol\u00edmpico do Comit\u00ea Ol\u00edmpico Brasileiro. Para saber mais, acesse www.canalolimpicodobrasil.com.br.<\/p>\n\n\n\n<p><strong>EQUIPE DE INDAIATUBA<\/strong><\/p>\n\n\n\n<p><strong>Elite Masculino<br><\/strong>Armando Reis Camargo Filho<br>Endrigo Pereira<br>Pedro Freitas<br>Luan Rodrigues<br>Maur\u00edcio Knapp<br>Fernando Sikora<br>Gustavo Oliveira Silva<br>Geovane Vinicius Ferreira<\/p>\n\n\n\n<p><strong>Elite Feminino<br><\/strong>Lut\u00e9cia Azevedo Masotti<br>Carolina Barbosa<br>Tatiele Valadares<br>Marcella Mahfuz Toldi<\/p>\n\n\n\n<p><strong>Atletas Paral\u00edmpicos<br><\/strong>Carlos Alberto<br>Soelito Gohr<br>Carolina Barasnevicius<\/p>\n","protected":false},"excerpt":{"rendered":"<p>Equipe local busca o pentacampeonato em Persegui\u00e7\u00e3o por Equipes nesta quinta, dia 9 Com 159 atletas confirmados na disputa, o Campeonato Brasileiro de Ciclismo de Pista 2023 tem in\u00edcio amanh\u00e3, dia 9, no Vel\u00f3dromo Municipal \u2018Joaraci Mariano de Barros\u2019. As provas seguem at\u00e9 domingo, dia 12, em diversas modalidades. A equipe de Indaiatuba marca presen\u00e7a [&hellip;]<\/p>\n","protected":false},"author":8,"featured_media":12170,"comment_status":"closed","ping_status":"open","sticky":false,"template":"","format":"standard","meta":{"rop_custom_images_group":[],"rop_custom_messages_group":[],"rop_publish_now":"initial","rop_publish_now_accounts":[],"rop_publish_now_history":[],"rop_publish_now_status":"pending","footnotes":""},"categories":[188],"tags":[73],"class_list":["post-12169","post","type-post","status-publish","format-standard","has-post-thumbnail","hentry","category-indaiatuba","tag-featured"],"amp_enabled":true,"_links":{"self":[{"href":"https:\/\/imais.online\/portal\/wp-json\/wp\/v2\/posts\/12169","targetHints":{"allow":["GET"]}}],"collection":[{"href":"https:\/\/imais.online\/portal\/wp-json\/wp\/v2\/posts"}],"about":[{"href":"https:\/\/imais.online\/portal\/wp-json\/wp\/v2\/types\/post"}],"author":[{"embeddable":true,"href":"https:\/\/imais.online\/portal\/wp-json\/wp\/v2\/users\/8"}],"replies":[{"embeddable":true,"href":"https:\/\/imais.online\/portal\/wp-json\/wp\/v2\/comments?post=12169"}],"version-history":[{"count":1,"href":"https:\/\/imais.online\/portal\/wp-json\/wp\/v2\/posts\/12169\/revisions"}],"predecessor-version":[{"id":12171,"href":"https:\/\/imais.online\/portal\/wp-json\/wp\/v2\/posts\/12169\/revisions\/12171"}],"wp:featuredmedia":[{"embeddable":true,"href":"https:\/\/imais.online\/portal\/wp-json\/wp\/v2\/media\/12170"}],"wp:attachment":[{"href":"https:\/\/imais.online\/portal\/wp-json\/wp\/v2\/media?parent=12169"}],"wp:term":[{"taxonomy":"category","embeddable":true,"href":"https:\/\/imais.online\/portal\/wp-json\/wp\/v2\/categories?post=12169"},{"taxonomy":"post_tag","embeddable":true,"href":"https:\/\/imais.online\/portal\/wp-json\/wp\/v2\/tags?post=12169"}],"curies":[{"name":"wp","href":"https:\/\/api.w.org\/{rel}","templated":true}]}}