{"id":12173,"date":"2023-03-10T11:30:01","date_gmt":"2023-03-10T14:30:01","guid":{"rendered":"https:\/\/imais.online\/portal\/?p=12173"},"modified":"2023-03-10T11:30:02","modified_gmt":"2023-03-10T14:30:02","slug":"prefeitura-de-indaiatuba-oferece-curso-de-aromaterapia-atraves-do-sebrae-aqui","status":"publish","type":"post","link":"https:\/\/imais.online\/portal\/prefeitura-de-indaiatuba-oferece-curso-de-aromaterapia-atraves-do-sebrae-aqui\/","title":{"rendered":"Prefeitura de Indaiatuba oferece curso de aromaterapia atrav\u00e9s do Sebrae Aqui"},"content":{"rendered":"<div class=\"imais-before-content-placement\" id=\"imais-2459113097\"><script async src=\"\/\/pagead2.googlesyndication.com\/pagead\/js\/adsbygoogle.js?client=ca-pub-8787528412751566\" crossorigin=\"anonymous\"><\/script><ins class=\"adsbygoogle\" style=\"display:block;\" data-ad-client=\"ca-pub-8787528412751566\" \ndata-ad-slot=\"\" \ndata-ad-format=\"auto\"><\/ins>\n<script> \n(adsbygoogle = window.adsbygoogle || []).push({}); \n<\/script>\n<\/div>\n<p><em><small>Aulas ser\u00e3o on-line e gratuitas em abril<\/small><\/em><\/p>\n\n\n\n<p>A Prefeitura de Indaiatuba, por meio da Secretaria de Governo e Sebrae Aqui abre as inscri\u00e7\u00f5es para o curso de aromaterapia.&nbsp; As aulas acontecer\u00e3o, de maneira gratuita, do dia 3 a 28 de abril, das 18h \u00e0s 22h. Os interessados devem se inscrever no Educand\u00e1rio Deus e a Natureza de segunda a sexta-feira das 8h \u00e0s 16h30.&nbsp;As vagas s\u00e3o limitadas e destinadas a pessoas maiores de 18 anos. &nbsp;<\/p>\n\n\n\n<p>O objetivo do curso \u00e9 capacitar os alunos sobre os princ\u00edpios e pr\u00e1ticas da aromaterapia, aplica\u00e7\u00e3o dos \u00f3leos essenciais, bem como seus benef\u00edcios para a sa\u00fade e bem-estar. No decorrer das aulas os inscritos entender\u00e3o sobre composi\u00e7\u00e3o, sinergia, marketing olfativo e adquirir\u00e3o conhecimentos espec\u00edficos para explicar sobre cada aroma. Para mais informa\u00e7\u00f5es entrar em contato no telefone (19) 3834-9272.<\/p>\n\n\n\n<p><strong><u>Conte\u00fado program\u00e1tico:<\/u><\/strong><\/p>\n\n\n\n<p>\u00b7&nbsp;&nbsp;&nbsp;&nbsp;&nbsp;&nbsp;&nbsp;&nbsp;&nbsp;Aromaterapia: conceito e hist\u00f3ria;<\/p>\n\n\n\n<p>\u00b7&nbsp;&nbsp;&nbsp;&nbsp;&nbsp;&nbsp;&nbsp;&nbsp;&nbsp;\u00d3leos essenciais, vegetais e ess\u00eancias: caracter\u00edsticas, formas de extra\u00e7\u00e3o, composi\u00e7\u00e3o, indica\u00e7\u00f5es e contraindica\u00e7\u00f5es, efeitos energ\u00e9ticos e fisiol\u00f3gicos, descarte e m\u00e9todos de aplica\u00e7\u00e3o;<\/p>\n\n\n\n<p>\u00b7&nbsp;&nbsp;&nbsp;&nbsp;&nbsp;&nbsp;&nbsp;&nbsp;&nbsp;Vias de intera\u00e7\u00e3o no corpo humano: processos de absor\u00e7\u00e3o, distribui\u00e7\u00e3o, metaboliza\u00e7\u00e3o e excre\u00e7\u00e3o; sinergias; repertorio arom\u00e1tico; mem\u00f3ria olfativa e marketing olfativo;<\/p>\n\n\n\n<p>\u00b7&nbsp;&nbsp;&nbsp;&nbsp;&nbsp;&nbsp;&nbsp;&nbsp;&nbsp;Ficha de avalia\u00e7\u00e3o: conceito, composi\u00e7\u00e3o, registro das informa\u00e7\u00f5es e finalidade.<\/p>\n\n\n\n<p><strong><u>Servi\u00e7os<\/u><\/strong><strong><\/strong><\/p>\n\n\n\n<p><strong>Data:<\/strong>&nbsp;de 3 at\u00e9 28 de abril (Segunda, quarta e sexta-feira).<\/p>\n\n\n\n<p><strong>Hor\u00e1rio:<\/strong>&nbsp;das 18h \u00e0s 22h.<\/p>\n\n\n\n<p><strong>Inscri\u00e7\u00f5es e aulas:<\/strong>&nbsp;Educand\u00e1rio Deus e a Natureza .<\/p>\n\n\n\n<p><strong>Endere\u00e7o:&nbsp;<\/strong>Rua Pedro Savian, 139 &#8211; Jardim Adriana.<\/p>\n\n\n\n<p><strong>Telefone:<\/strong>&nbsp;(19) 3834-9272.<\/p>\n","protected":false},"excerpt":{"rendered":"<p>Aulas ser\u00e3o on-line e gratuitas em abril A Prefeitura de Indaiatuba, por meio da Secretaria de Governo e Sebrae Aqui abre as inscri\u00e7\u00f5es para o curso de aromaterapia.&nbsp; As aulas acontecer\u00e3o, de maneira gratuita, do dia 3 a 28 de abril, das 18h \u00e0s 22h. Os interessados devem se inscrever no Educand\u00e1rio Deus e a [&hellip;]<\/p>\n","protected":false},"author":8,"featured_media":12174,"comment_status":"closed","ping_status":"open","sticky":false,"template":"","format":"standard","meta":{"rop_custom_images_group":[],"rop_custom_messages_group":[],"rop_publish_now":"initial","rop_publish_now_accounts":[],"rop_publish_now_history":[],"rop_publish_now_status":"pending","footnotes":""},"categories":[188],"tags":[],"class_list":["post-12173","post","type-post","status-publish","format-standard","has-post-thumbnail","hentry","category-indaiatuba"],"amp_enabled":true,"_links":{"self":[{"href":"https:\/\/imais.online\/portal\/wp-json\/wp\/v2\/posts\/12173","targetHints":{"allow":["GET"]}}],"collection":[{"href":"https:\/\/imais.online\/portal\/wp-json\/wp\/v2\/posts"}],"about":[{"href":"https:\/\/imais.online\/portal\/wp-json\/wp\/v2\/types\/post"}],"author":[{"embeddable":true,"href":"https:\/\/imais.online\/portal\/wp-json\/wp\/v2\/users\/8"}],"replies":[{"embeddable":true,"href":"https:\/\/imais.online\/portal\/wp-json\/wp\/v2\/comments?post=12173"}],"version-history":[{"count":1,"href":"https:\/\/imais.online\/portal\/wp-json\/wp\/v2\/posts\/12173\/revisions"}],"predecessor-version":[{"id":12175,"href":"https:\/\/imais.online\/portal\/wp-json\/wp\/v2\/posts\/12173\/revisions\/12175"}],"wp:featuredmedia":[{"embeddable":true,"href":"https:\/\/imais.online\/portal\/wp-json\/wp\/v2\/media\/12174"}],"wp:attachment":[{"href":"https:\/\/imais.online\/portal\/wp-json\/wp\/v2\/media?parent=12173"}],"wp:term":[{"taxonomy":"category","embeddable":true,"href":"https:\/\/imais.online\/portal\/wp-json\/wp\/v2\/categories?post=12173"},{"taxonomy":"post_tag","embeddable":true,"href":"https:\/\/imais.online\/portal\/wp-json\/wp\/v2\/tags?post=12173"}],"curies":[{"name":"wp","href":"https:\/\/api.w.org\/{rel}","templated":true}]}}