{"id":12179,"date":"2023-03-10T11:35:56","date_gmt":"2023-03-10T14:35:56","guid":{"rendered":"https:\/\/imais.online\/portal\/?p=12179"},"modified":"2023-03-10T11:35:57","modified_gmt":"2023-03-10T14:35:57","slug":"cultura-promove-reuniao-presencial-para-debater-propostas-de-aplicacao-da-lei-paulo-gustavo","status":"publish","type":"post","link":"https:\/\/imais.online\/portal\/cultura-promove-reuniao-presencial-para-debater-propostas-de-aplicacao-da-lei-paulo-gustavo\/","title":{"rendered":"Cultura promove reuni\u00e3o presencial para debater propostas de aplica\u00e7\u00e3o da Lei Paulo Gustavo"},"content":{"rendered":"<div class=\"imais-before-content-placement\" id=\"imais-3376315483\"><script async src=\"\/\/pagead2.googlesyndication.com\/pagead\/js\/adsbygoogle.js?client=ca-pub-8787528412751566\" crossorigin=\"anonymous\"><\/script><ins class=\"adsbygoogle\" style=\"display:block;\" data-ad-client=\"ca-pub-8787528412751566\" \ndata-ad-slot=\"\" \ndata-ad-format=\"auto\"><\/ins>\n<script> \n(adsbygoogle = window.adsbygoogle || []).push({}); \n<\/script>\n<\/div>\n<p><em><small>Nova etapa para discuss\u00e3o de propostas acontece dia 16 de mar\u00e7o, \u00e0s 17h30, no Centro de Conven\u00e7\u00f5es<\/small><\/em><\/p>\n\n\n\n<p>Depois de realizar a 1\u00aa Escuta P\u00fablica sobre a Lei Paulo Gustavo (Lei Complementar 195\/2022) nos dias 13 e 14 de fevereiro, a Prefeitura de Indaiatuba, por meio da Secretaria Municipal de Cultura, promove no pr\u00f3ximo dia 16 de mar\u00e7o a primeira reuni\u00e3o presencial para discuss\u00e3o de propostas para o projeto de a\u00e7\u00e3o emergencial no setor cultural, que ainda aguarda regulamenta\u00e7\u00e3o do Governo Federal. O encontro acontece \u00e0s 17h30, no Centro de Conven\u00e7\u00f5es Aydil Pinesi Bonachela, e todos est\u00e3o convidados.<\/p>\n\n\n\n<p>\u201cTivemos duas reuni\u00f5es online para ouvir as d\u00favidas, sugest\u00f5es e propostas de nossos artistas e agora complementamos com reuni\u00f5es presenciais, para tra\u00e7armos estrat\u00e9gias para a aplica\u00e7\u00e3o da Lei Paulo Gustavo em Indaiatuba\u201d, destaca a secret\u00e1ria municipal de Cultura, T\u00e2nia Castanho. \u201cPor\u00e9m, \u00e9 importante ressaltar que ainda \u00e9 preciso aguardar a regulamenta\u00e7\u00e3o da lei\u201d.<\/p>\n\n\n\n<p>A Lei Complementar 195, de 8 de julho de 2022, foi criada para incentivar a cultura e garantir a\u00e7\u00f5es emergenciais, em especial as demandadas pelas consequ\u00eancias do per\u00edodo da pandemia de Covid-19 no Brasil, que impactou de forma tr\u00e1gica o setor cultural nos \u00faltimos anos.<\/p>\n\n\n\n<p>Conhecida como Lei Paulo Gustavo, em homenagem ao ator falecido em decorr\u00eancia da Covid-19, ela direciona R$ 3,86 bilh\u00f5es do super\u00e1vit financeiro do Fundo Nacional de Cultura a estados, munic\u00edpios e ao Distrito Federal para fomento de atividades e produtos culturais. Desse total, R$ 2,8 bilh\u00f5es devem ser destinados ao setor do audiovisual e R$ 1 bilh\u00e3o para as demais atividades.<\/p>\n\n\n\n<p>No \u00faltimo dia 16 de fevereiro, por meio de portaria no Di\u00e1rio Oficial da Uni\u00e3o, a ministra da Cultura, Margareth Menezes, criou um grupo de trabalho que ter\u00e1 30 dias para normatizar a Lei Complementar 195, definindo a regulamenta\u00e7\u00e3o, operacionaliza\u00e7\u00e3o e acompanhamento da transfer\u00eancia dos recursos.<\/p>\n\n\n\n<p><strong>Reuni\u00f5es<\/strong><\/p>\n\n\n\n<p>Estas reuni\u00f5es ser\u00e3o importantes para a elabora\u00e7\u00e3o de um plano de a\u00e7\u00e3o e execu\u00e7\u00e3o de editais, chamamentos p\u00fablicos, pr\u00eamios ou outras formas de sele\u00e7\u00e3o p\u00fablica simplificadas para apoio a produ\u00e7\u00f5es audiovisuais; e apoio a reformas, restauros, manuten\u00e7\u00e3o e funcionamento de salas de cinema, sejam elas p\u00fablicas ou privadas.<\/p>\n\n\n\n<p>O projeto tamb\u00e9m compreende a capacita\u00e7\u00e3o, forma\u00e7\u00e3o e qualifica\u00e7\u00e3o no audiovisual, apoio a cineclubes e a realiza\u00e7\u00e3o de festivais e mostras de produ\u00e7\u00f5es audiovisuais, preferencialmente por meio digital, bem como realiza\u00e7\u00e3o de rodadas de neg\u00f3cios para o setor audiovisual e para a mem\u00f3ria, a preserva\u00e7\u00e3o e a digitaliza\u00e7\u00e3o de obras ou acervos audiovisuais, ou ainda apoio a observat\u00f3rios, publica\u00e7\u00f5es especializadas e a pesquisas sobre audiovisual e ao desenvolvimento de cidades de loca\u00e7\u00e3o.<\/p>\n\n\n\n<p>O texto prev\u00ea ainda apoio \u00e0s micro e pequenas empresas do setor audiovisual, aos servi\u00e7os independentes de v\u00eddeo por demanda cujo cat\u00e1logo de obras seja composto por pelo menos 70% de produ\u00e7\u00f5es nacionais, ao licenciamento de produ\u00e7\u00f5es audiovisuais nacionais para exibi\u00e7\u00e3o em redes de televis\u00e3o p\u00fablicas e \u00e0 distribui\u00e7\u00e3o de produ\u00e7\u00f5es audiovisuais nacionais.<\/p>\n\n\n\n<p>Por fim, a Lei Paulo Gustavo determina que os benefici\u00e1rios dos recursos cumpram contrapartidas, que podem ser a realiza\u00e7\u00e3o de exibi\u00e7\u00f5es gratuitas; atividades destinadas a estabelecimentos das redes p\u00fablica e privada de ensino, al\u00e9m de integrantes de grupos e coletivos culturais e de associa\u00e7\u00f5es comunit\u00e1rias. A presta\u00e7\u00e3o de contas sobre uso dos recursos \u00e9 prevista em lei.<\/p>\n\n\n\n<p>O Centro de Conven\u00e7\u00f5es Aydil Pinsei Bonachela est\u00e1 localizado na Rua das Primaveras, 210, no Jardim Pompeia. Mais informa\u00e7\u00f5es pelo telefone (19) 3875-6144.<\/p>\n","protected":false},"excerpt":{"rendered":"<p>Nova etapa para discuss\u00e3o de propostas acontece dia 16 de mar\u00e7o, \u00e0s 17h30, no Centro de Conven\u00e7\u00f5es Depois de realizar a 1\u00aa Escuta P\u00fablica sobre a Lei Paulo Gustavo (Lei Complementar 195\/2022) nos dias 13 e 14 de fevereiro, a Prefeitura de Indaiatuba, por meio da Secretaria Municipal de Cultura, promove no pr\u00f3ximo dia 16 [&hellip;]<\/p>\n","protected":false},"author":8,"featured_media":12180,"comment_status":"closed","ping_status":"open","sticky":false,"template":"","format":"standard","meta":{"rop_custom_images_group":[],"rop_custom_messages_group":[],"rop_publish_now":"initial","rop_publish_now_accounts":[],"rop_publish_now_history":[],"rop_publish_now_status":"pending","footnotes":""},"categories":[188],"tags":[],"class_list":["post-12179","post","type-post","status-publish","format-standard","has-post-thumbnail","hentry","category-indaiatuba"],"amp_enabled":true,"_links":{"self":[{"href":"https:\/\/imais.online\/portal\/wp-json\/wp\/v2\/posts\/12179","targetHints":{"allow":["GET"]}}],"collection":[{"href":"https:\/\/imais.online\/portal\/wp-json\/wp\/v2\/posts"}],"about":[{"href":"https:\/\/imais.online\/portal\/wp-json\/wp\/v2\/types\/post"}],"author":[{"embeddable":true,"href":"https:\/\/imais.online\/portal\/wp-json\/wp\/v2\/users\/8"}],"replies":[{"embeddable":true,"href":"https:\/\/imais.online\/portal\/wp-json\/wp\/v2\/comments?post=12179"}],"version-history":[{"count":1,"href":"https:\/\/imais.online\/portal\/wp-json\/wp\/v2\/posts\/12179\/revisions"}],"predecessor-version":[{"id":12181,"href":"https:\/\/imais.online\/portal\/wp-json\/wp\/v2\/posts\/12179\/revisions\/12181"}],"wp:featuredmedia":[{"embeddable":true,"href":"https:\/\/imais.online\/portal\/wp-json\/wp\/v2\/media\/12180"}],"wp:attachment":[{"href":"https:\/\/imais.online\/portal\/wp-json\/wp\/v2\/media?parent=12179"}],"wp:term":[{"taxonomy":"category","embeddable":true,"href":"https:\/\/imais.online\/portal\/wp-json\/wp\/v2\/categories?post=12179"},{"taxonomy":"post_tag","embeddable":true,"href":"https:\/\/imais.online\/portal\/wp-json\/wp\/v2\/tags?post=12179"}],"curies":[{"name":"wp","href":"https:\/\/api.w.org\/{rel}","templated":true}]}}