{"id":12182,"date":"2023-03-10T11:41:26","date_gmt":"2023-03-10T14:41:26","guid":{"rendered":"https:\/\/imais.online\/portal\/?p=12182"},"modified":"2023-03-10T11:41:27","modified_gmt":"2023-03-10T14:41:27","slug":"inscricoes-para-conselheiros-dos-conselhos-tutelares-acontecem-ate-5-de-abril","status":"publish","type":"post","link":"https:\/\/imais.online\/portal\/inscricoes-para-conselheiros-dos-conselhos-tutelares-acontecem-ate-5-de-abril\/","title":{"rendered":"Inscri\u00e7\u00f5es para conselheiros dos Conselhos Tutelares acontecem at\u00e9 5 de abril"},"content":{"rendered":"<div class=\"imais-before-content-placement\" id=\"imais-2828670283\"><script async src=\"\/\/pagead2.googlesyndication.com\/pagead\/js\/adsbygoogle.js?client=ca-pub-8787528412751566\" crossorigin=\"anonymous\"><\/script><ins class=\"adsbygoogle\" style=\"display:block;\" data-ad-client=\"ca-pub-8787528412751566\" \ndata-ad-slot=\"\" \ndata-ad-format=\"auto\"><\/ins>\n<script> \n(adsbygoogle = window.adsbygoogle || []).push({}); \n<\/script>\n<\/div>\n<p><em><small>Edital completo est\u00e1 dispon\u00edvel no site da Prefeitura<\/small><\/em><\/p>\n\n\n\n<p>O Conselho Municipal dos Direitos da Crian\u00e7a e do Adolescente (CMDCA), vinculado a Secretaria de Assist\u00eancia Social informa que est\u00e3o abertas as inscri\u00e7\u00f5es para a elei\u00e7\u00e3o dos membros dos Conselhos Tutelares do quadri\u00eanio 2024\/2027. Os interessados poder\u00e3o acessar a ficha de inscri\u00e7\u00e3o pelo&nbsp;<a href=\"https:\/\/www.indaiatuba.sp.gov.br\/assistencia-social\/conselhos\/cmdca\/eleicao-conselho-tutelar\/\">link<\/a>&nbsp;e devem se candidatar at\u00e9 o dia 5 de abril.<\/p>\n\n\n\n<p>Ap\u00f3s o processo de inscri\u00e7\u00e3o, os membros ser\u00e3o escolhidos mediante elei\u00e7\u00e3o direta, secreta e facultativa que acontecer\u00e1 no dia 1\u00ba de outubro. J\u00e1 a posse dos conselheiros eleitos acontecer\u00e1 no dia 10 de janeiro de 2024, com hor\u00e1rio e local definidos posteriormente. A elei\u00e7\u00e3o \u00e9 realizada sob a responsabilidade do CMDCA e fiscaliza\u00e7\u00e3o do Minist\u00e9rio P\u00fablico.<\/p>\n\n\n\n<p>O edital completo pode ser conferido pelo&nbsp;<a href=\"file:\/\/\/C:\/Users\/alynec\/Downloads\/edital-01.2023-eleicoes-conselho-tutelar.pdf\">link<\/a>&nbsp;e no documento consta os requisitos necess\u00e1rios para o candidato, jornada de trabalho, entrega de documentos, dentre outros itens. Mais informa\u00e7\u00f5es entrar em contato com no CMDCA pelo telefone (19) 3835-2843.<\/p>\n\n\n\n<p><strong>Sobre o Conselho Tutelar<\/strong><\/p>\n\n\n\n<p>O Conselho Tutelar \u00e9 \u00f3rg\u00e3o permanente e aut\u00f4nomo, n\u00e3o jurisdicional, encarregado pela sociedade de zelar pelo cumprimento dos direitos da crian\u00e7a e do adolescente, sendo composto por 10 (dez) membros titulares, sendo considerados suplentes todos os demais candidatos habilitados, escolhidos pela comunidade local para mandato de 04 (quatro) anos, permitida recondu\u00e7\u00e3o, mediante novo processo em igualdade de escolha com os demais pretendentes.<\/p>\n","protected":false},"excerpt":{"rendered":"<p>Edital completo est\u00e1 dispon\u00edvel no site da Prefeitura O Conselho Municipal dos Direitos da Crian\u00e7a e do Adolescente (CMDCA), vinculado a Secretaria de Assist\u00eancia Social informa que est\u00e3o abertas as inscri\u00e7\u00f5es para a elei\u00e7\u00e3o dos membros dos Conselhos Tutelares do quadri\u00eanio 2024\/2027. Os interessados poder\u00e3o acessar a ficha de inscri\u00e7\u00e3o pelo&nbsp;link&nbsp;e devem se candidatar at\u00e9 [&hellip;]<\/p>\n","protected":false},"author":8,"featured_media":12183,"comment_status":"closed","ping_status":"open","sticky":false,"template":"","format":"standard","meta":{"rop_custom_images_group":[],"rop_custom_messages_group":[],"rop_publish_now":"initial","rop_publish_now_accounts":[],"rop_publish_now_history":[],"rop_publish_now_status":"pending","footnotes":""},"categories":[188],"tags":[],"class_list":["post-12182","post","type-post","status-publish","format-standard","has-post-thumbnail","hentry","category-indaiatuba"],"amp_enabled":true,"_links":{"self":[{"href":"https:\/\/imais.online\/portal\/wp-json\/wp\/v2\/posts\/12182","targetHints":{"allow":["GET"]}}],"collection":[{"href":"https:\/\/imais.online\/portal\/wp-json\/wp\/v2\/posts"}],"about":[{"href":"https:\/\/imais.online\/portal\/wp-json\/wp\/v2\/types\/post"}],"author":[{"embeddable":true,"href":"https:\/\/imais.online\/portal\/wp-json\/wp\/v2\/users\/8"}],"replies":[{"embeddable":true,"href":"https:\/\/imais.online\/portal\/wp-json\/wp\/v2\/comments?post=12182"}],"version-history":[{"count":1,"href":"https:\/\/imais.online\/portal\/wp-json\/wp\/v2\/posts\/12182\/revisions"}],"predecessor-version":[{"id":12184,"href":"https:\/\/imais.online\/portal\/wp-json\/wp\/v2\/posts\/12182\/revisions\/12184"}],"wp:featuredmedia":[{"embeddable":true,"href":"https:\/\/imais.online\/portal\/wp-json\/wp\/v2\/media\/12183"}],"wp:attachment":[{"href":"https:\/\/imais.online\/portal\/wp-json\/wp\/v2\/media?parent=12182"}],"wp:term":[{"taxonomy":"category","embeddable":true,"href":"https:\/\/imais.online\/portal\/wp-json\/wp\/v2\/categories?post=12182"},{"taxonomy":"post_tag","embeddable":true,"href":"https:\/\/imais.online\/portal\/wp-json\/wp\/v2\/tags?post=12182"}],"curies":[{"name":"wp","href":"https:\/\/api.w.org\/{rel}","templated":true}]}}