{"id":12236,"date":"2023-03-14T10:15:39","date_gmt":"2023-03-14T13:15:39","guid":{"rendered":"https:\/\/imais.online\/portal\/?p=12236"},"modified":"2023-03-14T10:15:40","modified_gmt":"2023-03-14T13:15:40","slug":"fiec-comemora-dia-internacional-da-mulher-com-palestra","status":"publish","type":"post","link":"https:\/\/imais.online\/portal\/fiec-comemora-dia-internacional-da-mulher-com-palestra\/","title":{"rendered":"Fiec comemora Dia Internacional da Mulher com palestra"},"content":{"rendered":"<div class=\"imais-before-content-placement\" id=\"imais-1050786652\"><script async src=\"\/\/pagead2.googlesyndication.com\/pagead\/js\/adsbygoogle.js?client=ca-pub-8787528412751566\" crossorigin=\"anonymous\"><\/script><ins class=\"adsbygoogle\" style=\"display:block;\" data-ad-client=\"ca-pub-8787528412751566\" \ndata-ad-slot=\"\" \ndata-ad-format=\"auto\"><\/ins>\n<script> \n(adsbygoogle = window.adsbygoogle || []).push({}); \n<\/script>\n<\/div>\n<p><em><small>Evento foi voltado para alunas, funcion\u00e1rias e convidadas da funda\u00e7\u00e3o<\/small><\/em><\/p>\n\n\n\n<p>A Prefeitura de Indaiatuba, por meio da Fiec (Funda\u00e7\u00e3o Indaiatuba de Educa\u00e7\u00e3o e Cultura), realizou&nbsp;Dia Internacional da Mulher (8\/03), uma homenagem \u00e0s mulheres com a palestra \u201cSer mulher com leveza\u201d. A&nbsp;palestra foi realizada pela&nbsp;enfermeira Murielle Badin, que \u00e9 professora do curso t\u00e9cnico de Enfermagem da Fiec h\u00e1 seis anos. O evento&nbsp;foi&nbsp;direcionado a funcion\u00e1rias e alunas da funda\u00e7\u00e3o, que&nbsp;puderam&nbsp;indicar uma mulher especial em sua vida como convidada. &nbsp;<\/p>\n\n\n\n<p>O evento&nbsp;aconteceu no per\u00edodo da tarde e \u00e0 noite e&nbsp;contou&nbsp;com&nbsp;a&nbsp;palestra, apresenta\u00e7\u00f5es musicais da funcion\u00e1ria Maeli Gon\u00e7alves Alves e&nbsp;da professora Patr\u00edcia da Silva Alice.&nbsp;No per\u00edodo da tarde o superintendete Geraldo Garcia abriu o evento recitando o poema \u201cQuando chegar\u201d de Martha Medeiros sobre a expectativa da mulher em cada fase da vida. No per\u00edodo da noite a diretora de Educa\u00e7\u00e3o e Cultura, Eliane Geiss, e a chefe de gabinete,&nbsp;Luciene Artem, deram seus depoimentos sobre suas experi\u00eancias como servidoras e suas jornadas at\u00e9 os cargos que possuem hoje.&nbsp;Ao final, brindes&nbsp;foram&nbsp;sorteados.<\/p>\n\n\n\n<p>A palestra discutiu&nbsp;os desafios da mulher&nbsp;contempor\u00e2nea e sobrecarga dos diversos pap\u00e9is assumidos. De acordo com o Instituto Bem do Estar, a preval\u00eancia de doen\u00e7as graves da mente \u00e9 quase 70% maior nas mulheres do que nos homens. Estrat\u00e9gias&nbsp;foram apresentadas&nbsp;para melhorar a sa\u00fade mental e f\u00edsica da mulher, com o foco em uma vida mais leve e plena. Atrav\u00e9s da preven\u00e7\u00e3o,&nbsp;o foco neste dia&nbsp;\u00e9&nbsp;a qualidade de vida, contando com&nbsp;mudan\u00e7as de h\u00e1bitos. Foram abordadas&nbsp;pr\u00e1ticas simples na rotina do dia a dia&nbsp;como&nbsp;exames de rotina, alimenta\u00e7\u00e3o, exerc\u00edcios, sono,&nbsp;controle de stress&nbsp;e relacionamentos saud\u00e1veis,&nbsp;que a longo prazo fazem a diferen\u00e7a na sa\u00fade da mulher.<br><br>A palestrante Murielle \u00e9 formada em Enfermagem pela Unicamp (Bacharelado, Lincenciatura e Mestrado) e com especializa\u00e7\u00e3o em Enfermagem Psiqui\u00e1trica e em Sa\u00fade Mental. Al\u00e9m de professora, tamb\u00e9m atua como enfermeira no CAPS adulto, Aten\u00e7\u00e3o Prim\u00e1ria e Atendimento Domiciliar.<br><br>A Fiec conta com 39 servidoras e 42 professoras em sua equipe.&nbsp;S\u00f3 nos cursos t\u00e9cnicos h\u00e1 315 alunas matriculadas. Foi&nbsp;&nbsp;desejado&nbsp;a todas as alunas, funcion\u00e1rias e visitantes um feliz Dia da Mulher.<\/p>\n","protected":false},"excerpt":{"rendered":"<p>Evento foi voltado para alunas, funcion\u00e1rias e convidadas da funda\u00e7\u00e3o A Prefeitura de Indaiatuba, por meio da Fiec (Funda\u00e7\u00e3o Indaiatuba de Educa\u00e7\u00e3o e Cultura), realizou&nbsp;Dia Internacional da Mulher (8\/03), uma homenagem \u00e0s mulheres com a palestra \u201cSer mulher com leveza\u201d. A&nbsp;palestra foi realizada pela&nbsp;enfermeira Murielle Badin, que \u00e9 professora do curso t\u00e9cnico de Enfermagem da [&hellip;]<\/p>\n","protected":false},"author":8,"featured_media":12237,"comment_status":"closed","ping_status":"open","sticky":false,"template":"","format":"standard","meta":{"rop_custom_images_group":[],"rop_custom_messages_group":[],"rop_publish_now":"initial","rop_publish_now_accounts":[],"rop_publish_now_history":[],"rop_publish_now_status":"pending","footnotes":""},"categories":[188],"tags":[],"class_list":["post-12236","post","type-post","status-publish","format-standard","has-post-thumbnail","hentry","category-indaiatuba"],"amp_enabled":true,"_links":{"self":[{"href":"https:\/\/imais.online\/portal\/wp-json\/wp\/v2\/posts\/12236","targetHints":{"allow":["GET"]}}],"collection":[{"href":"https:\/\/imais.online\/portal\/wp-json\/wp\/v2\/posts"}],"about":[{"href":"https:\/\/imais.online\/portal\/wp-json\/wp\/v2\/types\/post"}],"author":[{"embeddable":true,"href":"https:\/\/imais.online\/portal\/wp-json\/wp\/v2\/users\/8"}],"replies":[{"embeddable":true,"href":"https:\/\/imais.online\/portal\/wp-json\/wp\/v2\/comments?post=12236"}],"version-history":[{"count":1,"href":"https:\/\/imais.online\/portal\/wp-json\/wp\/v2\/posts\/12236\/revisions"}],"predecessor-version":[{"id":12238,"href":"https:\/\/imais.online\/portal\/wp-json\/wp\/v2\/posts\/12236\/revisions\/12238"}],"wp:featuredmedia":[{"embeddable":true,"href":"https:\/\/imais.online\/portal\/wp-json\/wp\/v2\/media\/12237"}],"wp:attachment":[{"href":"https:\/\/imais.online\/portal\/wp-json\/wp\/v2\/media?parent=12236"}],"wp:term":[{"taxonomy":"category","embeddable":true,"href":"https:\/\/imais.online\/portal\/wp-json\/wp\/v2\/categories?post=12236"},{"taxonomy":"post_tag","embeddable":true,"href":"https:\/\/imais.online\/portal\/wp-json\/wp\/v2\/tags?post=12236"}],"curies":[{"name":"wp","href":"https:\/\/api.w.org\/{rel}","templated":true}]}}