{"id":12239,"date":"2023-03-14T10:18:10","date_gmt":"2023-03-14T13:18:10","guid":{"rendered":"https:\/\/imais.online\/portal\/?p=12239"},"modified":"2023-03-14T10:18:11","modified_gmt":"2023-03-14T13:18:11","slug":"saude-inicia-vacinacao-bivalente-covid-19-para-publico-de-60-a-69-anos","status":"publish","type":"post","link":"https:\/\/imais.online\/portal\/saude-inicia-vacinacao-bivalente-covid-19-para-publico-de-60-a-69-anos\/","title":{"rendered":"Sa\u00fade inicia vacina\u00e7\u00e3o bivalente Covid-19 para p\u00fablico de 60 a 69 anos"},"content":{"rendered":"<div class=\"imais-before-content-placement\" id=\"imais-347600314\"><script async src=\"\/\/pagead2.googlesyndication.com\/pagead\/js\/adsbygoogle.js?client=ca-pub-8787528412751566\" crossorigin=\"anonymous\"><\/script><ins class=\"adsbygoogle\" style=\"display:block;\" data-ad-client=\"ca-pub-8787528412751566\" \ndata-ad-slot=\"\" \ndata-ad-format=\"auto\"><\/ins>\n<script> \n(adsbygoogle = window.adsbygoogle || []).push({}); \n<\/script>\n<\/div>\n<p><em><small>Convoca\u00e7\u00f5es est\u00e3o sendo realizadas atrav\u00e9s da plataforma Minha Vacina<\/small><\/em><\/p>\n\n\n\n<p>A Secretaria de Sa\u00fade de Indaiatuba inicia a aplica\u00e7\u00e3o da vacina bivalente Covid-19 no grupo de 60 a 69 anos nesta semana, seguindo o calend\u00e1rio do Governo do Estado de S\u00e3o Paulo, com objetivo de continuar a imuniza\u00e7\u00e3o dos grupos priorit\u00e1rios contemplados com o novo imunizante da Pfizer, que protege contra variantes do Novo Coronav\u00edrus. Apenas convocados atrav\u00e9s do&nbsp;<a href=\"https:\/\/vacinacao.indaiatuba.sp.gov.br\/login\">Minha Vacina<\/a>&nbsp;podem receber o imunizante.<\/p>\n\n\n\n<p>A vacina\u00e7\u00e3o acontece em todas as UBS de Indaiatuba de segunda a sexta-feira, das 7h30 \u00e0s 16h30 e as convoca\u00e7\u00f5es j\u00e1 est\u00e3o sendo enviadas pelo Departamento de Inform\u00e1tica da Prefeitura com data, local e hor\u00e1rio para a imuniza\u00e7\u00e3o. Os que n\u00e3o forem convocados neste momento, devem aguardar.<\/p>\n\n\n\n<p><a href=\"https:\/\/vacinacao.indaiatuba.sp.gov.br\/login\">+ Clique aqui para acessar o Minha Vacina<\/a><\/p>\n\n\n\n<p>A Secretaria de Sa\u00fade ainda solicita que sejam levados documentos de identifica\u00e7\u00e3o pessoal no ato da vacina\u00e7\u00e3o.<\/p>\n","protected":false},"excerpt":{"rendered":"<p>Convoca\u00e7\u00f5es est\u00e3o sendo realizadas atrav\u00e9s da plataforma Minha Vacina A Secretaria de Sa\u00fade de Indaiatuba inicia a aplica\u00e7\u00e3o da vacina bivalente Covid-19 no grupo de 60 a 69 anos nesta semana, seguindo o calend\u00e1rio do Governo do Estado de S\u00e3o Paulo, com objetivo de continuar a imuniza\u00e7\u00e3o dos grupos priorit\u00e1rios contemplados com o novo imunizante [&hellip;]<\/p>\n","protected":false},"author":8,"featured_media":12240,"comment_status":"closed","ping_status":"open","sticky":false,"template":"","format":"standard","meta":{"rop_custom_images_group":[],"rop_custom_messages_group":[],"rop_publish_now":"initial","rop_publish_now_accounts":[],"rop_publish_now_history":[],"rop_publish_now_status":"pending","footnotes":""},"categories":[188],"tags":[],"class_list":["post-12239","post","type-post","status-publish","format-standard","has-post-thumbnail","hentry","category-indaiatuba"],"amp_enabled":true,"_links":{"self":[{"href":"https:\/\/imais.online\/portal\/wp-json\/wp\/v2\/posts\/12239","targetHints":{"allow":["GET"]}}],"collection":[{"href":"https:\/\/imais.online\/portal\/wp-json\/wp\/v2\/posts"}],"about":[{"href":"https:\/\/imais.online\/portal\/wp-json\/wp\/v2\/types\/post"}],"author":[{"embeddable":true,"href":"https:\/\/imais.online\/portal\/wp-json\/wp\/v2\/users\/8"}],"replies":[{"embeddable":true,"href":"https:\/\/imais.online\/portal\/wp-json\/wp\/v2\/comments?post=12239"}],"version-history":[{"count":1,"href":"https:\/\/imais.online\/portal\/wp-json\/wp\/v2\/posts\/12239\/revisions"}],"predecessor-version":[{"id":12241,"href":"https:\/\/imais.online\/portal\/wp-json\/wp\/v2\/posts\/12239\/revisions\/12241"}],"wp:featuredmedia":[{"embeddable":true,"href":"https:\/\/imais.online\/portal\/wp-json\/wp\/v2\/media\/12240"}],"wp:attachment":[{"href":"https:\/\/imais.online\/portal\/wp-json\/wp\/v2\/media?parent=12239"}],"wp:term":[{"taxonomy":"category","embeddable":true,"href":"https:\/\/imais.online\/portal\/wp-json\/wp\/v2\/categories?post=12239"},{"taxonomy":"post_tag","embeddable":true,"href":"https:\/\/imais.online\/portal\/wp-json\/wp\/v2\/tags?post=12239"}],"curies":[{"name":"wp","href":"https:\/\/api.w.org\/{rel}","templated":true}]}}