{"id":12251,"date":"2023-03-15T07:59:19","date_gmt":"2023-03-15T10:59:19","guid":{"rendered":"https:\/\/imais.online\/portal\/?p=12251"},"modified":"2023-03-15T07:59:20","modified_gmt":"2023-03-15T10:59:20","slug":"museu-da-agua-recebe-primeira-turma-de-2023-do-programa-na-trilha-das-aguas","status":"publish","type":"post","link":"https:\/\/imais.online\/portal\/museu-da-agua-recebe-primeira-turma-de-2023-do-programa-na-trilha-das-aguas\/","title":{"rendered":"Museu da \u00c1gua recebe primeira turma de 2023 do Programa na Trilha das \u00c1guas"},"content":{"rendered":"<div class=\"imais-before-content-placement\" id=\"imais-1713746224\"><script async src=\"\/\/pagead2.googlesyndication.com\/pagead\/js\/adsbygoogle.js?client=ca-pub-8787528412751566\" crossorigin=\"anonymous\"><\/script><ins class=\"adsbygoogle\" style=\"display:block;\" data-ad-client=\"ca-pub-8787528412751566\" \ndata-ad-slot=\"\" \ndata-ad-format=\"auto\"><\/ins>\n<script> \n(adsbygoogle = window.adsbygoogle || []).push({}); \n<\/script>\n<\/div>\n<p class=\"has-text-align-center\"><em>O programa vinha acontecendo de forma virtual nos \u00faltimos dois anos<\/em><\/p>\n\n\n\n<p>Nesta ter\u00e7a-feira, 14, tem in\u00edcio o Programa de Educa\u00e7\u00e3o Ambiental \u201cNa Trilha das \u00c1guas\u201d, desenvolvido no Museu da \u00c1gua, realizado pelo Servi\u00e7o Aut\u00f4nomo de \u00c1gua e Esgotos (Saae), desde 2009, em parceria com a Secretaria Municipal de Educa\u00e7\u00e3o que tamb\u00e9m faz parte do Programa Munic\u00edpio VerdeAzul.<\/p>\n\n\n\n<p>Este ano o Programa est\u00e1 voltado aos alunos do quinto ano do Ensino Fundamental e iniciou com os alunos da Escola Municipal de Educa\u00e7\u00e3o B\u00e1sica (Emeb) Maria Ign\u00eas Pinezzi, onde os alunos percorreram a exposi\u00e7\u00e3o \u201cOrigem e Prop\u00f3sitos\u201d, que mostra a forma\u00e7\u00e3o da \u00e1gua em nosso planeta at\u00e9 sua transforma\u00e7\u00e3o nos dias de hoje, estiveram na Sala Hist\u00f3rica que conta sobre o abastecimento em nossa cidade e fizeram a trilha ecol\u00f3gica ao redor do museu onde aprenderam sobre a import\u00e2ncia da mata ciliar para a manuten\u00e7\u00e3o de um manancial, al\u00e9m de vivenciarem o contato com a \u201cbica\u201d ligada diretamente com a nascente do Cupini, que abastece nossa cidade desde 1936.<\/p>\n\n\n\n<p>O cronograma prev\u00ea a visita dos alunos at\u00e9 o dia 20 de junho.<\/p>\n\n\n\n<p>O objetivo do Programa na Trilha das \u00c1guas \u00e9 despertar a consci\u00eancia ambiental, principalmente nas crian\u00e7as e jovens para que eles tenham o cuidado necess\u00e1rio para a utiliza\u00e7\u00e3o de um recurso t\u00e3o importante, como a \u00e1gua.<\/p>\n","protected":false},"excerpt":{"rendered":"<p>O programa vinha acontecendo de forma virtual nos \u00faltimos dois anos Nesta ter\u00e7a-feira, 14, tem in\u00edcio o Programa de Educa\u00e7\u00e3o Ambiental \u201cNa Trilha das \u00c1guas\u201d, desenvolvido no Museu da \u00c1gua, realizado pelo Servi\u00e7o Aut\u00f4nomo de \u00c1gua e Esgotos (Saae), desde 2009, em parceria com a Secretaria Municipal de Educa\u00e7\u00e3o que tamb\u00e9m faz parte do Programa [&hellip;]<\/p>\n","protected":false},"author":7,"featured_media":12252,"comment_status":"closed","ping_status":"open","sticky":false,"template":"","format":"standard","meta":{"rop_custom_images_group":[],"rop_custom_messages_group":[],"rop_publish_now":"initial","rop_publish_now_accounts":[],"rop_publish_now_history":[],"rop_publish_now_status":"pending","footnotes":""},"categories":[188],"tags":[],"class_list":["post-12251","post","type-post","status-publish","format-standard","has-post-thumbnail","hentry","category-indaiatuba"],"amp_enabled":true,"_links":{"self":[{"href":"https:\/\/imais.online\/portal\/wp-json\/wp\/v2\/posts\/12251","targetHints":{"allow":["GET"]}}],"collection":[{"href":"https:\/\/imais.online\/portal\/wp-json\/wp\/v2\/posts"}],"about":[{"href":"https:\/\/imais.online\/portal\/wp-json\/wp\/v2\/types\/post"}],"author":[{"embeddable":true,"href":"https:\/\/imais.online\/portal\/wp-json\/wp\/v2\/users\/7"}],"replies":[{"embeddable":true,"href":"https:\/\/imais.online\/portal\/wp-json\/wp\/v2\/comments?post=12251"}],"version-history":[{"count":1,"href":"https:\/\/imais.online\/portal\/wp-json\/wp\/v2\/posts\/12251\/revisions"}],"predecessor-version":[{"id":12253,"href":"https:\/\/imais.online\/portal\/wp-json\/wp\/v2\/posts\/12251\/revisions\/12253"}],"wp:featuredmedia":[{"embeddable":true,"href":"https:\/\/imais.online\/portal\/wp-json\/wp\/v2\/media\/12252"}],"wp:attachment":[{"href":"https:\/\/imais.online\/portal\/wp-json\/wp\/v2\/media?parent=12251"}],"wp:term":[{"taxonomy":"category","embeddable":true,"href":"https:\/\/imais.online\/portal\/wp-json\/wp\/v2\/categories?post=12251"},{"taxonomy":"post_tag","embeddable":true,"href":"https:\/\/imais.online\/portal\/wp-json\/wp\/v2\/tags?post=12251"}],"curies":[{"name":"wp","href":"https:\/\/api.w.org\/{rel}","templated":true}]}}