{"id":12254,"date":"2023-03-15T08:03:14","date_gmt":"2023-03-15T11:03:14","guid":{"rendered":"https:\/\/imais.online\/portal\/?p=12254"},"modified":"2023-03-15T08:03:16","modified_gmt":"2023-03-15T11:03:16","slug":"saude-intensifica-campanha-de-busca-ativa-de-casos-de-tuberculose-a-partir-de-sexta","status":"publish","type":"post","link":"https:\/\/imais.online\/portal\/saude-intensifica-campanha-de-busca-ativa-de-casos-de-tuberculose-a-partir-de-sexta\/","title":{"rendered":"Sa\u00fade intensifica Campanha de Busca Ativa de casos de Tuberculose a partir de sexta"},"content":{"rendered":"<div class=\"imais-before-content-placement\" id=\"imais-3216648761\"><script async src=\"\/\/pagead2.googlesyndication.com\/pagead\/js\/adsbygoogle.js?client=ca-pub-8787528412751566\" crossorigin=\"anonymous\"><\/script><ins class=\"adsbygoogle\" style=\"display:block;\" data-ad-client=\"ca-pub-8787528412751566\" \ndata-ad-slot=\"\" \ndata-ad-format=\"auto\"><\/ins>\n<script> \n(adsbygoogle = window.adsbygoogle || []).push({}); \n<\/script>\n<\/div>\n<p class=\"has-text-align-center\"><em>Primeira fase das atividades acontece at\u00e9 31 de mar\u00e7o em toda Indaiatuba<\/em><\/p>\n\n\n\n<p>A Secretaria de Sa\u00fade de Indaiatuba inicia na pr\u00f3xima sexta-feira (17), a Campanha de Intensifica\u00e7\u00e3o da Busca Ativa de casos de Tuberculose, que consiste na busca por casos de pessoas sintom\u00e1ticas respirat\u00f3rias com a doen\u00e7a em todo territ\u00f3rio municipal.<\/p>\n\n\n\n<p>Seguindo as diretrizes do Programa Estadual de Controle da Tuberculose de 17 a 31 de mar\u00e7o, todas as unidades de sa\u00fade de Indaiatuba ir\u00e3o aplicar um question\u00e1rio para os pacientes buscando identificar indiv\u00edduos que tenham queixa de tosse h\u00e1 mais de tr\u00eas semanas e investigar 5% da popula\u00e7\u00e3o SUS dependente, conforme preconiza o Minist\u00e9rio da Sa\u00fade.<\/p>\n\n\n\n<p>A Secretaria de Sa\u00fade de Indaiatuba tamb\u00e9m anunciou um evento sobre o tema em 31 de mar\u00e7o no SAE\/CTA, localizado na Avenida Visconde de Indaiatuba, 199, Vila Vit\u00f3ria, anexo ao Hospital Dia, com a finalidade de orientar sobre a doen\u00e7a al\u00e9m da pesquisa por sintom\u00e1ticos na popula\u00e7\u00e3o em situa\u00e7\u00e3o de rua, atrav\u00e9s da avalia\u00e7\u00e3o cl\u00ednica com exames laboratoriais e de imagem dos casos positivos identificados.<\/p>\n\n\n\n<p>Em Indaiatuba, a Campanha de Conscientiza\u00e7\u00e3o da Tuberculose \u00e9 institu\u00edda pela Lei Municipal n\u00ba 7.887 de autoria do vereador Alexandre Peres.<\/p>\n","protected":false},"excerpt":{"rendered":"<p>Primeira fase das atividades acontece at\u00e9 31 de mar\u00e7o em toda Indaiatuba A Secretaria de Sa\u00fade de Indaiatuba inicia na pr\u00f3xima sexta-feira (17), a Campanha de Intensifica\u00e7\u00e3o da Busca Ativa de casos de Tuberculose, que consiste na busca por casos de pessoas sintom\u00e1ticas respirat\u00f3rias com a doen\u00e7a em todo territ\u00f3rio municipal. Seguindo as diretrizes do [&hellip;]<\/p>\n","protected":false},"author":7,"featured_media":12255,"comment_status":"closed","ping_status":"open","sticky":false,"template":"","format":"standard","meta":{"rop_custom_images_group":[],"rop_custom_messages_group":[],"rop_publish_now":"initial","rop_publish_now_accounts":[],"rop_publish_now_history":[],"rop_publish_now_status":"pending","footnotes":""},"categories":[188],"tags":[],"class_list":["post-12254","post","type-post","status-publish","format-standard","has-post-thumbnail","hentry","category-indaiatuba"],"amp_enabled":true,"_links":{"self":[{"href":"https:\/\/imais.online\/portal\/wp-json\/wp\/v2\/posts\/12254","targetHints":{"allow":["GET"]}}],"collection":[{"href":"https:\/\/imais.online\/portal\/wp-json\/wp\/v2\/posts"}],"about":[{"href":"https:\/\/imais.online\/portal\/wp-json\/wp\/v2\/types\/post"}],"author":[{"embeddable":true,"href":"https:\/\/imais.online\/portal\/wp-json\/wp\/v2\/users\/7"}],"replies":[{"embeddable":true,"href":"https:\/\/imais.online\/portal\/wp-json\/wp\/v2\/comments?post=12254"}],"version-history":[{"count":1,"href":"https:\/\/imais.online\/portal\/wp-json\/wp\/v2\/posts\/12254\/revisions"}],"predecessor-version":[{"id":12256,"href":"https:\/\/imais.online\/portal\/wp-json\/wp\/v2\/posts\/12254\/revisions\/12256"}],"wp:featuredmedia":[{"embeddable":true,"href":"https:\/\/imais.online\/portal\/wp-json\/wp\/v2\/media\/12255"}],"wp:attachment":[{"href":"https:\/\/imais.online\/portal\/wp-json\/wp\/v2\/media?parent=12254"}],"wp:term":[{"taxonomy":"category","embeddable":true,"href":"https:\/\/imais.online\/portal\/wp-json\/wp\/v2\/categories?post=12254"},{"taxonomy":"post_tag","embeddable":true,"href":"https:\/\/imais.online\/portal\/wp-json\/wp\/v2\/tags?post=12254"}],"curies":[{"name":"wp","href":"https:\/\/api.w.org\/{rel}","templated":true}]}}