{"id":12257,"date":"2023-03-15T08:06:00","date_gmt":"2023-03-15T11:06:00","guid":{"rendered":"https:\/\/imais.online\/portal\/?p=12257"},"modified":"2023-03-15T08:06:01","modified_gmt":"2023-03-15T11:06:01","slug":"quinta-edicao-da-pascoa-encantada-sera-realizada-em-dois-dias-com-shows-e-a-familia-coelho","status":"publish","type":"post","link":"https:\/\/imais.online\/portal\/quinta-edicao-da-pascoa-encantada-sera-realizada-em-dois-dias-com-shows-e-a-familia-coelho\/","title":{"rendered":"Quinta edi\u00e7\u00e3o da P\u00e1scoa Encantada ser\u00e1 realizada em dois dias com shows e a Fam\u00edlia Coelho"},"content":{"rendered":"<div class=\"imais-before-content-placement\" id=\"imais-3788345174\"><script async src=\"\/\/pagead2.googlesyndication.com\/pagead\/js\/adsbygoogle.js?client=ca-pub-8787528412751566\" crossorigin=\"anonymous\"><\/script><ins class=\"adsbygoogle\" style=\"display:block;\" data-ad-client=\"ca-pub-8787528412751566\" \ndata-ad-slot=\"\" \ndata-ad-format=\"auto\"><\/ins>\n<script> \n(adsbygoogle = window.adsbygoogle || []).push({}); \n<\/script>\n<\/div>\n<p class=\"has-text-align-center\"><em>Evento foi criado para movimentar o com\u00e9rcio local e oferecer atra\u00e7\u00f5es para toda a fam\u00edlia<\/em><\/p>\n\n\n\n<p>A Prefeitura de Indaiatuba, por meio da Secretaria Municipal de Cultura, promove a quinta edi\u00e7\u00e3o da P\u00e1scoa Encantada nos dias 31 de mar\u00e7o e 1\u00ba de abril, na Pra\u00e7a Prudente de Moraes, com shows da Banda Dadyna, Pintou o Samba, Gabriel Faria e Lado B. A Fam\u00edlia Coelho tamb\u00e9m \u00e9 presen\u00e7a confirmada no evento que conta com apoio da Aciai (Associa\u00e7\u00e3o Comercial, Industrial e Agr\u00edcola de Indaiatuba).<\/p>\n\n\n\n<p>\u201cEm 2023, realizaremos a P\u00e1scoa Encantada em dois dias. Na sexta-feira, 31 de mar\u00e7o, a Fam\u00edlia Coelho chega \u00e0s 18h30 na Pra\u00e7a Prudente de Moraes para nos ajudar a encontrar a chave da cidade\u201d, conta o prefeito Nilson Gaspar. \u201cNo s\u00e1bado, dia 1\u00ba, a Fam\u00edlia Coelho volta para, da\u00ed sim, receber a chave da cidade e dar in\u00edcio \u00e0s celebra\u00e7\u00f5es da P\u00e1scoa em nossa cidade\u201d. O intuito do evento, como lembra Gaspar, \u00e9 movimentar o com\u00e9rcio local e oferecer atra\u00e7\u00f5es para toda a fam\u00edlia.<\/p>\n\n\n\n<p>\u201cEste ano, a Fam\u00edlia Coelho vai chegar a bordo da Carreta Ecol\u00f3gica, gentilmente cedida pela Secretaria Municipal de Servi\u00e7os Urbanos e Meio Ambiente para os dois dias de evento\u201d, destaca a secret\u00e1ria municipal de Cultura, T\u00e2nia Castanho. \u201cNa sexta-feira, 31 de mar\u00e7o, a carreta sai do Centro Cultural Wanderley Peres, d\u00e1 uma volta por algumas ruas do Centro, at\u00e9 parar na Pra\u00e7a Prudente de Moraes. No s\u00e1bado, dia 1\u00ba, a carreta sai do Terminal Central do Ponto Cidad\u00e3o (antiga rodovi\u00e1ria) e segue para a pra\u00e7a\u201d.<\/p>\n\n\n\n<p>A 5\u00aa Pra\u00e7a Encantada ter\u00e1 in\u00edcio na sexta-feira, dia 31, a partir das 18h30, com a chegada da Fam\u00edlia Coelho \u00e0 Pra\u00e7a Prudente de Moraes e show da Banda Dadyna. No s\u00e1bado, dia 1\u00ba, a partir das 10 horas, a Fam\u00edlia Coelho volta para receber a chave da cidade, com apresenta\u00e7\u00e3o do grupo Pintou o Samba.<\/p>\n\n\n\n<p>No per\u00edodo da tarde, o cantor sertanejo Gabriel Faria sobe ao palco \u00e0s 18h. Na sequ\u00eancia, \u00e9 a vez do pop rock com a banda Lado B. A Pra\u00e7a Prudente de Moraes contar\u00e1 com pra\u00e7a de alimenta\u00e7\u00e3o comandada por entidades assistenciais da cidade. As crian\u00e7as poder\u00e3o se divertir com pinturas, que ficar\u00e3o expostas em um varal disponibilizado na pra\u00e7a.<\/p>\n\n\n\n<p><strong>Atra\u00e7\u00f5es<\/strong><\/p>\n\n\n\n<p>A Banda Dadyna foi criada em 2019 pelo m\u00fasico e produtor M\u00e1rcio Santos e investe em um repert\u00f3rio que mistura pop, rock, sertanejo, samba, ax\u00e9, entre outros. Atualmente, conta em sua forma\u00e7\u00e3o com M\u00e1rcio Sapupo no baixo, Leandro Henrique na guitarra e Thiago Neves e Dani Lima nos vocais.<\/p>\n\n\n\n<p>O grupo Pintou o Samba foi fundado em 2011 ap\u00f3s alguns encontros em bares de Indaiatuba para uma \u2018brincadeira\u2019 entre amigos. Logo o passatempo se tornou profissional e seus integrantes apostaram na cria\u00e7\u00e3o do Pintou o Samba. Atualmente, o grupo conta com Rafa Munhoz no vocal, Marcelinho Oliveira no cavaco e Jo\u00e3o Paulo Eug\u00eanio na percuss\u00e3o.<\/p>\n\n\n\n<p>Gabriel Faria tem apenas 17 anos, mas h\u00e1 seis se apresenta como cantor sertanejo em bares e casas noturnas de Indaiatuba e regi\u00e3o. J\u00e1 abriu shows de \u00c9dson &amp; Hudson, Gabi Martins, Gian &amp; Giovani e Daniel. Recentemente, gravou seu primeiro DVD com m\u00fasicas pr\u00f3prias e participa\u00e7\u00f5es especiais de grandes nomes da m\u00fasica sertaneja.<\/p>\n\n\n\n<p>A banda Lado B, formada em 2002, j\u00e1 se apresentou em grandes eventos e dividiu o palco com nomes como Tihuana, O Rappa, CPM 22, Biqu\u00edni Cavad\u00e3o, Planta e Raiz, Armandinho, O Surto, Ultraje a Rigor, entre outros. Hoje, com a forma\u00e7\u00e3o renovada, traz J\u00fanior Mendes no vocal, Danilo Campovilla na guitarra, Daniel Dimenor no baixo e Du Baldini na bateria.<\/p>\n\n\n\n<p><strong>PROGRAMA\u00c7\u00c3O<\/strong><\/p>\n\n\n\n<p><strong>31 de mar\u00e7o<\/strong><strong><br><\/strong>18h30 \u2013 Chegada da Fam\u00edlia Coelho<br>20h \u2013 Banda Dadyna<\/p>\n\n\n\n<p><strong>1\u00ba de abril<\/strong><strong><br><\/strong>10h \u2013 Abertura e entrega das chaves para a Fam\u00edlia Coelho<br>10h30 \u00e0s 13h \u2013 Pintou o Samba<br>18h \u2013 Gabriel Faria (sertanejo)<br>20h \u2013 Lado B (pop rock)<\/p>\n","protected":false},"excerpt":{"rendered":"<p>Evento foi criado para movimentar o com\u00e9rcio local e oferecer atra\u00e7\u00f5es para toda a fam\u00edlia A Prefeitura de Indaiatuba, por meio da Secretaria Municipal de Cultura, promove a quinta edi\u00e7\u00e3o da P\u00e1scoa Encantada nos dias 31 de mar\u00e7o e 1\u00ba de abril, na Pra\u00e7a Prudente de Moraes, com shows da Banda Dadyna, Pintou o Samba, [&hellip;]<\/p>\n","protected":false},"author":7,"featured_media":12258,"comment_status":"closed","ping_status":"open","sticky":false,"template":"","format":"standard","meta":{"rop_custom_images_group":[],"rop_custom_messages_group":[],"rop_publish_now":"initial","rop_publish_now_accounts":[],"rop_publish_now_history":[],"rop_publish_now_status":"pending","footnotes":""},"categories":[188],"tags":[],"class_list":["post-12257","post","type-post","status-publish","format-standard","has-post-thumbnail","hentry","category-indaiatuba"],"amp_enabled":true,"_links":{"self":[{"href":"https:\/\/imais.online\/portal\/wp-json\/wp\/v2\/posts\/12257","targetHints":{"allow":["GET"]}}],"collection":[{"href":"https:\/\/imais.online\/portal\/wp-json\/wp\/v2\/posts"}],"about":[{"href":"https:\/\/imais.online\/portal\/wp-json\/wp\/v2\/types\/post"}],"author":[{"embeddable":true,"href":"https:\/\/imais.online\/portal\/wp-json\/wp\/v2\/users\/7"}],"replies":[{"embeddable":true,"href":"https:\/\/imais.online\/portal\/wp-json\/wp\/v2\/comments?post=12257"}],"version-history":[{"count":1,"href":"https:\/\/imais.online\/portal\/wp-json\/wp\/v2\/posts\/12257\/revisions"}],"predecessor-version":[{"id":12259,"href":"https:\/\/imais.online\/portal\/wp-json\/wp\/v2\/posts\/12257\/revisions\/12259"}],"wp:featuredmedia":[{"embeddable":true,"href":"https:\/\/imais.online\/portal\/wp-json\/wp\/v2\/media\/12258"}],"wp:attachment":[{"href":"https:\/\/imais.online\/portal\/wp-json\/wp\/v2\/media?parent=12257"}],"wp:term":[{"taxonomy":"category","embeddable":true,"href":"https:\/\/imais.online\/portal\/wp-json\/wp\/v2\/categories?post=12257"},{"taxonomy":"post_tag","embeddable":true,"href":"https:\/\/imais.online\/portal\/wp-json\/wp\/v2\/tags?post=12257"}],"curies":[{"name":"wp","href":"https:\/\/api.w.org\/{rel}","templated":true}]}}