{"id":12260,"date":"2023-03-15T08:08:12","date_gmt":"2023-03-15T11:08:12","guid":{"rendered":"https:\/\/imais.online\/portal\/?p=12260"},"modified":"2023-03-15T08:08:14","modified_gmt":"2023-03-15T11:08:14","slug":"prefeitura-de-indaiatuba-inaugura-residencial-vila-dos-idosos-luiz-carvalini-neste-sabado-18","status":"publish","type":"post","link":"https:\/\/imais.online\/portal\/prefeitura-de-indaiatuba-inaugura-residencial-vila-dos-idosos-luiz-carvalini-neste-sabado-18\/","title":{"rendered":"Prefeitura de Indaiatuba inaugura Residencial Vila dos Idosos Luiz Carvalini neste s\u00e1bado (18)"},"content":{"rendered":"<div class=\"imais-before-content-placement\" id=\"imais-3335499523\"><script async src=\"\/\/pagead2.googlesyndication.com\/pagead\/js\/adsbygoogle.js?client=ca-pub-8787528412751566\" crossorigin=\"anonymous\"><\/script><ins class=\"adsbygoogle\" style=\"display:block;\" data-ad-client=\"ca-pub-8787528412751566\" \ndata-ad-slot=\"\" \ndata-ad-format=\"auto\"><\/ins>\n<script> \n(adsbygoogle = window.adsbygoogle || []).push({}); \n<\/script>\n<\/div>\n<p class=\"has-text-align-center\"><em>Secretaria de Habita\u00e7\u00e3o j\u00e1 divulgou lista dos contemplados das 40 unidades habitacionais<\/em><\/p>\n\n\n\n<p>A Prefeitura de Indaiatuba inaugura neste s\u00e1bado (18) o Residencial Vila dos Idosos Luiz Carvalini a partir das 10h da manh\u00e3. O local, composto por 40 unidades habitacionais, \u00e9 destinado para idosos solteiros ou casados, a partir de 60 anos, que sejam independentes para a realiza\u00e7\u00e3o de tarefas do dia a dia. As Secretarias de Habita\u00e7\u00e3o e de Assist\u00eancia Social j\u00e1 realizaram os sorteios e divulgaram a lista dos contemplados.<\/p>\n\n\n\n<p><a href=\"https:\/\/www.indaiatuba.sp.gov.br\/habitacao\/vila-dos-idosos\/\">+ Clique aqui e veja a lista dos beneficiados do Residencial Vila dos Idosos Luiz Carvalini<\/a><\/p>\n\n\n\n<p>Denominado Residencial Vila dos Idosos Luiz Carvalini, o projeto de habita\u00e7\u00e3o popular direcionado para o p\u00fablico da \u201cmelhor idade\u201d foi constru\u00eddo pela Prefeitura de Indaiatuba no Jardim Br\u00e9scia. As obras foram conclu\u00eddas no final de 2022 e a Administra\u00e7\u00e3o Municipal investiu R$ 4,5 milh\u00f5es no projeto habitacional com recursos pr\u00f3prios.<\/p>\n\n\n\n<p>Para o prefeito Nilson Gaspar esse \u00e9 um dos mais importantes projetos com foco na amplia\u00e7\u00e3o da oferta de moradias para a popula\u00e7\u00e3o. \u201cA \u00e1rea social sempre foi um dos pilares do meu governo, assim como a habita\u00e7\u00e3o e esse projeto une essas duas prioridades de atua\u00e7\u00e3o. A Vila dos Idosos oferecer\u00e1 um lar para gente trabalhadora, que chegou na terceira idade e ainda depende de aluguel. Esse \u00e9 mais um projeto inovador que estamos concretizando para o bem-estar da nossa popula\u00e7\u00e3o\u201d, assegurou.<\/p>\n\n\n\n<p>A Vila dos Idosos ocupa uma \u00e1rea total de 8.049,84m\u00b2. Das 40 unidades habitacionais disponibilizadas, quatro ser\u00e3o casas isoladas de 40,16m\u00b2 e as 36 restantes ser\u00e3o casas geminadas com \u00e1rea de 79,45m\u00b2, totalizando 1.590,74m\u00b2 de \u00e1rea constru\u00edda. Todas as unidades ser\u00e3o t\u00e9rreas e compostas de sala, cozinha, \u00e1rea de servi\u00e7o, banheiro acess\u00edvel e dormit\u00f3rio que pode acomodar um casal de idosos. O Residencial ainda conta com uma \u00e1rea comunit\u00e1ria para eventos e uma academia ao ar livre para atividades f\u00edsicas.<\/p>\n\n\n\n<p><strong>Servi\u00e7o<\/strong><\/p>\n\n\n\n<p>Inaugura\u00e7\u00e3o do Residencial Vila dos Idosos Luiz Carvalini<\/p>\n\n\n\n<p>Data: S\u00e1bado, 18\/03\/2023;<\/p>\n\n\n\n<p>Local: Rua Christiano Seleguin, 665 \u2013 Jd. Br\u00e9scia;<\/p>\n\n\n\n<p>Hor\u00e1rio: 10h<\/p>\n","protected":false},"excerpt":{"rendered":"<p>Secretaria de Habita\u00e7\u00e3o j\u00e1 divulgou lista dos contemplados das 40 unidades habitacionais A Prefeitura de Indaiatuba inaugura neste s\u00e1bado (18) o Residencial Vila dos Idosos Luiz Carvalini a partir das 10h da manh\u00e3. O local, composto por 40 unidades habitacionais, \u00e9 destinado para idosos solteiros ou casados, a partir de 60 anos, que sejam independentes [&hellip;]<\/p>\n","protected":false},"author":7,"featured_media":12261,"comment_status":"closed","ping_status":"open","sticky":false,"template":"","format":"standard","meta":{"rop_custom_images_group":[],"rop_custom_messages_group":[],"rop_publish_now":"initial","rop_publish_now_accounts":[],"rop_publish_now_history":[],"rop_publish_now_status":"pending","footnotes":""},"categories":[188],"tags":[],"class_list":["post-12260","post","type-post","status-publish","format-standard","has-post-thumbnail","hentry","category-indaiatuba"],"amp_enabled":true,"_links":{"self":[{"href":"https:\/\/imais.online\/portal\/wp-json\/wp\/v2\/posts\/12260","targetHints":{"allow":["GET"]}}],"collection":[{"href":"https:\/\/imais.online\/portal\/wp-json\/wp\/v2\/posts"}],"about":[{"href":"https:\/\/imais.online\/portal\/wp-json\/wp\/v2\/types\/post"}],"author":[{"embeddable":true,"href":"https:\/\/imais.online\/portal\/wp-json\/wp\/v2\/users\/7"}],"replies":[{"embeddable":true,"href":"https:\/\/imais.online\/portal\/wp-json\/wp\/v2\/comments?post=12260"}],"version-history":[{"count":1,"href":"https:\/\/imais.online\/portal\/wp-json\/wp\/v2\/posts\/12260\/revisions"}],"predecessor-version":[{"id":12262,"href":"https:\/\/imais.online\/portal\/wp-json\/wp\/v2\/posts\/12260\/revisions\/12262"}],"wp:featuredmedia":[{"embeddable":true,"href":"https:\/\/imais.online\/portal\/wp-json\/wp\/v2\/media\/12261"}],"wp:attachment":[{"href":"https:\/\/imais.online\/portal\/wp-json\/wp\/v2\/media?parent=12260"}],"wp:term":[{"taxonomy":"category","embeddable":true,"href":"https:\/\/imais.online\/portal\/wp-json\/wp\/v2\/categories?post=12260"},{"taxonomy":"post_tag","embeddable":true,"href":"https:\/\/imais.online\/portal\/wp-json\/wp\/v2\/tags?post=12260"}],"curies":[{"name":"wp","href":"https:\/\/api.w.org\/{rel}","templated":true}]}}