{"id":12359,"date":"2023-03-21T10:37:53","date_gmt":"2023-03-21T13:37:53","guid":{"rendered":"https:\/\/imais.online\/portal\/?p=12359"},"modified":"2023-03-21T10:37:56","modified_gmt":"2023-03-21T13:37:56","slug":"menina-de-11-anos-e-vitima-de-estupro-grupal-em-shopping","status":"publish","type":"post","link":"https:\/\/imais.online\/portal\/menina-de-11-anos-e-vitima-de-estupro-grupal-em-shopping\/","title":{"rendered":"Menina de 11 anos \u00e9 v\u00edtima de estupro grupal em shopping"},"content":{"rendered":"<div class=\"imais-before-content-placement\" id=\"imais-2305222357\"><script async src=\"\/\/pagead2.googlesyndication.com\/pagead\/js\/adsbygoogle.js?client=ca-pub-8787528412751566\" crossorigin=\"anonymous\"><\/script><ins class=\"adsbygoogle\" style=\"display:block;\" data-ad-client=\"ca-pub-8787528412751566\" \ndata-ad-slot=\"\" \ndata-ad-format=\"auto\"><\/ins>\n<script> \n(adsbygoogle = window.adsbygoogle || []).push({}); \n<\/script>\n<\/div>\n<h2 class=\"wp-block-heading\">Garota teria sido amea\u00e7ada por adolescentes e levada \u00e0 for\u00e7a para banheiro de centro comercial em Badalona, na Espanha<\/h2>\n\n\n\n<p>A revela\u00e7\u00e3o recente do estupro de uma menina de 11 anos por um grupo de adolescentes, alguns com menos de 14 anos, perto de&nbsp;<a href=\"https:\/\/noticias.r7.com\/internacional\">Barcelona<\/a>, chocou a sociedade espanhola, que se pergunta como frear a viol\u00eancia entre os jovens.<\/p>\n\n\n\n<p>Os fatos, revelados esta semana na imprensa local, teriam ocorrido em novembro, quando uma menina de 11 anos, que passeava por um shopping center em Badalona, na regi\u00e3o metropolitana de Barcelona, foi surpreendida por um grupo de seis menores que a amea\u00e7aram com uma faca para lev\u00e1-la at\u00e9 os banheiros, onde a estupraram.<\/p>\n\n\n\n<p>Consultada pela AFP, a pol\u00edcia regional catal\u00e3 confirmou ter recebido uma den\u00fancia em dezembro de &#8220;agress\u00e3o sexual&#8221; \u2013 que no c\u00f3digo penal espanhol inclui v\u00e1rios tipos de viol\u00eancia, inclusive o estupro \u2013 entre menores. A for\u00e7a se recusou a dar mais informa\u00e7\u00f5es sobre o caso, pois envolve menores de idade.<\/p>\n\n\n\n<p>Em mensagem enviada \u00e0 imprensa, o Minist\u00e9rio P\u00fablico informou que tampouco dar\u00e1 &#8220;qualquer informa\u00e7\u00e3o sobre o caso, pois a instru\u00e7\u00e3o \u00e9 sigilosa&#8221;.<\/p>\n\n\n\n<p>A Prefeitura de Badalona, cidade de 223 mil habitantes a cerca de 10 km de Barcelona, anunciou, por sua vez, a &#8220;vontade&#8221; de se apresentar como assistente de acusa\u00e7\u00e3o em um futuro processo &#8220;para defender a v\u00edtima da agress\u00e3o sexual grupal&#8221;.<\/p>\n\n\n\n<p>A maioria dos supostos agressores tinha menos de 14 anos, idade m\u00ednima para ser imput\u00e1vel na Espanha. O Minist\u00e9rio P\u00fablico pediu h\u00e1 algumas semanas que os dois \u00fanicos maiores de 14 anos fossem internados em um centro, reportou o jornal El Pa\u00eds. O juiz, no entanto, s\u00f3 concordou com a entrada de um deles e outro est\u00e1 em liberdade vigiada.<\/p>\n\n\n\n<p>A imprensa local noticiou que o irm\u00e3o da suposta v\u00edtima teria come\u00e7ado a sofrer amea\u00e7as depois que a fam\u00edlia apresentou a den\u00fancia.<\/p>\n\n\n\n<p>Nesta sexta-feira (10), a Justi\u00e7a informou que um magistrado concordou com a interna\u00e7\u00e3o, por seis meses, para um menor que tinha sido detido por &#8220;obstru\u00e7\u00e3o de justi\u00e7a e amea\u00e7as a uma terceira ou a terceiras pessoas relacionadas com um caso que investiga uma suposta agress\u00e3o sexual em grupo contra uma menor em Badalona&#8221;.<\/p>\n\n\n\n<p>As informa\u00e7\u00f5es que est\u00e3o vindo \u00e0 tona sobre o caso despertaram grande preocupa\u00e7\u00e3o social sobre os crimes sexuais cometidos por menores, que, no ano passado, representaram mais de 12% do total na Catalunha, segundo dados da pol\u00edcia regional.<\/p>\n\n\n\n<p>A situa\u00e7\u00e3o requer &#8220;que todos entendamos e analisemos o que est\u00e1 acontecendo conosco enquanto sociedade porque estas condutas s\u00e3o intoler\u00e1veis e est\u00e3o normalizadas&#8221;, afirmou, na \u00faltima quinta-feira (9), Montserrat Escud\u00e9, porta-voz da Mossos d&#8217;Esquadra, a pol\u00edcia regional catal\u00e3.<\/p>\n\n\n\n<p>Fonte R7 <\/p>\n","protected":false},"excerpt":{"rendered":"<p>Garota teria sido amea\u00e7ada por adolescentes e levada \u00e0 for\u00e7a para banheiro de centro comercial em Badalona, na Espanha A revela\u00e7\u00e3o recente do estupro de uma menina de 11 anos por um grupo de adolescentes, alguns com menos de 14 anos, perto de&nbsp;Barcelona, chocou a sociedade espanhola, que se pergunta como frear a viol\u00eancia entre [&hellip;]<\/p>\n","protected":false},"author":8,"featured_media":12360,"comment_status":"closed","ping_status":"open","sticky":false,"template":"","format":"standard","meta":{"rop_custom_images_group":[],"rop_custom_messages_group":[],"rop_publish_now":"initial","rop_publish_now_accounts":[],"rop_publish_now_history":[],"rop_publish_now_status":"pending","footnotes":""},"categories":[212],"tags":[],"class_list":["post-12359","post","type-post","status-publish","format-standard","has-post-thumbnail","hentry","category-internacional"],"amp_enabled":true,"_links":{"self":[{"href":"https:\/\/imais.online\/portal\/wp-json\/wp\/v2\/posts\/12359","targetHints":{"allow":["GET"]}}],"collection":[{"href":"https:\/\/imais.online\/portal\/wp-json\/wp\/v2\/posts"}],"about":[{"href":"https:\/\/imais.online\/portal\/wp-json\/wp\/v2\/types\/post"}],"author":[{"embeddable":true,"href":"https:\/\/imais.online\/portal\/wp-json\/wp\/v2\/users\/8"}],"replies":[{"embeddable":true,"href":"https:\/\/imais.online\/portal\/wp-json\/wp\/v2\/comments?post=12359"}],"version-history":[{"count":1,"href":"https:\/\/imais.online\/portal\/wp-json\/wp\/v2\/posts\/12359\/revisions"}],"predecessor-version":[{"id":12361,"href":"https:\/\/imais.online\/portal\/wp-json\/wp\/v2\/posts\/12359\/revisions\/12361"}],"wp:featuredmedia":[{"embeddable":true,"href":"https:\/\/imais.online\/portal\/wp-json\/wp\/v2\/media\/12360"}],"wp:attachment":[{"href":"https:\/\/imais.online\/portal\/wp-json\/wp\/v2\/media?parent=12359"}],"wp:term":[{"taxonomy":"category","embeddable":true,"href":"https:\/\/imais.online\/portal\/wp-json\/wp\/v2\/categories?post=12359"},{"taxonomy":"post_tag","embeddable":true,"href":"https:\/\/imais.online\/portal\/wp-json\/wp\/v2\/tags?post=12359"}],"curies":[{"name":"wp","href":"https:\/\/api.w.org\/{rel}","templated":true}]}}