{"id":12386,"date":"2023-03-23T10:47:26","date_gmt":"2023-03-23T13:47:26","guid":{"rendered":"https:\/\/imais.online\/portal\/?p=12386"},"modified":"2023-03-23T10:47:29","modified_gmt":"2023-03-23T13:47:29","slug":"australiana-de-13-anos-e-torturada-por-colegas-apos-ser-convidada-para-festa-falsa","status":"publish","type":"post","link":"https:\/\/imais.online\/portal\/australiana-de-13-anos-e-torturada-por-colegas-apos-ser-convidada-para-festa-falsa\/","title":{"rendered":"Australiana de 13 anos \u00e9 torturada por colegas ap\u00f3s ser convidada para festa falsa&nbsp;"},"content":{"rendered":"<div class=\"imais-before-content-placement\" id=\"imais-1190964390\"><script async src=\"\/\/pagead2.googlesyndication.com\/pagead\/js\/adsbygoogle.js?client=ca-pub-8787528412751566\" crossorigin=\"anonymous\"><\/script><ins class=\"adsbygoogle\" style=\"display:block;\" data-ad-client=\"ca-pub-8787528412751566\" \ndata-ad-slot=\"\" \ndata-ad-format=\"auto\"><\/ins>\n<script> \n(adsbygoogle = window.adsbygoogle || []).push({}); \n<\/script>\n<\/div>\n<h2 class=\"wp-block-heading\">Agressoras tinham praticamente a mesma idade da v\u00edtima, e motiva\u00e7\u00e3o ainda \u00e9 desconhecida; menina foi parar no hospital<\/h2>\n\n\n\n<p>Kirra Hart, de 13 anos, foi convidada por suas colegas de classe para uma festa no m\u00eas de mar\u00e7o, mas quando chegou ao endere\u00e7o, em Sunshine Cost, na Austr\u00e1lia, n\u00e3o encontrou o que esperava.<\/p>\n\n\n\n<p>Na casa s\u00f3 havia outras tr\u00eas meninas, que trancaram a porta assim que a v\u00edtima entrou e come\u00e7aram a tortur\u00e1-la. As outras adolescentes tinham entre 12 e 15 anos, e nenhum respons\u00e1vel estava na resid\u00eancia.\u00a0<\/p>\n\n\n\n<p>A motiva\u00e7\u00e3o do crime ainda \u00e9 desconhecida, j\u00e1 que as agressoras, at\u00e9 ent\u00e3o, se passavam por amigas da v\u00edtima. A m\u00e3e de Kirra contou ao\u00a0<em>Australian Courier Mail<\/em>\u00a0que sua filha tinha conhecido o grupo h\u00e1 duas semanas.<\/p>\n\n\n\n<p>Por mais de cinco horas, a v\u00edtima foi submetida a uma verdadeira sess\u00e3o de tortura, que inclu\u00eda ser queimada, humilhada, amarrada e pisoteada, al\u00e9m de ter sido cortada com facas e peda\u00e7os de vidro. Toda a a\u00e7\u00e3o, que aconteceu no dia 15, foi registrada por uma das convidadas, e as imagens vazaram nas redes recentemente, chocando a internet.<\/p>\n\n\n\n<p>Depois do ataque, uma das envolvidas acompanhou Kirra at\u00e9 em casa, instruindo a garota a mentir sobre o que tinha acontecido, caso contr\u00e1rio, elas matariam a jovem junto de toda sua fam\u00edlia.\u00a0<\/p>\n\n\n\n<p>Quando chegou, a v\u00edtima e a suspeita mentiram para os Hart, alegando que Kirra tinha sofrido uma tentativa violenta de assalto, mas que &#8220;por sorte&#8221; suas amigas estavam l\u00e1 e a ajudaram. A m\u00e3e da menina desconfiou da vers\u00e3o, e conseguiu extrair a verdade da filha mais tarde.<\/p>\n\n\n\n<p>&#8220;Al\u00e9m dos hematomas, dos dois olhos roxos, do pulso fraturado e do rosto inchado, ela foi esfaqueada no joelho e, por pouco, n\u00e3o atingiu um tend\u00e3o&#8221;, relatou a m\u00e3e ao jornal local.<\/p>\n\n\n\n<p>Agora, a fam\u00edlia Hart est\u00e1 escondida enquanto as investiga\u00e7\u00f5es acontecem, para terem privacidade e seguran\u00e7a. Em seu perfil do Instagram, Kirra divulga os nomes e rostos de suas agressoras, pedindo justi\u00e7a.<\/p>\n\n\n\n<p>Contas com o nome &#8220;Justice for Kirra Hart&#8221; (justi\u00e7a para Kirra Hart) est\u00e3o surgindo nas redes, al\u00e9m de hashtags e trends sobre o assunto. Em um v\u00eddeo recente postado no TikTok, a v\u00edtima aparece recuperada de seus ferimentos, mas garante que nunca esquecer\u00e1 o acontecido.\u00a0<\/p>\n\n\n\n<p>Fonte R7 <\/p>\n","protected":false},"excerpt":{"rendered":"<p>Agressoras tinham praticamente a mesma idade da v\u00edtima, e motiva\u00e7\u00e3o ainda \u00e9 desconhecida; menina foi parar no hospital Kirra Hart, de 13 anos, foi convidada por suas colegas de classe para uma festa no m\u00eas de mar\u00e7o, mas quando chegou ao endere\u00e7o, em Sunshine Cost, na Austr\u00e1lia, n\u00e3o encontrou o que esperava. Na casa s\u00f3 [&hellip;]<\/p>\n","protected":false},"author":8,"featured_media":12387,"comment_status":"closed","ping_status":"open","sticky":false,"template":"","format":"standard","meta":{"rop_custom_images_group":[],"rop_custom_messages_group":[],"rop_publish_now":"initial","rop_publish_now_accounts":[],"rop_publish_now_history":[],"rop_publish_now_status":"pending","footnotes":""},"categories":[212],"tags":[],"class_list":["post-12386","post","type-post","status-publish","format-standard","has-post-thumbnail","hentry","category-internacional"],"amp_enabled":true,"_links":{"self":[{"href":"https:\/\/imais.online\/portal\/wp-json\/wp\/v2\/posts\/12386","targetHints":{"allow":["GET"]}}],"collection":[{"href":"https:\/\/imais.online\/portal\/wp-json\/wp\/v2\/posts"}],"about":[{"href":"https:\/\/imais.online\/portal\/wp-json\/wp\/v2\/types\/post"}],"author":[{"embeddable":true,"href":"https:\/\/imais.online\/portal\/wp-json\/wp\/v2\/users\/8"}],"replies":[{"embeddable":true,"href":"https:\/\/imais.online\/portal\/wp-json\/wp\/v2\/comments?post=12386"}],"version-history":[{"count":1,"href":"https:\/\/imais.online\/portal\/wp-json\/wp\/v2\/posts\/12386\/revisions"}],"predecessor-version":[{"id":12388,"href":"https:\/\/imais.online\/portal\/wp-json\/wp\/v2\/posts\/12386\/revisions\/12388"}],"wp:featuredmedia":[{"embeddable":true,"href":"https:\/\/imais.online\/portal\/wp-json\/wp\/v2\/media\/12387"}],"wp:attachment":[{"href":"https:\/\/imais.online\/portal\/wp-json\/wp\/v2\/media?parent=12386"}],"wp:term":[{"taxonomy":"category","embeddable":true,"href":"https:\/\/imais.online\/portal\/wp-json\/wp\/v2\/categories?post=12386"},{"taxonomy":"post_tag","embeddable":true,"href":"https:\/\/imais.online\/portal\/wp-json\/wp\/v2\/tags?post=12386"}],"curies":[{"name":"wp","href":"https:\/\/api.w.org\/{rel}","templated":true}]}}