{"id":12492,"date":"2023-03-30T15:20:49","date_gmt":"2023-03-30T18:20:49","guid":{"rendered":"https:\/\/imais.online\/portal\/?p=12492"},"modified":"2023-03-30T15:20:51","modified_gmt":"2023-03-30T18:20:51","slug":"vinicola-goes-sugere-alguns-rotulos-para-deixar-sua-pascoa-mais-saborosa","status":"publish","type":"post","link":"https:\/\/imais.online\/portal\/vinicola-goes-sugere-alguns-rotulos-para-deixar-sua-pascoa-mais-saborosa\/","title":{"rendered":"Vin\u00edcola G\u00f3es sugere alguns r\u00f3tulos para deixar sua P\u00e1scoa mais saborosa"},"content":{"rendered":"<div class=\"imais-before-content-placement\" id=\"imais-3688232412\"><script async src=\"\/\/pagead2.googlesyndication.com\/pagead\/js\/adsbygoogle.js?client=ca-pub-8787528412751566\" crossorigin=\"anonymous\"><\/script><ins class=\"adsbygoogle\" style=\"display:block;\" data-ad-client=\"ca-pub-8787528412751566\" \ndata-ad-slot=\"\" \ndata-ad-format=\"auto\"><\/ins>\n<script> \n(adsbygoogle = window.adsbygoogle || []).push({}); \n<\/script>\n<\/div>\n<p class=\"has-text-align-center\"><em>Confira as harmoniza\u00e7\u00f5es com algumas das diversas receitas e chocolates do feriado santo<\/em><\/p>\n\n\n\n<p>A P\u00e1scoa est\u00e1 chegando e com ela diversas receitas que encantam as mesas dos brasileiros. Claro que o bacalhau sempre ganha o destaque como o prato principal, mas n\u00e3o podemos esquecer dos deliciosos chocolates que s\u00e3o a tradi\u00e7\u00e3o do feriado. Portanto, est\u00e1 na hora de escolher os pratos e o seu chocolate preferido, depois incluir o vinho G\u00f3es que harmoniza perfeitamente com suas receitas.<\/p>\n\n\n\n<p>A <em>sommelier <\/em>Silvia Mascella Rosa, da Vin\u00edcola G\u00f3es, tradicional vin\u00edcola localizada em S\u00e3o Roque (SP), preparou dicas de harmoniza\u00e7\u00e3o de vinho para as irresist\u00edveis receitas e doces do feriado santo.<\/p>\n\n\n<div class=\"wp-block-image\">\n<figure class=\"aligncenter size-full\"><img loading=\"lazy\" decoding=\"async\" width=\"201\" height=\"201\" src=\"https:\/\/imais.online\/portal\/wp-content\/uploads\/2023\/03\/Vinho-Tinto-Simis-Carmenere-Reserva-2018.jpg\" alt=\"\" class=\"wp-image-12493\" srcset=\"https:\/\/imais.online\/portal\/wp-content\/uploads\/2023\/03\/Vinho-Tinto-Simis-Carmenere-Reserva-2018.jpg 201w, https:\/\/imais.online\/portal\/wp-content\/uploads\/2023\/03\/Vinho-Tinto-Simis-Carmenere-Reserva-2018-150x150.jpg 150w, https:\/\/imais.online\/portal\/wp-content\/uploads\/2023\/03\/Vinho-Tinto-Simis-Carmenere-Reserva-2018-80x80.jpg 80w\" sizes=\"auto, (max-width: 201px) 100vw, 201px\" \/><figcaption><em>Vinho Tinto Simis Carm\u00e9n\u00e8re Reserva<\/em><\/figcaption><\/figure>\n<\/div>\n\n\n<p>O bacalhau ao forno, com piment\u00e3o, tomate, batata, azeite e, em algumas prepara\u00e7\u00f5es, com azeitonas e couve, \u00e9 uma das receitas mais tradicionais aqui no Brasil. O SIMIS Carmen\u00e9re \u00e9 um tinto com aromas delicados e taninos elegantes, mas que fazem frente \u00e0 combina\u00e7\u00e3o intensa de sabores.<\/p>\n\n\n<div class=\"wp-block-image\">\n<figure class=\"aligncenter size-full\"><img loading=\"lazy\" decoding=\"async\" width=\"204\" height=\"204\" src=\"https:\/\/imais.online\/portal\/wp-content\/uploads\/2023\/03\/Vinho-Branco-Tempos-de-Goes-Sauvignon-Blanc-Reserva-2019.jpg\" alt=\"\" class=\"wp-image-12494\" srcset=\"https:\/\/imais.online\/portal\/wp-content\/uploads\/2023\/03\/Vinho-Branco-Tempos-de-Goes-Sauvignon-Blanc-Reserva-2019.jpg 204w, https:\/\/imais.online\/portal\/wp-content\/uploads\/2023\/03\/Vinho-Branco-Tempos-de-Goes-Sauvignon-Blanc-Reserva-2019-150x150.jpg 150w, https:\/\/imais.online\/portal\/wp-content\/uploads\/2023\/03\/Vinho-Branco-Tempos-de-Goes-Sauvignon-Blanc-Reserva-2019-80x80.jpg 80w\" sizes=\"auto, (max-width: 204px) 100vw, 204px\" \/><\/figure>\n<\/div>\n\n\n<p>Que tal preparar uma receita com lombo de porco para o domingo de P\u00e1scoa? Se esta for a sua escolha, principalmente se o prato for preparado ao forno com ervas, a combina\u00e7\u00e3o sugerida \u00e9 o Sauvignon Blanc Tempos de G\u00f3es, uma combina\u00e7\u00e3o inesquec\u00edvel em sabor e aroma.<\/p>\n\n\n<div class=\"wp-block-image\">\n<figure class=\"aligncenter size-large is-resized\"><img decoding=\"async\" src=\"https:\/\/imais.online\/portal\/wp-content\/uploads\/2023\/03\/licoroso-final-2-1--357x1024.jpg\" alt=\"\" class=\"wp-image-12495\" width=\"-223\" height=\"-640\" srcset=\"https:\/\/imais.online\/portal\/wp-content\/uploads\/2023\/03\/licoroso-final-2-1--357x1024.jpg 357w, https:\/\/imais.online\/portal\/wp-content\/uploads\/2023\/03\/licoroso-final-2-1--105x300.jpg 105w, https:\/\/imais.online\/portal\/wp-content\/uploads\/2023\/03\/licoroso-final-2-1--768x2203.jpg 768w, https:\/\/imais.online\/portal\/wp-content\/uploads\/2023\/03\/licoroso-final-2-1--536x1536.jpg 536w, https:\/\/imais.online\/portal\/wp-content\/uploads\/2023\/03\/licoroso-final-2-1--714x2048.jpg 714w, https:\/\/imais.online\/portal\/wp-content\/uploads\/2023\/03\/licoroso-final-2-1--scaled.jpg 893w\" sizes=\"(max-width: 357px) 100vw, 357px\" \/><figcaption><em>Vinho Licoroso Edi\u00e7\u00e3o Especial Gumercindo de G\u00f3es 2011<\/em><\/figcaption><\/figure>\n<\/div>\n\n\n<p>Ovo de P\u00e1scoa recheado com Gumercindo de G\u00f3es licoroso \u2013 Vale a regra do DBDVD: doce bem doce, com vinho doce! E a combina\u00e7\u00e3o fica ainda mais perfeita se esse ovo for recheado de creme de damasco ou com creme de avel\u00e3.<\/p>\n\n\n<div class=\"wp-block-image\">\n<figure class=\"aligncenter size-full\"><img loading=\"lazy\" decoding=\"async\" width=\"186\" height=\"186\" src=\"https:\/\/imais.online\/portal\/wp-content\/uploads\/2023\/03\/Espumante-Moscatel-Saint-Tropez.jpg\" alt=\"\" class=\"wp-image-12496\" srcset=\"https:\/\/imais.online\/portal\/wp-content\/uploads\/2023\/03\/Espumante-Moscatel-Saint-Tropez.jpg 186w, https:\/\/imais.online\/portal\/wp-content\/uploads\/2023\/03\/Espumante-Moscatel-Saint-Tropez-150x150.jpg 150w, https:\/\/imais.online\/portal\/wp-content\/uploads\/2023\/03\/Espumante-Moscatel-Saint-Tropez-80x80.jpg 80w\" sizes=\"auto, (max-width: 186px) 100vw, 186px\" \/><\/figure>\n<\/div>\n\n\n<p>Colomba Pascal e Moscatel Saint Tropez \u2013 A colomba \u00e9 um p\u00e3o doce delicado, bem leve que vai combinar deliciosamente com frutado do Moscatel. Esse espumante delicado e fresco, harmoniza tamb\u00e9m com mousse de chocolate branco.<\/p>\n\n\n<div class=\"wp-block-image\">\n<figure class=\"aligncenter size-full\"><img loading=\"lazy\" decoding=\"async\" width=\"193\" height=\"200\" src=\"https:\/\/imais.online\/portal\/wp-content\/uploads\/2023\/03\/Vinho-Tinto-Tempos-de-Goes-Reservado-Cabernet-Sauvignon-Demi-Sec.jpg\" alt=\"\" class=\"wp-image-12497\"\/><figcaption><em>Vinho Tinto Tempos de G\u00f3es Reservado Cabernet Sauvignon Demi-Sec<\/em><\/figcaption><\/figure>\n<\/div>\n\n\n<p>Chocolate ao leite e Cabernet Sauvignon Demi-Sec, da linha Tempos de G\u00f3es &#8211; Para quem n\u00e3o dispensa um vinho tinto, essa combina\u00e7\u00e3o \u00e9 deliciosa especialmente com bombons recheados de frutas vermelhas ou cremes de lim\u00e3o.<\/p>\n\n\n\n<p>Aproveite a data para apreciar essas harmoniza\u00e7\u00f5es equilibradas com os familiares e os amigos. Uma boa P\u00e1scoa e sant\u00e9\ud83c\udf77!<\/p>\n\n\n\n<p><strong>Sobre a empresa:<\/strong><\/p>\n\n\n\n<p>A Vitivin\u00edcola G\u00f3es \u00e9 uma empresa 100% brasileira, com sede na cidade de S\u00e3o Roque, estado de S\u00e3o Paulo, Brasil. A empresa possui vinhedos pr\u00f3prios, modernas instala\u00e7\u00f5es de processamento, produ\u00e7\u00e3o, engarrafamento de bebidas e envase para latas. A linha de produtos inclui vinhos, espumantes, frisantes, bebidas mistas e sucos. Os vinhos finos G\u00f3es, produzidos com uvas paulistas, v\u00eam sendo premiados nacional e internacionalmente. A marca G\u00f3es \u00e9 destaque entre consumidores e uma das l\u00edderes de mercado no varejo (de acordo com a Nielsen) e Top of Mind (registrado pela Revista Supermercado Moderno) no estado de S\u00e3o Paulo. O complexo enotur\u00edstico e gastron\u00f4mico (localizado junto da sede da empresa) faz parte do Roteiro do Vinho da cidade de S\u00e3o Roque e oferece uma destacada infraestrutura, proporcionando experi\u00eancias e encantamento. Para mais informa\u00e7\u00f5es sobre os atrativos tur\u00edsticos, visite as redes sociais da empresa no Facebook e Instagram (@vinicolagoes).<\/p>\n\n\n\n<p><\/p>\n","protected":false},"excerpt":{"rendered":"<p>Confira as harmoniza\u00e7\u00f5es com algumas das diversas receitas e chocolates do feriado santo A P\u00e1scoa est\u00e1 chegando e com ela diversas receitas que encantam as mesas dos brasileiros. Claro que o bacalhau sempre ganha o destaque como o prato principal, mas n\u00e3o podemos esquecer dos deliciosos chocolates que s\u00e3o a tradi\u00e7\u00e3o do feriado. Portanto, est\u00e1 [&hellip;]<\/p>\n","protected":false},"author":7,"featured_media":12498,"comment_status":"closed","ping_status":"open","sticky":false,"template":"","format":"standard","meta":{"rop_custom_images_group":[],"rop_custom_messages_group":[],"rop_publish_now":"initial","rop_publish_now_accounts":[],"rop_publish_now_history":[],"rop_publish_now_status":"pending","footnotes":""},"categories":[209],"tags":[],"class_list":["post-12492","post","type-post","status-publish","format-standard","has-post-thumbnail","hentry","category-estilo"],"amp_enabled":true,"_links":{"self":[{"href":"https:\/\/imais.online\/portal\/wp-json\/wp\/v2\/posts\/12492","targetHints":{"allow":["GET"]}}],"collection":[{"href":"https:\/\/imais.online\/portal\/wp-json\/wp\/v2\/posts"}],"about":[{"href":"https:\/\/imais.online\/portal\/wp-json\/wp\/v2\/types\/post"}],"author":[{"embeddable":true,"href":"https:\/\/imais.online\/portal\/wp-json\/wp\/v2\/users\/7"}],"replies":[{"embeddable":true,"href":"https:\/\/imais.online\/portal\/wp-json\/wp\/v2\/comments?post=12492"}],"version-history":[{"count":1,"href":"https:\/\/imais.online\/portal\/wp-json\/wp\/v2\/posts\/12492\/revisions"}],"predecessor-version":[{"id":12499,"href":"https:\/\/imais.online\/portal\/wp-json\/wp\/v2\/posts\/12492\/revisions\/12499"}],"wp:featuredmedia":[{"embeddable":true,"href":"https:\/\/imais.online\/portal\/wp-json\/wp\/v2\/media\/12498"}],"wp:attachment":[{"href":"https:\/\/imais.online\/portal\/wp-json\/wp\/v2\/media?parent=12492"}],"wp:term":[{"taxonomy":"category","embeddable":true,"href":"https:\/\/imais.online\/portal\/wp-json\/wp\/v2\/categories?post=12492"},{"taxonomy":"post_tag","embeddable":true,"href":"https:\/\/imais.online\/portal\/wp-json\/wp\/v2\/tags?post=12492"}],"curies":[{"name":"wp","href":"https:\/\/api.w.org\/{rel}","templated":true}]}}