{"id":12513,"date":"2023-03-31T17:10:41","date_gmt":"2023-03-31T20:10:41","guid":{"rendered":"https:\/\/imais.online\/portal\/?p=12513"},"modified":"2023-03-31T17:14:21","modified_gmt":"2023-03-31T20:14:21","slug":"miss-indaiatuba-danielle-vidal-destaca-importancia-da-visibilidade-e-voz-das-mulheres-em-entrevista-exclusiva-ao-imais","status":"publish","type":"post","link":"https:\/\/imais.online\/portal\/miss-indaiatuba-danielle-vidal-destaca-importancia-da-visibilidade-e-voz-das-mulheres-em-entrevista-exclusiva-ao-imais\/","title":{"rendered":"Miss Indaiatuba, Danielle Vidal, destaca import\u00e2ncia da visibilidade e voz das mulheres em entrevista exclusiva ao iMais"},"content":{"rendered":"<div class=\"imais-before-content-placement\" id=\"imais-1960082041\"><script async src=\"\/\/pagead2.googlesyndication.com\/pagead\/js\/adsbygoogle.js?client=ca-pub-8787528412751566\" crossorigin=\"anonymous\"><\/script><ins class=\"adsbygoogle\" style=\"display:block;\" data-ad-client=\"ca-pub-8787528412751566\" \ndata-ad-slot=\"\" \ndata-ad-format=\"auto\"><\/ins>\n<script> \n(adsbygoogle = window.adsbygoogle || []).push({}); \n<\/script>\n<\/div>\n<p class=\"has-text-align-center\">Em conversa franca, a modelo e Miss Indaiatuba 2022 discute desafios e oportunidades para mulheres na sociedade atual<\/p>\n\n\n\n<p>O iMais Portal de Not\u00edcias traz para seus leitores uma entrevista exclusiva com a bel\u00edssima Danielle Vidal, eleita Miss Indaiatuba 2022. Com apenas 21 anos de idade e estudante de Biomedicina, a jovem \u00e9 um exemplo de beleza, eleg\u00e2ncia e intelig\u00eancia.<\/p>\n\n\n\n<p>Durante a entrevista, Danielle compartilhou sua jornada para se tornar a Miss Indaiatuba e falou sobre sua prepara\u00e7\u00e3o para a competi\u00e7\u00e3o. Ela tamb\u00e9m falou sobre sua vida pessoal e profissional, seus planos para o futuro e seus projetos sociais.<\/p>\n\n\n<div class=\"wp-block-image\">\n<figure class=\"alignleft size-large is-resized\"><img loading=\"lazy\" decoding=\"async\" src=\"https:\/\/imais.online\/portal\/wp-content\/uploads\/2023\/03\/IMG_5410-1-683x1024.jpg\" alt=\"\" class=\"wp-image-12522\" width=\"181\" height=\"271\" srcset=\"https:\/\/imais.online\/portal\/wp-content\/uploads\/2023\/03\/IMG_5410-1-683x1024.jpg 683w, https:\/\/imais.online\/portal\/wp-content\/uploads\/2023\/03\/IMG_5410-1-200x300.jpg 200w, https:\/\/imais.online\/portal\/wp-content\/uploads\/2023\/03\/IMG_5410-1-768x1152.jpg 768w, https:\/\/imais.online\/portal\/wp-content\/uploads\/2023\/03\/IMG_5410-1-1024x1536.jpg 1024w, https:\/\/imais.online\/portal\/wp-content\/uploads\/2023\/03\/IMG_5410-1-1365x2048.jpg 1365w, https:\/\/imais.online\/portal\/wp-content\/uploads\/2023\/03\/IMG_5410-1-scaled.jpg 1706w\" sizes=\"auto, (max-width: 181px) 100vw, 181px\" \/><figcaption>Danielle Vidal, Miss Indaiatuba 2022<\/figcaption><\/figure>\n<\/div>\n\n\n<p>&#8220;Eu sempre admirei o concurso de beleza e decidi me inscrever no Miss Indaiatuba 2022. Foi uma experi\u00eancia incr\u00edvel e eu aprendi muito durante a prepara\u00e7\u00e3o para a competi\u00e7\u00e3o. Estou muito feliz em representar minha cidade e espero inspirar outras jovens a seguir seus sonhos&#8221;, disse Danielle.<\/p>\n\n\n\n<p>Al\u00e9m disso, a Miss Indaiatuba tamb\u00e9m falou sobre sua rotina de estudos e como concilia a prepara\u00e7\u00e3o para o concurso com seus estudos em Biomedicina. &#8220;Eu amo ci\u00eancia e estou muito focada em me formar em Biomedicina. Eu acredito que a beleza e a intelig\u00eancia podem caminhar juntas&#8221;, afirmou a jovem.<\/p>\n\n\n\n<p>Conhe\u00e7a mais sobre essa jovem promissora que tem conquistado a todos com sua beleza, intelig\u00eancia e simpatia:<\/p>\n\n\n\n<p><strong>iMais &#8211; Qual \u00e9 a sua hist\u00f3ria no mundo da beleza e como come\u00e7ou a se interessar por essa \u00e1rea?<\/strong><\/p>\n\n\n\n<p>Danielle &#8211; Desde crian\u00e7a via os concursos de Miss, vibrando e torcendo por cada uma como se fossem minhas conhecidas! Sempre gostei de tirar fotos e fazer sess\u00f5es em casa do jeito que eu conseguia. Quando surgiu a oportunidade de ser modelo <em>beauty fotogr\u00e1fica<\/em> por um convite fiquei inspirada e comecei a me dedicar, tanto nas poses quanto nos estudos a respeito do tema. Assim, comecei a me interessar cada vez mais sobre o mundo da beleza em si e nas portas que ele me abria.<\/p>\n\n\n\n<figure class=\"wp-block-image size-large\"><img loading=\"lazy\" decoding=\"async\" width=\"1024\" height=\"683\" src=\"https:\/\/imais.online\/portal\/wp-content\/uploads\/2023\/03\/IMG_5287-1024x683.jpg\" alt=\"\" class=\"wp-image-12528\" srcset=\"https:\/\/imais.online\/portal\/wp-content\/uploads\/2023\/03\/IMG_5287-1024x683.jpg 1024w, https:\/\/imais.online\/portal\/wp-content\/uploads\/2023\/03\/IMG_5287-300x200.jpg 300w, https:\/\/imais.online\/portal\/wp-content\/uploads\/2023\/03\/IMG_5287-768x512.jpg 768w, https:\/\/imais.online\/portal\/wp-content\/uploads\/2023\/03\/IMG_5287-1536x1024.jpg 1536w, https:\/\/imais.online\/portal\/wp-content\/uploads\/2023\/03\/IMG_5287-2048x1365.jpg 2048w\" sizes=\"auto, (max-width: 1024px) 100vw, 1024px\" \/><figcaption>&#8220;A sensa\u00e7\u00e3o foi \u00fanica ao ser coroada, \u00e9 indescrit\u00edvel o tamanho da felicidade por ter conquistado um sonho&#8221;<\/figcaption><\/figure>\n\n\n\n<p><strong>iMais &#8211; Como voc\u00ea se preparou para o concurso Miss Indaiatuba e quais foram os maiores desafios que voc\u00ea enfrentou durante a prepara\u00e7\u00e3o?<\/strong><\/p>\n\n\n\n<p>Danielle &#8211; Para o Miss Indaiatuba, estudei sobre os concursos anteriores, cuidei da alimenta\u00e7\u00e3o e fiz exerc\u00edcios f\u00edsicos, al\u00e9m de sempre investir tempo em conhecer mais sobre os deveres de uma Miss. Durante a prepara\u00e7\u00e3o meu maior desafio foi a minha pr\u00f3pria inseguran\u00e7a, pois apesar de tanta dedica\u00e7\u00e3o e foco, acredito que sempre podemos buscar aspectos a serem melhorados. Por vezes o medo tomava conta, mas n\u00e3o deixei que fosse maior do que a vontade de conquistar meu sonho.<\/p>\n\n\n\n<p><strong>iMais &#8211; Como voc\u00ea se sentiu quando foi coroada como a vencedora do concurso Miss Indaiatuba e o que isso significa para voc\u00ea?<\/strong><\/p>\n\n\n\n<p>Danielle &#8211; A sensa\u00e7\u00e3o foi \u00fanica ao ser coroada, \u00e9 indescrit\u00edvel o tamanho da felicidade por ter conquistado um sonho. Al\u00e9m disso, senti que todo o esfor\u00e7o, estudo e dedica\u00e7\u00e3o tinham sido recompensados. Pra mim, significava que a partir daquele momento, eu estaria representando a for\u00e7a e garra das mulheres Indaiatubanas.<\/p>\n\n\n\n<p><strong>iMais &#8211; Quais s\u00e3o suas principais inspira\u00e7\u00f5es na vida e como elas influenciam sua carreira de modelo e seu papel como Miss Indaiatuba?<\/strong><\/p>\n\n\n\n<p>Danielle &#8211; Minha principal inspira\u00e7\u00e3o \u00e9, sem d\u00favidas, a minha m\u00e3e. Por ser uma mulher t\u00e3o guerreira e que sempre batalhou, me influenciou a encarar o Miss Indaiatuba como um concurso que vai al\u00e9m da beleza, significaria representar todas as mulheres que lutam diariamente pelos seus direitos.<\/p>\n\n\n\n<p><strong>iMais &#8211; Qual \u00e9 a mensagem que voc\u00ea gostaria de passar para jovens mulheres que t\u00eam interesse em competir em concursos de beleza?<\/strong><\/p>\n\n\n\n<p>Danielle &#8211; Em um concurso de beleza, aproveite cada momento e aprenda com tudo. Cada etapa serve como experi\u00eancia, por isso o mais importante \u00e9 se envolver com muita paix\u00e3o e foco no objetivo! N\u00e3o se compare, pois cada uma tem a sua beleza e sua pr\u00f3pria ess\u00eancia. Seja sempre a sua melhor vers\u00e3o.<\/p>\n\n\n\n<p><strong>iMais &#8211; Qual \u00e9 sua opini\u00e3o sobre a import\u00e2ncia da representatividade feminina na m\u00eddia?<\/strong><\/p>\n\n\n\n<p>Danielle &#8211; A representatividade feminina nos meios midi\u00e1ticos \u00e9 necess\u00e1ria. Todas as mulheres precisam ser vistas e ouvidas e tal inclus\u00e3o corrobora para combater preconceitos e desigualdades. \u00c9 importante para uma sociedade mais igualit\u00e1ria que busca evoluir, al\u00e9m de dar esperan\u00e7a para todas.<\/p>\n\n\n\n<p><strong>iMais &#8211; Qual \u00e9 o projeto social que voc\u00ea est\u00e1 envolvida atualmente e como ele impacta sua comunidade?<\/strong><\/p>\n\n\n\n<p>Danielle &#8211; Por estar graduando na \u00e1rea da sa\u00fade, busco me envolver com projetos que trazem para a comunidade mais conhecimento sobre as doen\u00e7as regionais, informando e alertando sobre a profilaxia e cuidados a serem tomados.<\/p>\n\n\n\n<p><strong>iMais &#8211; Quais s\u00e3o seus planos para o futuro em termos de carreira e como voc\u00ea pretende usar sua posi\u00e7\u00e3o como Miss Indaiatuba para alcan\u00e7ar esses objetivos?<\/strong><\/p>\n\n\n\n<p>Danielle &#8211; Quero trabalhar na \u00e1rea da sa\u00fade est\u00e9tica, para cuidar da beleza das mulheres Indaiatubanas e real\u00e7ar o que h\u00e1 de mais lindo em cada uma. Seguindo na biomedicina est\u00e9tica, quero ter a oportunidade de tratar e oferecer para as mulheres resultados que elevem a autoestima de cada uma. Como Miss Indaiatuba, quero mostrar a import\u00e2ncia do autocuidado e dos tratamentos como forma de amor pr\u00f3prio.<\/p>\n\n\n\n<p><strong>iMais &#8211; Como voc\u00ea v\u00ea a ind\u00fastria da moda atualmente e quais mudan\u00e7as voc\u00ea gostaria de ver acontecer?<\/strong><\/p>\n\n\n<div class=\"wp-block-image\">\n<figure class=\"alignright size-large is-resized\"><img loading=\"lazy\" decoding=\"async\" src=\"https:\/\/imais.online\/portal\/wp-content\/uploads\/2023\/03\/IMG_5322-683x1024.jpg\" alt=\"\" class=\"wp-image-12524\" width=\"232\" height=\"348\" srcset=\"https:\/\/imais.online\/portal\/wp-content\/uploads\/2023\/03\/IMG_5322-683x1024.jpg 683w, https:\/\/imais.online\/portal\/wp-content\/uploads\/2023\/03\/IMG_5322-200x300.jpg 200w, https:\/\/imais.online\/portal\/wp-content\/uploads\/2023\/03\/IMG_5322-768x1152.jpg 768w, https:\/\/imais.online\/portal\/wp-content\/uploads\/2023\/03\/IMG_5322-1024x1536.jpg 1024w, https:\/\/imais.online\/portal\/wp-content\/uploads\/2023\/03\/IMG_5322-1365x2048.jpg 1365w, https:\/\/imais.online\/portal\/wp-content\/uploads\/2023\/03\/IMG_5322-scaled.jpg 1707w\" sizes=\"auto, (max-width: 232px) 100vw, 232px\" \/><figcaption>&#8220;Como Miss Indaiatuba, quero mostrar a import\u00e2ncia do autocuidado e dos tratamentos como forma de amor pr\u00f3prio.&#8221;<\/figcaption><\/figure>\n<\/div>\n\n\n<p>Danielle &#8211; A ind\u00fastria da moda, por mais desenvolvida que esteja em rela\u00e7\u00e3o d\u00e9cadas atr\u00e1s, precisa ter uma aten\u00e7\u00e3o maior na inclus\u00e3o de todas. Com corpos, apar\u00eancias e personalidades diferentes, cada mulher precisa ter o seu espa\u00e7o e se sentir acolhida pela ind\u00fastria, fato que ainda n\u00e3o acontece em sua totalidade.<\/p>\n\n\n\n<p><strong>iMais &#8211; Qual \u00e9 a sua opini\u00e3o sobre a representatividade na ind\u00fastria da moda e como voc\u00ea acha que podemos torn\u00e1-la mais inclusiva e diversa?<\/strong><\/p>\n\n\n\n<p>Danielle &#8211; Precisamos sempre lutar para que todas se sintam retratadas e se identifiquem. Para que isso aconte\u00e7a, \u00e9 necess\u00e1rio ouvir e unificar as ideias das mulheres que buscam comunicar e transmitir seus ideais. A moda est\u00e1 presente na vida de todos desde crian\u00e7as e pode auxiliar a combater as desigualdades que percorrem na sociedade, se for mais diversa e abranger o maior p\u00fablico poss\u00edvel.<\/p>\n\n\n\n<p><\/p>\n","protected":false},"excerpt":{"rendered":"<p>Em conversa franca, a modelo e Miss Indaiatuba 2022 discute desafios e oportunidades para mulheres na sociedade atual O iMais Portal de Not\u00edcias traz para seus leitores uma entrevista exclusiva com a bel\u00edssima Danielle Vidal, eleita Miss Indaiatuba 2022. Com apenas 21 anos de idade e estudante de Biomedicina, a jovem \u00e9 um exemplo de [&hellip;]<\/p>\n","protected":false},"author":7,"featured_media":12520,"comment_status":"closed","ping_status":"open","sticky":false,"template":"","format":"standard","meta":{"rop_custom_images_group":[],"rop_custom_messages_group":[],"rop_publish_now":"initial","rop_publish_now_accounts":[],"rop_publish_now_history":[],"rop_publish_now_status":"pending","footnotes":""},"categories":[245],"tags":[73],"class_list":["post-12513","post","type-post","status-publish","format-standard","has-post-thumbnail","hentry","category-reportagem-especial","tag-featured"],"amp_enabled":true,"_links":{"self":[{"href":"https:\/\/imais.online\/portal\/wp-json\/wp\/v2\/posts\/12513","targetHints":{"allow":["GET"]}}],"collection":[{"href":"https:\/\/imais.online\/portal\/wp-json\/wp\/v2\/posts"}],"about":[{"href":"https:\/\/imais.online\/portal\/wp-json\/wp\/v2\/types\/post"}],"author":[{"embeddable":true,"href":"https:\/\/imais.online\/portal\/wp-json\/wp\/v2\/users\/7"}],"replies":[{"embeddable":true,"href":"https:\/\/imais.online\/portal\/wp-json\/wp\/v2\/comments?post=12513"}],"version-history":[{"count":5,"href":"https:\/\/imais.online\/portal\/wp-json\/wp\/v2\/posts\/12513\/revisions"}],"predecessor-version":[{"id":12530,"href":"https:\/\/imais.online\/portal\/wp-json\/wp\/v2\/posts\/12513\/revisions\/12530"}],"wp:featuredmedia":[{"embeddable":true,"href":"https:\/\/imais.online\/portal\/wp-json\/wp\/v2\/media\/12520"}],"wp:attachment":[{"href":"https:\/\/imais.online\/portal\/wp-json\/wp\/v2\/media?parent=12513"}],"wp:term":[{"taxonomy":"category","embeddable":true,"href":"https:\/\/imais.online\/portal\/wp-json\/wp\/v2\/categories?post=12513"},{"taxonomy":"post_tag","embeddable":true,"href":"https:\/\/imais.online\/portal\/wp-json\/wp\/v2\/tags?post=12513"}],"curies":[{"name":"wp","href":"https:\/\/api.w.org\/{rel}","templated":true}]}}