{"id":12564,"date":"2023-04-03T11:17:51","date_gmt":"2023-04-03T14:17:51","guid":{"rendered":"https:\/\/imais.online\/portal\/?p=12564"},"modified":"2023-04-03T11:17:53","modified_gmt":"2023-04-03T14:17:53","slug":"pessoas-com-transtornos-mentais-sao-2-anos-mais-velhas-do-que-idade-real","status":"publish","type":"post","link":"https:\/\/imais.online\/portal\/pessoas-com-transtornos-mentais-sao-2-anos-mais-velhas-do-que-idade-real\/","title":{"rendered":"Pessoas com transtornos mentais s\u00e3o 2 anos mais velhas do que idade real"},"content":{"rendered":"<div class=\"imais-before-content-placement\" id=\"imais-3795975326\"><script async src=\"\/\/pagead2.googlesyndication.com\/pagead\/js\/adsbygoogle.js?client=ca-pub-8787528412751566\" crossorigin=\"anonymous\"><\/script><ins class=\"adsbygoogle\" style=\"display:block;\" data-ad-client=\"ca-pub-8787528412751566\" \ndata-ad-slot=\"\" \ndata-ad-format=\"auto\"><\/ins>\n<script> \n(adsbygoogle = window.adsbygoogle || []).push({}); \n<\/script>\n<\/div>\n<h2 class=\"wp-block-heading\">Pesquisadores analisaram marcadores sangu\u00edneos de mais de 110 mil pessoas no Reino Unido para estudar a rela\u00e7\u00e3o entre sa\u00fade mental e envelhecimento<\/h2>\n\n\n\n<p>Durante o\u00a0Congresso Europeu de Psiquiatria\u00a0em Paris, ocorrido entre os dias 25 a 28 de mar\u00e7o, pesquisadores apresentaram dados evidenciando que pessoas com\u00a0transtornos mentais, como\u00a0ansiedade\u00a0e\u00a0bipolaridade, possuem marcadores sangu\u00edneos que indicam que elas s\u00e3o mais velhas do que deviam para sua idade.<\/p>\n\n\n\n<p>Os pesquisadores Julian Mutz e Cathryn Lewis, do King\u2019s College London, foram respons\u00e1veis por analisar os dados sobre 168 metab\u00f3litos sangu\u00edneos diferentes em 110.780 participantes cadastrados no UK Biobank, um banco de dados biom\u00e9dicos do Reino Unido. Eles relacionaram esses registros a informa\u00e7\u00f5es sobre a\u00a0sa\u00fade mental\u00a0dessas pessoas e, assim, notaram que aquelas que tinham transtornos psiqui\u00e1tricos tamb\u00e9m possuiam um perfil metab\u00f3lico mais velho do que o esperado para a idade delas.<\/p>\n\n\n\n<p>Os pesquisadores Julian Mutz e Cathryn Lewis, do King\u2019s College London, foram respons\u00e1veis por analisar os dados sobre 168 metab\u00f3litos sangu\u00edneos diferentes em 110.780 participantes cadastrados no UK Biobank, um banco de dados biom\u00e9dicos do Reino Unido. Eles relacionaram esses registros a informa\u00e7\u00f5es sobre a\u00a0sa\u00fade mental\u00a0dessas pessoas e, assim, notaram que aquelas que tinham transtornos psiqui\u00e1tricos tamb\u00e9m possuiam um perfil metab\u00f3lico mais velho do que o esperado para a idade delas.<\/p>\n\n\n\n<p>&#8220;Pessoas com transtorno bipolar tinham marcadores sangu\u00edneos indicando que eram cerca de 2 anos mais velhas do que sua idade cronol\u00f3gica\u201d, explicou Julian Mutz,\u00a0em nota, durante a apresenta\u00e7\u00e3o do estudo no congresso europeu.<\/p>\n\n\n\n<p>Segundo os pesquisadores, isso pode ajudar a explicar porque pessoas com transtornos mentais tendem a viver menos e apresentar mais doen\u00e7as relacionadas ao\u00a0envelhecimento\u00a0do que a popula\u00e7\u00e3o geral.<\/p>\n\n\n\n<p>&#8220;Isso pode n\u00e3o explicar toda a diferen\u00e7a de\u00a0sa\u00fade\u00a0e expectativa de vida entre pessoas com problemas de sa\u00fade mental e a popula\u00e7\u00e3o em geral, mas significa que o envelhecimento biol\u00f3gico acelerado pode ser um fator importante&#8221;, alerta Mutz. &#8220;Se pudermos usar esses marcadores para rastrear o envelhecimento biol\u00f3gico, isso pode mudar a forma como monitoramos a sa\u00fade f\u00edsica de pessoas com doen\u00e7as mentais e como avaliamos a efic\u00e1cia das interven\u00e7\u00f5es destinadas a melhorar a sa\u00fade f\u00edsica\u201d.<\/p>\n\n\n\n<p>Estudos anteriores j\u00e1 apontaram a rela\u00e7\u00e3o entre doen\u00e7as mentais e uma menor\u00a0expectativa de vida. Uma pesquisa publicada em 2019, no peri\u00f3dico\u00a0<em>The Lancet<\/em>, concluiu que, em compara\u00e7\u00e3o com pessoas sem transtornos psiqui\u00e1tricos, homens com doen\u00e7as mentais vivem cerca de 10 anos a menos e mulheres, 7 anos.<\/p>\n\n\n\n<p>&#8220;Compreender os mecanismos subjacentes ao envelhecimento biol\u00f3gico acelerado pode ser crucial para o desenvolvimento de m\u00e9todos preventivos e tratamentos personalizados para abordar a crescente dificuldade de uma gest\u00e3o integrada destas doen\u00e7as\u201d, afirma Sara Poletti, pesquisadora do Instituto Cient\u00edfico Universit\u00e1rio do Hospital S\u00e3o Rafael, na It\u00e1lia, que n\u00e3o participou do estudo.<\/p>\n\n\n\n<p>Fonte Revista Galileu <\/p>\n","protected":false},"excerpt":{"rendered":"<p>Pesquisadores analisaram marcadores sangu\u00edneos de mais de 110 mil pessoas no Reino Unido para estudar a rela\u00e7\u00e3o entre sa\u00fade mental e envelhecimento Durante o\u00a0Congresso Europeu de Psiquiatria\u00a0em Paris, ocorrido entre os dias 25 a 28 de mar\u00e7o, pesquisadores apresentaram dados evidenciando que pessoas com\u00a0transtornos mentais, como\u00a0ansiedade\u00a0e\u00a0bipolaridade, possuem marcadores sangu\u00edneos que indicam que elas s\u00e3o mais [&hellip;]<\/p>\n","protected":false},"author":8,"featured_media":12565,"comment_status":"closed","ping_status":"open","sticky":false,"template":"","format":"standard","meta":{"rop_custom_images_group":[],"rop_custom_messages_group":[],"rop_publish_now":"initial","rop_publish_now_accounts":[],"rop_publish_now_history":[],"rop_publish_now_status":"pending","footnotes":""},"categories":[205],"tags":[73],"class_list":["post-12564","post","type-post","status-publish","format-standard","has-post-thumbnail","hentry","category-saude","tag-featured"],"amp_enabled":true,"_links":{"self":[{"href":"https:\/\/imais.online\/portal\/wp-json\/wp\/v2\/posts\/12564","targetHints":{"allow":["GET"]}}],"collection":[{"href":"https:\/\/imais.online\/portal\/wp-json\/wp\/v2\/posts"}],"about":[{"href":"https:\/\/imais.online\/portal\/wp-json\/wp\/v2\/types\/post"}],"author":[{"embeddable":true,"href":"https:\/\/imais.online\/portal\/wp-json\/wp\/v2\/users\/8"}],"replies":[{"embeddable":true,"href":"https:\/\/imais.online\/portal\/wp-json\/wp\/v2\/comments?post=12564"}],"version-history":[{"count":1,"href":"https:\/\/imais.online\/portal\/wp-json\/wp\/v2\/posts\/12564\/revisions"}],"predecessor-version":[{"id":12566,"href":"https:\/\/imais.online\/portal\/wp-json\/wp\/v2\/posts\/12564\/revisions\/12566"}],"wp:featuredmedia":[{"embeddable":true,"href":"https:\/\/imais.online\/portal\/wp-json\/wp\/v2\/media\/12565"}],"wp:attachment":[{"href":"https:\/\/imais.online\/portal\/wp-json\/wp\/v2\/media?parent=12564"}],"wp:term":[{"taxonomy":"category","embeddable":true,"href":"https:\/\/imais.online\/portal\/wp-json\/wp\/v2\/categories?post=12564"},{"taxonomy":"post_tag","embeddable":true,"href":"https:\/\/imais.online\/portal\/wp-json\/wp\/v2\/tags?post=12564"}],"curies":[{"name":"wp","href":"https:\/\/api.w.org\/{rel}","templated":true}]}}