{"id":12567,"date":"2023-04-03T11:30:30","date_gmt":"2023-04-03T14:30:30","guid":{"rendered":"https:\/\/imais.online\/portal\/?p=12567"},"modified":"2023-04-03T11:30:33","modified_gmt":"2023-04-03T14:30:33","slug":"ela-precisa-ir-pra-prisao-diz-mae-que-perdeu-dois-filhos-em-menos-de-um-ano-sob-os-cuidados-da-avo","status":"publish","type":"post","link":"https:\/\/imais.online\/portal\/ela-precisa-ir-pra-prisao-diz-mae-que-perdeu-dois-filhos-em-menos-de-um-ano-sob-os-cuidados-da-avo\/","title":{"rendered":"&#8220;Ela precisa ir pra pris\u00e3o&#8221;, diz m\u00e3e que perdeu dois filhos em menos de um ano, sob os cuidados da av\u00f3"},"content":{"rendered":"<div class=\"imais-before-content-placement\" id=\"imais-736342014\"><script async src=\"\/\/pagead2.googlesyndication.com\/pagead\/js\/adsbygoogle.js?client=ca-pub-8787528412751566\" crossorigin=\"anonymous\"><\/script><ins class=\"adsbygoogle\" style=\"display:block;\" data-ad-client=\"ca-pub-8787528412751566\" \ndata-ad-slot=\"\" \ndata-ad-format=\"auto\"><\/ins>\n<script> \n(adsbygoogle = window.adsbygoogle || []).push({}); \n<\/script>\n<\/div>\n<h2 class=\"wp-block-heading\">&#8220;Se eu for objetiva, ela precisa ir para a pris\u00e3o. Como sua filha, me mata dizer isso. Como m\u00e3e deles, eu exijo isso. Vou lutar por eles&#8221;, disse Kaila Nix-Schock, m\u00e3e das crian\u00e7as. Erza, 16 meses, morreu ap\u00f3s se afogar em um lago enquanto a av\u00f3 dormia. J\u00e1 Uriel, de apenas 1 m\u00eas, foi esquecida dentro de um carro quente durante toda tarde<\/h2>\n\n\n\n<p>Em menos de um ano, um\u00a0casal perdeu dois dos tr\u00eas filhos pequenos enquanto eram cuidados pela av\u00f3. Agora, se condenada, Tracey Nix, 65 anos, ex-diretora de escola da Fl\u00f3rida, nos Estados Unidos, pode enfrentar entre 12 e 30 anos de pris\u00e3o. &#8220;As acusa\u00e7\u00f5es foram apresentadas&#8221;, disse a Procuradoria do Estado, em um comunicado \u00e0 ABC Action News, em Tampa Bay.<\/p>\n\n\n\n<p>A m\u00e3e das crian\u00e7as, Kaila Nix-Schock, disse que n\u00e3o sabia que a pol\u00edcia havia tentado apresentar acusa\u00e7\u00f5es pela morte de Ezra, em 2021, at\u00e9 que a acusa\u00e7\u00e3o de homic\u00eddio culposo agravado foi apresentada ap\u00f3s a morte de Uriel, em novembro de 2022. &#8220;Se eu for objetiva, ela precisa ir para a pris\u00e3o&#8221;, disse ela, em entrevista. &#8220;Como sua filha, me mata dizer isso. Como m\u00e3e deles, eu exijo isso. Vou lutar por eles&#8221;, afirmou.<\/p>\n\n\n\n<figure class=\"wp-block-image\"><img decoding=\"async\" src=\"https:\/\/s2.glbimg.com\/ZcAz8ZRpDwOu5_pV6l7j6dlcCTo=\/0x0:808x542\/984x0\/smart\/filters:strip_icc()\/i.s3.glbimg.com\/v1\/AUTH_19863d4200d245c3a2ff5b383f548bb6\/internal_photos\/bs\/2023\/d\/o\/3LK18BS362Gv5EAQpyog\/irmaos.jpg\" alt=\"Uriel e Erza morreram sob supervis\u00e3o da av\u00f3 em menos de um ano. Os dois n\u00e3o chegaram a se conhecer \u2014 Foto: Reprodu\u00e7\u00e3o\/New York Post\"\/><figcaption>Uriel e Erza morreram sob supervis\u00e3o da av\u00f3 em menos de um ano. Os dois n\u00e3o chegaram a se conhecer \u2014 Foto: Reprodu\u00e7\u00e3o\/New York Post<\/figcaption><\/figure>\n\n\n\n<h2 class=\"wp-block-heading\">Morte de Erza, em 2021<\/h2>\n\n\n\n<p>O primeiro caso aconteceu em 22 de dezembro de 2021. Na \u00e9poca, o marido de Tracey saiu por cerca de uma hora. Durante esse tempo, a av\u00f3 adormeceu. Foi nesse momento que Ezra, que tinha 16 meses, saiu de casa e\u00a0se afogou\u00a0em um lago perto da casa, no condado de Hardee, na Fl\u00f3rida.<\/p>\n\n\n\n<p>Quando a m\u00e3e da crian\u00e7a, Kaila, recebeu a liga\u00e7\u00e3o, dirigiu o mais r\u00e1pido que p\u00f4de para casa de seus pais e acabou colidindo o carro. &#8220;Pude ver o helic\u00f3ptero pousando&#8230; n\u00e3o olhei quando havia uma placa de pare&#8221;, explicou ela, que estava gr\u00e1vida de seis meses na \u00e9poca. \u201cTodos os meus airbags dispararam, n\u00e3o me lembro como sai, mas sai e comecei a correr para a casa dos meus pais e, neste momento, eu estava desesperada para chegar&#8221;, disse.<\/p>\n\n\n\n<p>O gabinete do xerife do condado de Hardee disse que a crian\u00e7a abriu as portas, passou por baixo de uma cerca e entrou no lago. Em 31 de dezembro, a pol\u00edcia tentou apresentar uma acusa\u00e7\u00e3o de neglig\u00eancia infantil contra a av\u00f3, mas a Procuradoria do Estado se recusou a apresentar acusa\u00e7\u00f5es alegando &#8220;evid\u00eancias insuficientes&#8221;. Na \u00e9poca, Kaila disse que, quando soube que a morte de seu filho foi considerada acidental, ficou aliviada.<\/p>\n\n\n\n<figure class=\"wp-block-image\"><img decoding=\"async\" src=\"https:\/\/s2.glbimg.com\/wEAtpmVsZPIvys6cudFKy1RN5O4=\/0x0:498x490\/984x0\/smart\/filters:strip_icc()\/i.s3.glbimg.com\/v1\/AUTH_19863d4200d245c3a2ff5b383f548bb6\/internal_photos\/bs\/2023\/l\/2\/WCSbWbTHA7JLaaKaxiIg\/avo.jpg\" alt=\"A av\u00f3 com Erza, que morreu com 16 meses \u2014 Foto: Reprodu\u00e7\u00e3o\/New York Post\"\/><figcaption>A av\u00f3 com Erza, que morreu com 16 meses \u2014 Foto: Reprodu\u00e7\u00e3o\/New York Post<\/figcaption><\/figure>\n\n\n\n<h2 class=\"wp-block-heading\">Morte de Uriel, em 2022<\/h2>\n\n\n\n<p>Na segunda trag\u00e9dia, que aconteceu em novembro de 2022, segundo a Fox News, Tracey teria dito \u00e0 pol\u00edcia que &#8220;acabou esquecendo&#8221; Uriel Schock, de sete meses, a tarde toda no carro num dia em que as temperaturas chegaram a 32 graus, enquanto praticava piano. O ve\u00edculo estava estacionado com todas as janelas fechadas do lado de fora da casa. Quem\u00a0encontrou a beb\u00ea no banco traseiro\u00a0foi o av\u00f4, Ney Nix. Ele tentou a RCP, mas n\u00e3o conseguiu reanimar sua neta.<\/p>\n\n\n\n<p>Dentro de algumas horas, um oficial do Gabinete do Xerife do Condado de Hardee apareceu na casa de Kaila para lhe dizer que seu beb\u00ea estava morto. &#8220;E eu disse: &#8216;Sinto muito, o qu\u00ea? Eu sei que Ezra est\u00e1 morto. Por que voc\u00ea est\u00e1 aqui, o que \u00e9 isso?&#8217;. &#8216;N\u00e3o, Kaila, seu beb\u00ea est\u00e1 morto'&#8221;, lembra.<\/p>\n\n\n\n<p>Os pais, devastados, disseram ao ABC Action News I-Team que \u201cn\u00e3o confiavam mais em deixar as crian\u00e7as com Tracey&#8221; ap\u00f3s a morte de Ezra, mas que ela amava as crian\u00e7as, ent\u00e3o jamais pensaram em afast\u00e1-la dos cuidados porque nunca acharam que uma trag\u00e9dia dessas poderia acontecer duas vezes.<\/p>\n\n\n\n<p>&#8220;\u00c9 muito dif\u00edcil saber que isso tudo aconteceu com a minha m\u00e3e\u201d, disse Kaila, ainda muito devastada pela morte dos filhos. &#8220;Pensar nos \u00faltimos momentos de sua vida, como m\u00e3e, \u00e9 angustiante&#8221;, disse. Seu parceiro, Drew Schock, se perguntou em voz alta atrav\u00e9s de solu\u00e7os: &#8220;Como voc\u00ea esquece uma garotinha?&#8221;.<\/p>\n\n\n\n<figure class=\"wp-block-image\"><img decoding=\"async\" src=\"https:\/\/s2.glbimg.com\/EJAftqaS66wdJ_kRNexwtJtcYO0=\/0x0:668x554\/984x0\/smart\/filters:strip_icc()\/i.s3.glbimg.com\/v1\/AUTH_19863d4200d245c3a2ff5b383f548bb6\/internal_photos\/bs\/2023\/F\/2\/ZO0YPvS62Rbk4u0C3cdw\/kaila.jpg\" alt=\"A m\u00e3e, Kaila, com Uriel, que tinha 7 meses \u2014 Foto: Reprodu\u00e7\u00e3o\/New York Post\"\/><figcaption>A m\u00e3e, Kaila, com Uriel, que tinha 7 meses \u2014 Foto: Reprodu\u00e7\u00e3o\/New York Post<\/figcaption><\/figure>\n\n\n\n<p>Dessa vez, Tracey foi acusada de homic\u00eddio qualificado pela morte de Uriel. O advogado dela, William Fletcher, disse \u00e0 Fox 13 Tampa Bay que a morte de Uriel foi &#8220;obviamente um acidente&#8221;, e que a av\u00f3 est\u00e1 &#8220;totalmente devastada&#8221;. Fletcher tem preocupa\u00e7\u00f5es de que a publicidade em torno de ambos os casos possa dificultar a obten\u00e7\u00e3o de um julgamento justo. &#8220;Todo mundo est\u00e1 apenas vendo essa narrativa: &#8216;Ela \u00e9 respons\u00e1vel. Ela \u00e9 respons\u00e1vel&#8217;, e estou aqui para dizer o m\u00e1ximo que posso eticamente, n\u00e3o \u00e9 verdade&#8221;.<\/p>\n\n\n\n<p>Fonte Revista Crescer <\/p>\n","protected":false},"excerpt":{"rendered":"<p>&#8220;Se eu for objetiva, ela precisa ir para a pris\u00e3o. Como sua filha, me mata dizer isso. Como m\u00e3e deles, eu exijo isso. Vou lutar por eles&#8221;, disse Kaila Nix-Schock, m\u00e3e das crian\u00e7as. Erza, 16 meses, morreu ap\u00f3s se afogar em um lago enquanto a av\u00f3 dormia. J\u00e1 Uriel, de apenas 1 m\u00eas, foi esquecida [&hellip;]<\/p>\n","protected":false},"author":8,"featured_media":12568,"comment_status":"closed","ping_status":"open","sticky":false,"template":"","format":"standard","meta":{"rop_custom_images_group":[],"rop_custom_messages_group":[],"rop_publish_now":"initial","rop_publish_now_accounts":[],"rop_publish_now_history":[],"rop_publish_now_status":"pending","footnotes":""},"categories":[212],"tags":[],"class_list":["post-12567","post","type-post","status-publish","format-standard","has-post-thumbnail","hentry","category-internacional"],"amp_enabled":true,"_links":{"self":[{"href":"https:\/\/imais.online\/portal\/wp-json\/wp\/v2\/posts\/12567","targetHints":{"allow":["GET"]}}],"collection":[{"href":"https:\/\/imais.online\/portal\/wp-json\/wp\/v2\/posts"}],"about":[{"href":"https:\/\/imais.online\/portal\/wp-json\/wp\/v2\/types\/post"}],"author":[{"embeddable":true,"href":"https:\/\/imais.online\/portal\/wp-json\/wp\/v2\/users\/8"}],"replies":[{"embeddable":true,"href":"https:\/\/imais.online\/portal\/wp-json\/wp\/v2\/comments?post=12567"}],"version-history":[{"count":1,"href":"https:\/\/imais.online\/portal\/wp-json\/wp\/v2\/posts\/12567\/revisions"}],"predecessor-version":[{"id":12569,"href":"https:\/\/imais.online\/portal\/wp-json\/wp\/v2\/posts\/12567\/revisions\/12569"}],"wp:featuredmedia":[{"embeddable":true,"href":"https:\/\/imais.online\/portal\/wp-json\/wp\/v2\/media\/12568"}],"wp:attachment":[{"href":"https:\/\/imais.online\/portal\/wp-json\/wp\/v2\/media?parent=12567"}],"wp:term":[{"taxonomy":"category","embeddable":true,"href":"https:\/\/imais.online\/portal\/wp-json\/wp\/v2\/categories?post=12567"},{"taxonomy":"post_tag","embeddable":true,"href":"https:\/\/imais.online\/portal\/wp-json\/wp\/v2\/tags?post=12567"}],"curies":[{"name":"wp","href":"https:\/\/api.w.org\/{rel}","templated":true}]}}