{"id":12595,"date":"2023-04-04T10:54:38","date_gmt":"2023-04-04T13:54:38","guid":{"rendered":"https:\/\/imais.online\/portal\/?p=12595"},"modified":"2023-04-04T10:54:40","modified_gmt":"2023-04-04T13:54:40","slug":"donald-trump-se-apresenta-hoje-a-justica-para-explicar-suposta-compra-de-silencio","status":"publish","type":"post","link":"https:\/\/imais.online\/portal\/donald-trump-se-apresenta-hoje-a-justica-para-explicar-suposta-compra-de-silencio\/","title":{"rendered":"Donald Trump se apresenta hoje \u00e0 Justi\u00e7a para explicar suposta compra de sil\u00eancio"},"content":{"rendered":"<div class=\"imais-before-content-placement\" id=\"imais-2588115221\"><script async src=\"\/\/pagead2.googlesyndication.com\/pagead\/js\/adsbygoogle.js?client=ca-pub-8787528412751566\" crossorigin=\"anonymous\"><\/script><ins class=\"adsbygoogle\" style=\"display:block;\" data-ad-client=\"ca-pub-8787528412751566\" \ndata-ad-slot=\"\" \ndata-ad-format=\"auto\"><\/ins>\n<script> \n(adsbygoogle = window.adsbygoogle || []).push({}); \n<\/script>\n<\/div>\n<h2 class=\"wp-block-heading\">Ex-presidente dos EUA \u00e9 acusado de pagar US$ 130 mil a atriz de filmes adultos por caso extraconjugal antes das elei\u00e7\u00f5es de 2016<\/h2>\n\n\n\n<p><strong>Donald Trump<\/strong>\u00a0comparece nesta ter\u00e7a-feira (4) a uma audi\u00eancia com um juiz de Manhattan, em Nova York, para ouvir as acusa\u00e7\u00f5es pelas quais ser\u00e1 processado no caso de um pagamento para comprar o sil\u00eancio de uma atriz de filmes adultos, no primeiro indiciamento criminal contra um ex-presidente dos Estados Unidos.<\/p>\n\n\n\n<p>O\u00a0<strong>republicano, de 76 anos, chegou na segunda-feira a Nova York<\/strong>\u00a0a bordo de seu avi\u00e3o particular. Ele deixou sua mans\u00e3o em Mar-a-Lago, na Fl\u00f3rida, onde repetiu que \u00e9 v\u00edtima de uma &#8220;ca\u00e7as \u00e0s bruxas&#8221; em plena campanha para tentar retornar \u00e0 Casa Branca nas elei\u00e7\u00f5es de 2024, nas quais este indiciamento aparece com consequ\u00eancias imprevis\u00edveis.<\/p>\n\n\n\n<p>Alvo de duas tentativas de impeachment do Congresso americano quando era presidente (2017-2021), Trump foi convocado para comparecer ao Tribunal Superior de Manhattan \u00e0s 14h15 (15h15 de Bras\u00edlia), onde, como qualquer cidad\u00e3o indiciado, ser\u00e1 fotografado e deixar\u00e1 as impress\u00f5es digitais registradas.<\/p>\n\n\n\n<p>O juiz Juan Merch\u00e1n \u2014 que tamb\u00e9m foi o instrutor de outro caso contra a Organiza\u00e7\u00e3o Trump, por fraude fiscal, no fim do ano passado \u2014 ler\u00e1 as acusa\u00e7\u00f5es do processo, que permanecem confidenciais.<\/p>\n\n\n\n<p>O juiz deve permitir que a imprensa fotografe Trump por poucos minutos no tribunal, antes do in\u00edcio da audi\u00eancia.<\/p>\n\n\n\n<h3 class=\"wp-block-heading\">Inocente<\/h3>\n\n\n\n<p>De acordo com os advogados, Trump vai se declarar inocente e o caso deve prosseguir para julgamento, em uma data que ainda ser\u00e1 determinada e que, sem d\u00favida, ser\u00e1 um dos processos com maior cobertura da imprensa na hist\u00f3ria do pa\u00eds.<\/p>\n\n\n\n<p>Trump \u00e9 acusado pelo pagamento de US$ 130 mil (cerca de R$ 660 mil) \u00e0 atriz de filmes adultos Stormy Daniels antes das elei\u00e7\u00f5es de 2016 para comprar seu sil\u00eancio devido a um suposto relacionamento extraconjugal ocorrido 10 anos antes, o que o empres\u00e1rio sempre negou.<\/p>\n\n\n\n<p>&#8220;Biden e sua &#8216;gente&#8217; sabiam&#8221; das inten\u00e7\u00f5es do procurador do distrito de Manhattan, Alvin Bragg, de &#8220;perseguir Trump&#8221;, escreveu o republicano em sua rede Truth Social na segunda-feira. Ele tamb\u00e9m chamou o procurador de &#8220;racista&#8221;.<\/p>\n\n\n\n<p>O ex-presidente afirma que \u00e9 imposs\u00edvel ter um julgamento justo em sua cidade natal, governada pelo Partido Democrata, ap\u00f3s a decis\u00e3o de Bragg de acus\u00e1-lo na quinta-feira passada, ao confirmar a decis\u00e3o de um grande j\u00fari.<\/p>\n\n\n\n<p>O procurador deve conceder uma entrevista coletiva ap\u00f3s a audi\u00eancia de Trump.<\/p>\n\n\n\n<h3 class=\"wp-block-heading\">Mais jornalistas que seguidores<\/h3>\n\n\n\n<p>Diante do temor de dist\u00farbios, como os ocorridos em 6 de janeiro de 2021, quando milhares de seguidores de Trump invadiram o Capit\u00f3lio, em Washington, a pol\u00edcia de Nova York est\u00e1 em alerta m\u00e1ximo e isolou as imedia\u00e7\u00f5es da Trump Tower e do Tribunal Superior do sul de Manhattan, onde pela primeira vez um ex-presidente americano sentar\u00e1 no banco dos r\u00e9us.<\/p>\n\n\n\n<p>Embora n\u00e3o existam &#8220;amea\u00e7as cr\u00edveis&#8221; para Nova York, o prefeito Eric Adams, apoiado pelos comandantes das for\u00e7as de seguran\u00e7a, pediu aos poss\u00edveis &#8220;agitadores&#8221; que se controlem, em particular a congressista radical Marjorie Taylor Greene, que convocou uma demonstra\u00e7\u00e3o de apoio ao magnata para as imedia\u00e7\u00f5es do tribunal.<\/p>\n\n\n\n<p>Os jornalistas s\u00e3o muito mais numerosos que os poucos seguidores de Trump que apareceram at\u00e9 o momento para expressar apoio.<\/p>\n\n\n\n<p>Na 5\u00aa Avenida, um grupo de simpatizantes do ex-presidente exibiu uma faixa com a frase: &#8220;Termine o Muro, Trump 24&#8221;, em refer\u00eancia ao muro na fronteira com o M\u00e9xico para impedir a imigra\u00e7\u00e3o.<\/p>\n\n\n\n<p>Entre os manifestantes estava Vito Dichiara, 71 anos, um aposentado que acusou o procurador de conspirar para impedir o retorno de Trump \u00e0 Casa Branca e repetiu as falsas alega\u00e7\u00f5es do republicado de que os democratas roubaram a elei\u00e7\u00e3o de 2020.<\/p>\n\n\n\n<p>&#8220;Estou aqui para apoiar Donald Trump, ex-presidente e futuro presidente dos Estados Unidos&#8221;, declarou \u00e0 AFP.<\/p>\n\n\n\n<p>O caso Stormy Daniels \u00e9 apenas um dos casos que amea\u00e7am o ex-presidente, que tamb\u00e9m \u00e9 investigado por pressionar funcion\u00e1rios p\u00fablicos para anular a vit\u00f3ria de Joe Biden em 2020, com uma liga\u00e7\u00e3o telef\u00f4nica gravada na qual pediu ao secret\u00e1rio de Estado da Ge\u00f3rgia que &#8220;encontrasse&#8221; votos suficientes para reverter o resultado.<\/p>\n\n\n\n<p>Trump tamb\u00e9m \u00e9 investigado por seu poss\u00edvel papel na insurrei\u00e7\u00e3o de 6 de janeiro de 2021 no Capit\u00f3lio, assim como pela cust\u00f3dia de documentos confidenciais depois de deixar a Casa Branca.<\/p>\n\n\n\n<p>Fonte R7 <\/p>\n","protected":false},"excerpt":{"rendered":"<p>Ex-presidente dos EUA \u00e9 acusado de pagar US$ 130 mil a atriz de filmes adultos por caso extraconjugal antes das elei\u00e7\u00f5es de 2016 Donald Trump\u00a0comparece nesta ter\u00e7a-feira (4) a uma audi\u00eancia com um juiz de Manhattan, em Nova York, para ouvir as acusa\u00e7\u00f5es pelas quais ser\u00e1 processado no caso de um pagamento para comprar o [&hellip;]<\/p>\n","protected":false},"author":8,"featured_media":12596,"comment_status":"closed","ping_status":"open","sticky":false,"template":"","format":"standard","meta":{"rop_custom_images_group":[],"rop_custom_messages_group":[],"rop_publish_now":"initial","rop_publish_now_accounts":[],"rop_publish_now_history":[],"rop_publish_now_status":"pending","footnotes":""},"categories":[212],"tags":[73],"class_list":["post-12595","post","type-post","status-publish","format-standard","has-post-thumbnail","hentry","category-internacional","tag-featured"],"amp_enabled":true,"_links":{"self":[{"href":"https:\/\/imais.online\/portal\/wp-json\/wp\/v2\/posts\/12595","targetHints":{"allow":["GET"]}}],"collection":[{"href":"https:\/\/imais.online\/portal\/wp-json\/wp\/v2\/posts"}],"about":[{"href":"https:\/\/imais.online\/portal\/wp-json\/wp\/v2\/types\/post"}],"author":[{"embeddable":true,"href":"https:\/\/imais.online\/portal\/wp-json\/wp\/v2\/users\/8"}],"replies":[{"embeddable":true,"href":"https:\/\/imais.online\/portal\/wp-json\/wp\/v2\/comments?post=12595"}],"version-history":[{"count":1,"href":"https:\/\/imais.online\/portal\/wp-json\/wp\/v2\/posts\/12595\/revisions"}],"predecessor-version":[{"id":12597,"href":"https:\/\/imais.online\/portal\/wp-json\/wp\/v2\/posts\/12595\/revisions\/12597"}],"wp:featuredmedia":[{"embeddable":true,"href":"https:\/\/imais.online\/portal\/wp-json\/wp\/v2\/media\/12596"}],"wp:attachment":[{"href":"https:\/\/imais.online\/portal\/wp-json\/wp\/v2\/media?parent=12595"}],"wp:term":[{"taxonomy":"category","embeddable":true,"href":"https:\/\/imais.online\/portal\/wp-json\/wp\/v2\/categories?post=12595"},{"taxonomy":"post_tag","embeddable":true,"href":"https:\/\/imais.online\/portal\/wp-json\/wp\/v2\/tags?post=12595"}],"curies":[{"name":"wp","href":"https:\/\/api.w.org\/{rel}","templated":true}]}}