{"id":12644,"date":"2023-04-07T17:14:46","date_gmt":"2023-04-07T20:14:46","guid":{"rendered":"https:\/\/imais.online\/portal\/?p=12644"},"modified":"2023-04-07T17:14:48","modified_gmt":"2023-04-07T20:14:48","slug":"interior-de-sp-homem-fere-7-pessoas-em-hospital-e-e-morto-pela-pm","status":"publish","type":"post","link":"https:\/\/imais.online\/portal\/interior-de-sp-homem-fere-7-pessoas-em-hospital-e-e-morto-pela-pm\/","title":{"rendered":"Interior de SP: homem fere 7 pessoas em hospital e \u00e9 morto pela PM"},"content":{"rendered":"<div class=\"imais-before-content-placement\" id=\"imais-4171064304\"><script async src=\"\/\/pagead2.googlesyndication.com\/pagead\/js\/adsbygoogle.js?client=ca-pub-8787528412751566\" crossorigin=\"anonymous\"><\/script><ins class=\"adsbygoogle\" style=\"display:block;\" data-ad-client=\"ca-pub-8787528412751566\" \ndata-ad-slot=\"\" \ndata-ad-format=\"auto\"><\/ins>\n<script> \n(adsbygoogle = window.adsbygoogle || []).push({}); \n<\/script>\n<\/div>\n<p class=\"has-text-align-center\">Uma v\u00edtima est\u00e1 internada em estado grave<\/p>\n\n\n\n<p>Sete pessoas ficaram feridas ap\u00f3s um homem ter entrado armado em um hospital da cidade de Am\u00e9rico Brasiliense, no interior de S\u00e3o Paulo. Uma delas est\u00e1 internada em estado grave. O ataque ocorreu na noite desta sexta-feira&nbsp;(6).&nbsp;<\/p>\n\n\n\n<p>Segundo informa\u00e7\u00f5es da Pol\u00edcia Militar, invadiu&nbsp;o hospital Doutor Jos\u00e9 Nigro Neto,&nbsp;armado com uma faca. Ele&nbsp;desferiu&nbsp;golpes contra funcion\u00e1rios e pacientes. Ao sair do hospital, ele ainda fez uma enfermeira ref\u00e9m.<\/p>\n\n\n\n<p>De acordo com a Secretaria de Seguran\u00e7a P\u00fablica de S\u00e3o Paulo, o homem entrou&nbsp;desorientado no hospital e atacou a recepcionista enquanto preenchia uma ficha m\u00e9dica. Outros funcion\u00e1rios tentaram cont\u00ea-lo e tamb\u00e9m foram agredidos.&nbsp;<\/p>\n\n\n\n<p>A Pol\u00edcia Militar informou que&nbsp;uma equipe que fazia o patrulhamento na regi\u00e3o flagrou a situa\u00e7\u00e3o e tentou negociar a rendi\u00e7\u00e3o do homem, que amea\u00e7ava esfaquear a ref\u00e9m. \u201cA fim de evitar a a\u00e7\u00e3o do criminoso, foi necess\u00e1ria a interven\u00e7\u00e3o policial com uso de arma de fogo. O infrator recebeu atendimento m\u00e9dico, mas n\u00e3o resistiu\u201d, disse a PM, por meio de nota.<\/p>\n\n\n\n<p>A Secretaria de Seguran\u00e7a informou que, com o homem, foi apreendida uma por\u00e7\u00e3o de coca\u00edna. O caso foi registrado como tentativa de homic\u00eddio e morte decorrente de interven\u00e7\u00e3o policial.<\/p>\n","protected":false},"excerpt":{"rendered":"<p>Uma v\u00edtima est\u00e1 internada em estado grave Sete pessoas ficaram feridas ap\u00f3s um homem ter entrado armado em um hospital da cidade de Am\u00e9rico Brasiliense, no interior de S\u00e3o Paulo. Uma delas est\u00e1 internada em estado grave. O ataque ocorreu na noite desta sexta-feira&nbsp;(6).&nbsp; Segundo informa\u00e7\u00f5es da Pol\u00edcia Militar, invadiu&nbsp;o hospital Doutor Jos\u00e9 Nigro Neto,&nbsp;armado [&hellip;]<\/p>\n","protected":false},"author":7,"featured_media":12645,"comment_status":"closed","ping_status":"open","sticky":false,"template":"","format":"standard","meta":{"rop_custom_images_group":[],"rop_custom_messages_group":[],"rop_publish_now":"initial","rop_publish_now_accounts":[],"rop_publish_now_history":[],"rop_publish_now_status":"pending","footnotes":""},"categories":[230],"tags":[73],"class_list":["post-12644","post","type-post","status-publish","format-standard","has-post-thumbnail","hentry","category-interior","tag-featured"],"amp_enabled":true,"_links":{"self":[{"href":"https:\/\/imais.online\/portal\/wp-json\/wp\/v2\/posts\/12644","targetHints":{"allow":["GET"]}}],"collection":[{"href":"https:\/\/imais.online\/portal\/wp-json\/wp\/v2\/posts"}],"about":[{"href":"https:\/\/imais.online\/portal\/wp-json\/wp\/v2\/types\/post"}],"author":[{"embeddable":true,"href":"https:\/\/imais.online\/portal\/wp-json\/wp\/v2\/users\/7"}],"replies":[{"embeddable":true,"href":"https:\/\/imais.online\/portal\/wp-json\/wp\/v2\/comments?post=12644"}],"version-history":[{"count":2,"href":"https:\/\/imais.online\/portal\/wp-json\/wp\/v2\/posts\/12644\/revisions"}],"predecessor-version":[{"id":12647,"href":"https:\/\/imais.online\/portal\/wp-json\/wp\/v2\/posts\/12644\/revisions\/12647"}],"wp:featuredmedia":[{"embeddable":true,"href":"https:\/\/imais.online\/portal\/wp-json\/wp\/v2\/media\/12645"}],"wp:attachment":[{"href":"https:\/\/imais.online\/portal\/wp-json\/wp\/v2\/media?parent=12644"}],"wp:term":[{"taxonomy":"category","embeddable":true,"href":"https:\/\/imais.online\/portal\/wp-json\/wp\/v2\/categories?post=12644"},{"taxonomy":"post_tag","embeddable":true,"href":"https:\/\/imais.online\/portal\/wp-json\/wp\/v2\/tags?post=12644"}],"curies":[{"name":"wp","href":"https:\/\/api.w.org\/{rel}","templated":true}]}}