{"id":12655,"date":"2023-04-08T14:52:55","date_gmt":"2023-04-08T17:52:55","guid":{"rendered":"https:\/\/imais.online\/portal\/?p=12655"},"modified":"2023-04-08T14:52:59","modified_gmt":"2023-04-08T17:52:59","slug":"entenda-o-que-e-um-avc-hemorragico-que-causou-a-morte-de-arthur-singer","status":"publish","type":"post","link":"https:\/\/imais.online\/portal\/entenda-o-que-e-um-avc-hemorragico-que-causou-a-morte-de-arthur-singer\/","title":{"rendered":"Entenda o que \u00e9 um AVC hemorr\u00e1gico, que causou a morte de Arthur Singer"},"content":{"rendered":"<div class=\"imais-before-content-placement\" id=\"imais-383428917\"><script async src=\"\/\/pagead2.googlesyndication.com\/pagead\/js\/adsbygoogle.js?client=ca-pub-8787528412751566\" crossorigin=\"anonymous\"><\/script><ins class=\"adsbygoogle\" style=\"display:block;\" data-ad-client=\"ca-pub-8787528412751566\" \ndata-ad-slot=\"\" \ndata-ad-format=\"auto\"><\/ins>\n<script> \n(adsbygoogle = window.adsbygoogle || []).push({}); \n<\/script>\n<\/div>\n<h2 class=\"wp-block-heading\">\u00d3bito do ator e cantor de 13 anos foi alvo de fake news que apontavam vacina contra Covid como suposta causa do derrame; ex-participante de reality tinha m\u00e1 forma\u00e7\u00e3o cerebral<\/h2>\n\n\n\n<p>O ator e cantor Arthur Singer morreu aos 13 anos de idade nesta sexta-feira (7), conforme confirmou o&nbsp;<a class=\"\" href=\"https:\/\/www.instagram.com\/p\/CqviSkTOmlL\/\" target=\"_blank\" rel=\"noreferrer noopener\">perfil do Instagram<\/a>&nbsp;do&nbsp;<a class=\"\" href=\"https:\/\/revistagalileu.globo.com\/cultura\/arte\/noticia\/2023\/03\/artista-expoe-no-mam-obra-sobre-as-violencias-vividas-pelas-mulheres.ghtml\">artista.<\/a>&nbsp;O garoto era conhecido por sua participa\u00e7\u00e3o em 2021 no&nbsp;<a class=\"\" href=\"https:\/\/revistagalileu.globo.com\/Cultura\/noticia\/2022\/07\/novo-reality-show-americano-quer-encontrar-o-proximo-grande-escritor.html\">reality show&nbsp;<\/a>musical &#8220;Canta Comigo Teen&#8221;, exibido pela TV Record.<\/p>\n\n\n\n<p>Singer cativou 87 dos 100 jurados do programa, onde cantou &#8220;O Carimbador Maluco&#8221;, de\u00a0<a class=\"\" href=\"https:\/\/revistagalileu.globo.com\/sociedade\/noticia\/2022\/12\/o-que-esta-por-tras-do-movimento-da-desistencia-silenciosa.ghtml\">Raul Seixas,<\/a>\u00a0e foi comparado a Ney Matogrosso. O menino, que tamb\u00e9m publicava covers de m\u00fasicas nas redes sociais, atuou nos musicais &#8220;The Pilgrims&#8221; e &#8220;Matilda&#8221;.<\/p>\n\n\n\n<h2 class=\"wp-block-heading\">M\u00e1 forma\u00e7\u00e3o cerebral<\/h2>\n\n\n\n<p>Ao site\u00a0<em>Gshow,<\/em>\u00a0a m\u00e3e do jovem, Meire Adriane, explicou que o filho sofreu um acidente vascular cerebral (AVC) hemorr\u00e1gico. Os m\u00e9dicos que atenderam o garoto identificaram que ele havia nascido com uma m\u00e1 forma\u00e7\u00e3o no\u00a0c\u00e9rebro.<\/p>\n\n\n\n<p>&#8220;M\u00e1 forma\u00e7\u00e3o essa que nunca foi detectada porque o meu filho nunca reclamou de dor de cabe\u00e7a e a gente s\u00f3 procura fazer uma tomografia, uma resson\u00e2ncia quando n\u00f3s temos uma queixa&#8221;, detalhou a m\u00e3e de Singer, desmentindo not\u00edcias falsas e boatos de que o AVC dele havia sido provocado pela\u00a0vacina contra a Covid-19.<\/p>\n\n\n\n<p>&#8220;Quero dizer que sou absolutamente a favor da vacina e que n\u00e3o tem absolutamente nada a ver. Foi uma quest\u00e3o de m\u00e1 forma\u00e7\u00e3o mesmo&#8221;, ressaltou Meire.<\/p>\n\n\n\n<p>Ela pediu ainda que fosse divulgado que os \u00f3rg\u00e3os do filho foram doados. &#8220;Gostaria que voc\u00eas soubessem que meu filho \u00e9 um doador de \u00f3rg\u00e3os, se \u00e9 para ter uma divulga\u00e7\u00e3o, que tenha uma positividade. Para as pessoas entenderem o quanto \u00e9 importante a doa\u00e7\u00e3o de \u00f3rg\u00e3os&#8221;, disse.<\/p>\n\n\n\n<h2 class=\"wp-block-heading\">O que \u00e9 um AVC<\/h2>\n\n\n\n<p>De acordo com a\u00a0Biblioteca Virtual em Sa\u00fade do Minist\u00e9rio da Sa\u00fade, um AVC ocorre quando h\u00e1 uma altera\u00e7\u00e3o do fluxo de sangue ao c\u00e9rebro. Nesse quadro h\u00e1 a morte de c\u00e9lulas nervosas da regi\u00e3o cerebral atingida.<\/p>\n\n\n\n<p>Os principais sinais de alerta para qualquer tipo de AVC s\u00e3o: fraqueza ou formigamento na face, no bra\u00e7o ou na perna, especialmente em um lado do corpo; confus\u00e3o mental; altera\u00e7\u00e3o da fala; altera\u00e7\u00e3o na vis\u00e3o (em um ou ambos os olhos); altera\u00e7\u00e3o do equil\u00edbrio, coordena\u00e7\u00e3o, tontura ou altera\u00e7\u00e3o no andar, al\u00e9m de dor de cabe\u00e7a s\u00fabita, intensa, sem causa aparente.<\/p>\n\n\n\n<p>O AVC pode se originar de duas formas: da obstru\u00e7\u00e3o de\u00a0vasos sangu\u00edneos, o chamado acidente vascular isqu\u00eamico, ou de uma ruptura do vaso \u2014 este \u00faltimo caso conhecido como acidente vascular hemorr\u00e1gico.<\/p>\n\n\n\n<h2 class=\"wp-block-heading\">Quadro hemorr\u00e1gico<\/h2>\n\n\n\n<p>No AVC hemorr\u00e1gico, os vasos sangu\u00edneos se rompem na maioria das vezes no interior do c\u00e9rebro, o que se denomina hemorragia intracerebral. Em outros casos, ainda mais graves, ocorre a hemorragia subaracn\u00f3ide, isto \u00e9, o sangramento entre o c\u00e9rebro e a aracn\u00f3ide (uma das membranas que comp\u00f5e a meninge). Com isso, h\u00e1 aumento da press\u00e3o intracraniana, que pode resultar em maior dificuldade para a chegada de sangue em outras \u00e1reas n\u00e3o afetadas.<\/p>\n\n\n\n<p>De acordo com o Minist\u00e9rio da Sa\u00fade,\u00a0o AVC hemorr\u00e1gico \u00e9 respons\u00e1vel por 15% de todos os casos de AVC, mas pode causar a morte com mais frequ\u00eancia do que o AVC isqu\u00eamico. Sua causa \u00e9 principalmente press\u00e3o alta descontrolada e a ruptura de um aneurisma.<\/p>\n\n\n\n<figure class=\"wp-block-image\"><img decoding=\"async\" src=\"https:\/\/s2.glbimg.com\/l19MNc3kHI7UpXpLLdcmEl10cK4=\/0x0:853x568\/984x0\/smart\/filters:strip_icc()\/i.s3.glbimg.com\/v1\/AUTH_fde5cd494fb04473a83fa5fd57ad4542\/internal_photos\/bs\/2023\/s\/d\/ncI63XTtS5Q72HdMtb4A\/snapinsta.app-246745169-1473296429716855-8276832059364857558-n-1080.jpg\" alt=\"Arthur Singer cativou 87 dos 100 jurados do programa &quot;Canta Comigo Teen&quot;, da TV Record  \u2014 Foto: @arthursingeroficiall\/Instagram\/Reprodu\u00e7\u00e3o\"\/><\/figure>\n\n\n\n<p>Arthur Singer cativou 87 dos 100 jurados do programa &#8220;Canta Comigo Teen&#8221;, da TV Record \u2014 Foto: @arthursingeroficiall\/Instagram\/Reprodu\u00e7\u00e3o<\/p>\n\n\n\n<p>No entanto, tamb\u00e9m pode ser provocado por outros fatores, como hemofilia e outros dist\u00farbios de coagula\u00e7\u00e3o do sangue; ferimentos na cabe\u00e7a ou no pesco\u00e7o; tratamento com radia\u00e7\u00e3o para c\u00e2ncer no pesco\u00e7o ou c\u00e9rebro; arritmias card\u00edacas; doen\u00e7as card\u00edacas; vasculite (inflama\u00e7\u00e3o dos vasos sangu\u00edneos); infarto agudo do mioc\u00e1rdio e defeitos card\u00edacos cong\u00eanitos.<\/p>\n\n\n\n<p>Malforma\u00e7\u00f5es arteriovenosas (MAVs) cerebrais, que s\u00e3o uma das causas do AVC hemorr\u00e1gico, podem gerar dores de cabe\u00e7a com ou sem sangramento no c\u00e9rebro, de acordo com o\u00a0Manual MSD de doen\u00e7as.<\/p>\n\n\n\n<p>Essas malforma\u00e7\u00f5es surgem provavelmente por um desvio do desenvolvimento normal dos vasos do sistema nervoso. \u201cA partir da s\u00e9tima semana de vida embrion\u00e1ria, uma anomalia poderia fazer os pequenos capilares arteriais e venosos se coalescerem (se juntarem), formando uma comunica\u00e7\u00e3o direta entre as veias e as art\u00e9rias\u201d, detalha o m\u00e9dico Carlos Michel Albuquerque Peres, em\u00a0artigo\u00a0publicado pela Sociedade Brasileira de Neurorradiologia Diagn\u00f3stica Terap\u00eautica (SBNR).<\/p>\n\n\n\n<p>Se esta comunica\u00e7\u00e3o anormal ocorre, a veia do paciente pode estourar pois n\u00e3o suporta muito tempo receber sangue arterial. Este desvio se chama \u201cf\u00edstula\u201d, e dentro de uma MAV, pode haver uma ou mais f\u00edstulas, segundo Peres.<\/p>\n\n\n\n<p>N\u00e3o foi divulgada que tipo de malforma\u00e7\u00e3o cerebral Arthur Singer teve, mas a mesma teve como consequ\u00eancia seu AVC. Dezenas de amigos lamentaram a morte precoce do\u00a0menino. A fam\u00edlia deixou uma mensagem emocionante no perfil oficial dele no dia do \u00f3bito:<\/p>\n\n\n\n<p>\u201cDurante esses 13 anos que estivemos com Arthur nos dedicamos ao m\u00e1ximo para lhe proporcionar o melhor\u201d, diz a publica\u00e7\u00e3o. \u201cTudo que ele queria fazer (cantar, atuar, participar de um programa de tv, viajar, etc) ele conseguiu. Deus aben\u00e7oe a cada um de voc\u00eas . Vivam intensamente, pois nossa vida \u00e9 um sopro e pudemos sentir isso com a ida do nosso filho\u201d.<\/p>\n\n\n\n<p>Fonte Revista Galileu <\/p>\n","protected":false},"excerpt":{"rendered":"<p>\u00d3bito do ator e cantor de 13 anos foi alvo de fake news que apontavam vacina contra Covid como suposta causa do derrame; ex-participante de reality tinha m\u00e1 forma\u00e7\u00e3o cerebral O ator e cantor Arthur Singer morreu aos 13 anos de idade nesta sexta-feira (7), conforme confirmou o&nbsp;perfil do Instagram&nbsp;do&nbsp;artista.&nbsp;O garoto era conhecido por sua [&hellip;]<\/p>\n","protected":false},"author":8,"featured_media":12656,"comment_status":"closed","ping_status":"open","sticky":false,"template":"","format":"standard","meta":{"rop_custom_images_group":[],"rop_custom_messages_group":[],"rop_publish_now":"initial","rop_publish_now_accounts":[],"rop_publish_now_history":[],"rop_publish_now_status":"pending","footnotes":""},"categories":[237,205],"tags":[],"class_list":["post-12655","post","type-post","status-publish","format-standard","has-post-thumbnail","hentry","category-luto","category-saude"],"amp_enabled":true,"_links":{"self":[{"href":"https:\/\/imais.online\/portal\/wp-json\/wp\/v2\/posts\/12655","targetHints":{"allow":["GET"]}}],"collection":[{"href":"https:\/\/imais.online\/portal\/wp-json\/wp\/v2\/posts"}],"about":[{"href":"https:\/\/imais.online\/portal\/wp-json\/wp\/v2\/types\/post"}],"author":[{"embeddable":true,"href":"https:\/\/imais.online\/portal\/wp-json\/wp\/v2\/users\/8"}],"replies":[{"embeddable":true,"href":"https:\/\/imais.online\/portal\/wp-json\/wp\/v2\/comments?post=12655"}],"version-history":[{"count":1,"href":"https:\/\/imais.online\/portal\/wp-json\/wp\/v2\/posts\/12655\/revisions"}],"predecessor-version":[{"id":12657,"href":"https:\/\/imais.online\/portal\/wp-json\/wp\/v2\/posts\/12655\/revisions\/12657"}],"wp:featuredmedia":[{"embeddable":true,"href":"https:\/\/imais.online\/portal\/wp-json\/wp\/v2\/media\/12656"}],"wp:attachment":[{"href":"https:\/\/imais.online\/portal\/wp-json\/wp\/v2\/media?parent=12655"}],"wp:term":[{"taxonomy":"category","embeddable":true,"href":"https:\/\/imais.online\/portal\/wp-json\/wp\/v2\/categories?post=12655"},{"taxonomy":"post_tag","embeddable":true,"href":"https:\/\/imais.online\/portal\/wp-json\/wp\/v2\/tags?post=12655"}],"curies":[{"name":"wp","href":"https:\/\/api.w.org\/{rel}","templated":true}]}}