{"id":12658,"date":"2023-04-09T16:00:32","date_gmt":"2023-04-09T19:00:32","guid":{"rendered":"https:\/\/imais.online\/portal\/?p=12658"},"modified":"2023-04-09T16:00:36","modified_gmt":"2023-04-09T19:00:36","slug":"irritado-com-exercicios-militares-da-coreia-do-sul-e-eua-kim-jong-un-dispara-missil-nuclear-submarino","status":"publish","type":"post","link":"https:\/\/imais.online\/portal\/irritado-com-exercicios-militares-da-coreia-do-sul-e-eua-kim-jong-un-dispara-missil-nuclear-submarino\/","title":{"rendered":"Irritado com exerc\u00edcios militares da Coreia do Sul e EUA, Kim Jong-un dispara m\u00edssil nuclear submarino"},"content":{"rendered":"<div class=\"imais-before-content-placement\" id=\"imais-4038641675\"><script async src=\"\/\/pagead2.googlesyndication.com\/pagead\/js\/adsbygoogle.js?client=ca-pub-8787528412751566\" crossorigin=\"anonymous\"><\/script><ins class=\"adsbygoogle\" style=\"display:block;\" data-ad-client=\"ca-pub-8787528412751566\" \ndata-ad-slot=\"\" \ndata-ad-format=\"auto\"><\/ins>\n<script> \n(adsbygoogle = window.adsbygoogle || []).push({}); \n<\/script>\n<\/div>\n<h2 class=\"wp-block-heading\">Sul-coreanos e americanos far\u00e3o juntos 11 dias de treinamento na regi\u00e3o; Coreia do Norte teme invas\u00e3o<\/h2>\n\n\n\n<p>A Coreia do Norte testou dois m\u00edsseis estrat\u00e9gicos de cruzeiro disparados de um submarino neste domingo (9), informou a ag\u00eancia de not\u00edcias estatal KCNA. Amanh\u00e3, segunda-feira (10), est\u00e1 previsto o in\u00edcio de novos exerc\u00edcios militares entre Estados Unidos e Coreia do Sul. A palavra &#8220;estrat\u00e9gico&#8221; \u00e9 normalmente usada para descrever armas com capacidade nuclear.<\/p>\n\n\n\n<p>Segundo a KCNA, o lan\u00e7amento confirmou a confiabilidade do sistema e testou as opera\u00e7\u00f5es ofensivas subaqu\u00e1ticas das unidades submarinas que fazem parte da dissuas\u00e3o nuclear da Coreia do Norte.<\/p>\n\n\n\n<p>O Estado-Maior Conjunto da Coreia do Sul (JCS) afirmou que os militares estavam em alerta m\u00e1ximo e que a ag\u00eancia de intelig\u00eancia do pa\u00eds estava trabalhando com sua contraparte dos EUA para analisar os detalhes do lan\u00e7amento.<\/p>\n\n\n\n<p>Amanh\u00e3, tropas sul-coreanas e americanas est\u00e3o programadas para iniciar 11 dias de exerc\u00edcios conjuntos, apelidados de Escudo da Liberdade 23, que ser\u00e3o realizados em uma escala n\u00e3o vista desde 2017.<\/p>\n\n\n\n<p>Os exerc\u00edcios fortalecer\u00e3o a postura defensiva combinada dos aliados, declararam as duas For\u00e7as Armadas, e contar\u00e3o com exerc\u00edcios de campo.<\/p>\n\n\n\n<p>A Coreia do Norte h\u00e1 muito se irrita com os exerc\u00edcios que considera um ensaio para a invas\u00e3o de seu territ\u00f3rio. Ela conduziu um n\u00famero recorde de testes e exerc\u00edcios de m\u00edsseis no ano passado, no que diz ser um esfor\u00e7o para aumentar sua dissuas\u00e3o nuclear e tornar mais armas totalmente operacionais.<\/p>\n\n\n\n<p>&#8220;\u00c9 muito lament\u00e1vel que a Coreia do Norte esteja usando nossos exerc\u00edcios defensivos regulares como pretexto para provoca\u00e7\u00e3o&#8221;, disse Koo Byoung-sam, porta-voz do Minist\u00e9rio da Unifica\u00e7\u00e3o da Coreia do Sul, que lida com as rela\u00e7\u00f5es com o pa\u00eds do norte. &#8220;Espero que a Coreia do Norte perceba que n\u00e3o h\u00e1 nada que eles possam ganhar com a escalada das tens\u00f5es na pen\u00ednsula coreana.&#8221;<\/p>\n\n\n\n<p>Fonte R7 <\/p>\n","protected":false},"excerpt":{"rendered":"<p>Sul-coreanos e americanos far\u00e3o juntos 11 dias de treinamento na regi\u00e3o; Coreia do Norte teme invas\u00e3o A Coreia do Norte testou dois m\u00edsseis estrat\u00e9gicos de cruzeiro disparados de um submarino neste domingo (9), informou a ag\u00eancia de not\u00edcias estatal KCNA. Amanh\u00e3, segunda-feira (10), est\u00e1 previsto o in\u00edcio de novos exerc\u00edcios militares entre Estados Unidos e [&hellip;]<\/p>\n","protected":false},"author":8,"featured_media":12659,"comment_status":"closed","ping_status":"open","sticky":false,"template":"","format":"standard","meta":{"rop_custom_images_group":[],"rop_custom_messages_group":[],"rop_publish_now":"initial","rop_publish_now_accounts":[],"rop_publish_now_history":[],"rop_publish_now_status":"pending","footnotes":""},"categories":[212],"tags":[73],"class_list":["post-12658","post","type-post","status-publish","format-standard","has-post-thumbnail","hentry","category-internacional","tag-featured"],"amp_enabled":true,"_links":{"self":[{"href":"https:\/\/imais.online\/portal\/wp-json\/wp\/v2\/posts\/12658","targetHints":{"allow":["GET"]}}],"collection":[{"href":"https:\/\/imais.online\/portal\/wp-json\/wp\/v2\/posts"}],"about":[{"href":"https:\/\/imais.online\/portal\/wp-json\/wp\/v2\/types\/post"}],"author":[{"embeddable":true,"href":"https:\/\/imais.online\/portal\/wp-json\/wp\/v2\/users\/8"}],"replies":[{"embeddable":true,"href":"https:\/\/imais.online\/portal\/wp-json\/wp\/v2\/comments?post=12658"}],"version-history":[{"count":1,"href":"https:\/\/imais.online\/portal\/wp-json\/wp\/v2\/posts\/12658\/revisions"}],"predecessor-version":[{"id":12660,"href":"https:\/\/imais.online\/portal\/wp-json\/wp\/v2\/posts\/12658\/revisions\/12660"}],"wp:featuredmedia":[{"embeddable":true,"href":"https:\/\/imais.online\/portal\/wp-json\/wp\/v2\/media\/12659"}],"wp:attachment":[{"href":"https:\/\/imais.online\/portal\/wp-json\/wp\/v2\/media?parent=12658"}],"wp:term":[{"taxonomy":"category","embeddable":true,"href":"https:\/\/imais.online\/portal\/wp-json\/wp\/v2\/categories?post=12658"},{"taxonomy":"post_tag","embeddable":true,"href":"https:\/\/imais.online\/portal\/wp-json\/wp\/v2\/tags?post=12658"}],"curies":[{"name":"wp","href":"https:\/\/api.w.org\/{rel}","templated":true}]}}