{"id":12672,"date":"2023-04-10T11:15:05","date_gmt":"2023-04-10T14:15:05","guid":{"rendered":"https:\/\/imais.online\/portal\/?p=12672"},"modified":"2023-04-10T11:15:08","modified_gmt":"2023-04-10T14:15:08","slug":"dalai-lama-pede-desculpas-por-pedir-a-menino-para-chupar-sua-lingua","status":"publish","type":"post","link":"https:\/\/imais.online\/portal\/dalai-lama-pede-desculpas-por-pedir-a-menino-para-chupar-sua-lingua\/","title":{"rendered":"Dalai Lama pede desculpas por pedir a menino para &#8216;chupar&#8217; sua l\u00edngua"},"content":{"rendered":"<div class=\"imais-before-content-placement\" id=\"imais-748051760\"><script async src=\"\/\/pagead2.googlesyndication.com\/pagead\/js\/adsbygoogle.js?client=ca-pub-8787528412751566\" crossorigin=\"anonymous\"><\/script><ins class=\"adsbygoogle\" style=\"display:block;\" data-ad-client=\"ca-pub-8787528412751566\" \ndata-ad-slot=\"\" \ndata-ad-format=\"auto\"><\/ins>\n<script> \n(adsbygoogle = window.adsbygoogle || []).push({}); \n<\/script>\n<\/div>\n<h2 class=\"wp-block-heading\">V\u00eddeo que mostra o l\u00edder espiritual tibetano beijando a crian\u00e7a na boca gerou revolta<\/h2>\n\n\n\n<p>O\u00a0<a class=\"\" href=\"http:\/\/oglobo.globo.com\/tudo-sobre\/personalidade\/dalai-lama\/\">Dalai Lama<\/a>\u00a0se desculpou depois que uma filmagem o mostrou perguntando a um menino se ele queria &#8220;chupar&#8221; a l\u00edngua do l\u00edder espiritual tibetano. Seu gabinete disse que ele queria se desculpar com a crian\u00e7a e sua fam\u00edlia &#8220;pela dor que suas palavras podem ter causado&#8221;. O v\u00eddeo tamb\u00e9m mostra o budista de 87 anos beijando a crian\u00e7a na boca. O caso gerou uma onda de cr\u00edticas a ele.<\/p>\n\n\n\n<p>&#8220;Sua Santidade deseja se desculpar com o menino e sua fam\u00edlia, bem como com seus muitos amigos ao redor do mundo, por qualquer dor que suas palavras possam ter causado&#8221;, disse sua conta oficial no Twitter em um comunicado. &#8220;Sua Santidade costuma brincar com pessoas que conhece de maneira inocente e brincalhona, mesmo em p\u00fablico e diante das c\u00e2meras. Ele lamenta esse incidente&#8221;.<\/p>\n\n\n\n<p>De acordo com o comunicado, o menino tinha perguntado ao Dalai Lama se ele poderia lhe dar um abra\u00e7o.<\/p>\n\n\n\n<p>O v\u00eddeo foi gravado em 28 de fevereiro, durante uma audi\u00eancia com o Dalai Lama em McLeod Ganj, sub\u00farbio de Dharamsala, no norte da \u00cdndia, onde o l\u00edder espiritual vive exilado desde o fracasso da revolta tibetana de 1951 contra o dom\u00ednio chin\u00eas. As imagens viralizaram, por\u00e9m, neste fim de semana.<\/p>\n\n\n\n<p>Essa n\u00e3o \u00e9 a primeira pol\u00eamica do l\u00edder espiritual. Ele j\u00e1 pediu desculpas, numa entrevista de 2019 para a BBC, por ter dito que se uma mulher fosse suced\u00ea-lo, ela \u201cdeveria ser mais atraente\u201d. A CNN lembrou ainda que, em 2018, ele sugeriu que a Europa deveria ser guardada para os europeus, ao comentar o aumento do n\u00famero de refugiados africanos entrando no continente.<\/p>\n\n\n\n<p>\u201cToda a Europa (ir\u00e1) eventualmente se tornar um pa\u00eds mu\u00e7ulmano? Imposs\u00edvel. Ou pa\u00eds africano? Tamb\u00e9m imposs\u00edvel\u201d, disse, acrescentando que \u00e9 melhor \u201cmanter a Europa para os europeus\u201d.<\/p>\n\n\n\n<p>A BBC explicou que o h\u00e1bito de colocar a l\u00edngua para fora pode ser uma forma de sauda\u00e7\u00e3o no Tibete.<\/p>\n\n\n\n<p>O Dalai Lama \u00e9 o principal l\u00edder espiritual do budismo tibetano. Na religi\u00e3o, ele \u00e9 considerado a reencarna\u00e7\u00e3o de seus 13 predecessores. O atual \u00e9 chamado Tenzin Gyatso.<\/p>\n\n\n\n<p>Ele \u00e9 o representante do movimento de autonomia tibetana, mas a presen\u00e7a internacional que desfrutava quando recebeu o Pr\u00eamio Nobel da Paz em 1989 diminuiu em parte por causa de sua idade, mas tamb\u00e9m devido \u00e0 crescente influ\u00eancia econ\u00f4mica e pol\u00edtica chinesa.<\/p>\n\n\n\n<figure class=\"wp-block-embed is-type-video is-provider-youtube wp-block-embed-youtube wp-embed-aspect-16-9 wp-has-aspect-ratio\"><div class=\"wp-block-embed__wrapper\">\n<iframe loading=\"lazy\" title=\"Dalai Lama beija crian\u00e7a na boca\" width=\"740\" height=\"416\" src=\"https:\/\/www.youtube.com\/embed\/0uJkLIYTHFA?feature=oembed\" frameborder=\"0\" allow=\"accelerometer; autoplay; clipboard-write; encrypted-media; gyroscope; picture-in-picture; web-share\" allowfullscreen><\/iframe>\n<\/div><\/figure>\n\n\n\n<p>Fonte O Globo<\/p>\n","protected":false},"excerpt":{"rendered":"<p>V\u00eddeo que mostra o l\u00edder espiritual tibetano beijando a crian\u00e7a na boca gerou revolta O\u00a0Dalai Lama\u00a0se desculpou depois que uma filmagem o mostrou perguntando a um menino se ele queria &#8220;chupar&#8221; a l\u00edngua do l\u00edder espiritual tibetano. Seu gabinete disse que ele queria se desculpar com a crian\u00e7a e sua fam\u00edlia &#8220;pela dor que suas [&hellip;]<\/p>\n","protected":false},"author":8,"featured_media":12673,"comment_status":"closed","ping_status":"open","sticky":false,"template":"","format":"standard","meta":{"rop_custom_images_group":[],"rop_custom_messages_group":[],"rop_publish_now":"initial","rop_publish_now_accounts":[],"rop_publish_now_history":[],"rop_publish_now_status":"pending","footnotes":""},"categories":[212],"tags":[],"class_list":["post-12672","post","type-post","status-publish","format-standard","has-post-thumbnail","hentry","category-internacional"],"amp_enabled":true,"_links":{"self":[{"href":"https:\/\/imais.online\/portal\/wp-json\/wp\/v2\/posts\/12672","targetHints":{"allow":["GET"]}}],"collection":[{"href":"https:\/\/imais.online\/portal\/wp-json\/wp\/v2\/posts"}],"about":[{"href":"https:\/\/imais.online\/portal\/wp-json\/wp\/v2\/types\/post"}],"author":[{"embeddable":true,"href":"https:\/\/imais.online\/portal\/wp-json\/wp\/v2\/users\/8"}],"replies":[{"embeddable":true,"href":"https:\/\/imais.online\/portal\/wp-json\/wp\/v2\/comments?post=12672"}],"version-history":[{"count":1,"href":"https:\/\/imais.online\/portal\/wp-json\/wp\/v2\/posts\/12672\/revisions"}],"predecessor-version":[{"id":12674,"href":"https:\/\/imais.online\/portal\/wp-json\/wp\/v2\/posts\/12672\/revisions\/12674"}],"wp:featuredmedia":[{"embeddable":true,"href":"https:\/\/imais.online\/portal\/wp-json\/wp\/v2\/media\/12673"}],"wp:attachment":[{"href":"https:\/\/imais.online\/portal\/wp-json\/wp\/v2\/media?parent=12672"}],"wp:term":[{"taxonomy":"category","embeddable":true,"href":"https:\/\/imais.online\/portal\/wp-json\/wp\/v2\/categories?post=12672"},{"taxonomy":"post_tag","embeddable":true,"href":"https:\/\/imais.online\/portal\/wp-json\/wp\/v2\/tags?post=12672"}],"curies":[{"name":"wp","href":"https:\/\/api.w.org\/{rel}","templated":true}]}}