{"id":1279,"date":"2021-09-10T10:20:07","date_gmt":"2021-09-10T13:20:07","guid":{"rendered":"https:\/\/imais.online\/portal\/?p=1279"},"modified":"2021-09-10T10:20:09","modified_gmt":"2021-09-10T13:20:09","slug":"comercio-cresce-12-em-julho-e-atinge-patamar-recorde-diz-ibge","status":"publish","type":"post","link":"https:\/\/imais.online\/portal\/comercio-cresce-12-em-julho-e-atinge-patamar-recorde-diz-ibge\/","title":{"rendered":"Com\u00e9rcio cresce 1,2% em julho e atinge patamar recorde, diz IBGE"},"content":{"rendered":"<div class=\"imais-before-content-placement\" id=\"imais-2301904848\"><script async src=\"\/\/pagead2.googlesyndication.com\/pagead\/js\/adsbygoogle.js?client=ca-pub-8787528412751566\" crossorigin=\"anonymous\"><\/script><ins class=\"adsbygoogle\" style=\"display:block;\" data-ad-client=\"ca-pub-8787528412751566\" \ndata-ad-slot=\"\" \ndata-ad-format=\"auto\"><\/ins>\n<script> \n(adsbygoogle = window.adsbygoogle || []).push({}); \n<\/script>\n<\/div>\n<h3 class=\"has-text-align-center wp-block-heading\">Trata-se da quarta alta consecutiva do indicador<\/h3>\n\n\n\n<p>O volume de vendas do com\u00e9rcio varejista brasileiro cresceu 1,2% em julho deste ano, na compara\u00e7\u00e3o com o m\u00eas anterior. Essa foi a&nbsp;quarta&nbsp;alta consecutiva do indicador, que atingiu patamar recorde da s\u00e9rie hist\u00f3rica da Pesquisa Mensal do Com\u00e9rcio (PMC), iniciada em 2000.<img decoding=\"async\" src=\"https:\/\/agenciabrasil.ebc.com.br\/ebc.png?id=1421256&amp;o=node\"><img decoding=\"async\" src=\"https:\/\/agenciabrasil.ebc.com.br\/ebc.gif?id=1421256&amp;o=node\"><\/p>\n\n\n\n<p>O com\u00e9rcio tamb\u00e9m teve altas de 5,7% na compara\u00e7\u00e3o com julho de 2020;&nbsp;de 1,1% na m\u00e9dia m\u00f3vel trimestral;&nbsp;de 6,6% no acumulado do ano e de 5,9% no acumulado de 12 meses. Os dados foram divulgados&nbsp;hoje&nbsp;(10) pelo Instituto Brasileiro de Geografia e Estat\u00edstica (IBGE).<\/p>\n\n\n\n<p>A receita nominal tamb\u00e9m apresentou altas: de 2,2% na compara\u00e7\u00e3o com junho deste ano; de&nbsp;1,5% na m\u00e9dia m\u00f3vel trimestral;&nbsp;de 19,7% em rela\u00e7\u00e3o a julho de 2020;&nbsp;de 18,6% no acumulado do ano e&nbsp;de 15,7% no acumulado de 12 meses.<\/p>\n\n\n\n<h2 class=\"wp-block-heading\">Setores<\/h2>\n\n\n\n<p>A alta de 1,2% no volume de vendas foi puxada por cinco das oito atividades pesquisadas: Outros artigos de uso pessoal e&nbsp;dom\u00e9stico&nbsp;(19,1%);&nbsp;Tecidos, vestu\u00e1rio e cal\u00e7ados&nbsp;(2,8%);&nbsp;Equipamentos e material para escrit\u00f3rio, inform\u00e1tica e comunica\u00e7\u00e3o&nbsp;(0,6%);&nbsp;Supermercados, produtos aliment\u00edcios, bebidas e fumo&nbsp;(0,2%) e Artigos farmac\u00eauticos, m\u00e9dicos, ortop\u00e9dicos, de perfumaria e cosm\u00e9ticos&nbsp;(0,1%).<\/p>\n\n\n\n<p>Por outro lado, tr\u00eas segmentos tiveram recuo no volume de vendas&nbsp;de junho&nbsp;para julho: Livros, jornais, revistas e papelaria&nbsp;(-5,2%);&nbsp;M\u00f3veis e eletrodom\u00e9sticos&nbsp;(-1,4%) e Combust\u00edveis e lubrificantes&nbsp;(-0,3%).<\/p>\n\n\n\n<h2 class=\"wp-block-heading\">Varejo ampliado<\/h2>\n\n\n\n<p>No varejo ampliado, que tamb\u00e9m inclui materiais de constru\u00e7\u00e3o e ve\u00edculos, a alta&nbsp;de junho&nbsp;para julho foi de 1,1% no volume de vendas. O setor de Ve\u00edculos, motos, partes e pe\u00e7as&nbsp;subiu 0,2% entre junho e julho, enquanto Material de constru\u00e7\u00e3o&nbsp;recuou 2,3%.<\/p>\n\n\n\n<p>O varejo ampliado teve altas de 0,7% na m\u00e9dia m\u00f3vel trimestral;\u00a0de 7,1% na compara\u00e7\u00e3o com julho de 2020;\u00a0de 11,4% no acumulado do ano e de 8,4% no acumulado de 12 meses.<\/p>\n\n\n\n<p>Por Agencia Brasil <\/p>\n","protected":false},"excerpt":{"rendered":"<p>Trata-se da quarta alta consecutiva do indicador O volume de vendas do com\u00e9rcio varejista brasileiro cresceu 1,2% em julho deste ano, na compara\u00e7\u00e3o com o m\u00eas anterior. Essa foi a&nbsp;quarta&nbsp;alta consecutiva do indicador, que atingiu patamar recorde da s\u00e9rie hist\u00f3rica da Pesquisa Mensal do Com\u00e9rcio (PMC), iniciada em 2000. O com\u00e9rcio tamb\u00e9m teve altas de [&hellip;]<\/p>\n","protected":false},"author":8,"featured_media":1280,"comment_status":"closed","ping_status":"open","sticky":false,"template":"","format":"standard","meta":{"rop_custom_images_group":[],"rop_custom_messages_group":[],"rop_publish_now":"initial","rop_publish_now_accounts":[],"rop_publish_now_history":[],"rop_publish_now_status":"pending","footnotes":""},"categories":[192],"tags":[],"class_list":["post-1279","post","type-post","status-publish","format-standard","has-post-thumbnail","hentry","category-economia"],"amp_enabled":true,"_links":{"self":[{"href":"https:\/\/imais.online\/portal\/wp-json\/wp\/v2\/posts\/1279","targetHints":{"allow":["GET"]}}],"collection":[{"href":"https:\/\/imais.online\/portal\/wp-json\/wp\/v2\/posts"}],"about":[{"href":"https:\/\/imais.online\/portal\/wp-json\/wp\/v2\/types\/post"}],"author":[{"embeddable":true,"href":"https:\/\/imais.online\/portal\/wp-json\/wp\/v2\/users\/8"}],"replies":[{"embeddable":true,"href":"https:\/\/imais.online\/portal\/wp-json\/wp\/v2\/comments?post=1279"}],"version-history":[{"count":1,"href":"https:\/\/imais.online\/portal\/wp-json\/wp\/v2\/posts\/1279\/revisions"}],"predecessor-version":[{"id":1281,"href":"https:\/\/imais.online\/portal\/wp-json\/wp\/v2\/posts\/1279\/revisions\/1281"}],"wp:featuredmedia":[{"embeddable":true,"href":"https:\/\/imais.online\/portal\/wp-json\/wp\/v2\/media\/1280"}],"wp:attachment":[{"href":"https:\/\/imais.online\/portal\/wp-json\/wp\/v2\/media?parent=1279"}],"wp:term":[{"taxonomy":"category","embeddable":true,"href":"https:\/\/imais.online\/portal\/wp-json\/wp\/v2\/categories?post=1279"},{"taxonomy":"post_tag","embeddable":true,"href":"https:\/\/imais.online\/portal\/wp-json\/wp\/v2\/tags?post=1279"}],"curies":[{"name":"wp","href":"https:\/\/api.w.org\/{rel}","templated":true}]}}