{"id":1289,"date":"2021-09-10T10:44:43","date_gmt":"2021-09-10T13:44:43","guid":{"rendered":"https:\/\/imais.online\/portal\/?p=1289"},"modified":"2021-09-10T10:48:59","modified_gmt":"2021-09-10T13:48:59","slug":"tvs-voltam-a-produzir-normalmente-so-o-sbt-esta-um-pouco-atras","status":"publish","type":"post","link":"https:\/\/imais.online\/portal\/tvs-voltam-a-produzir-normalmente-so-o-sbt-esta-um-pouco-atras\/","title":{"rendered":"TVs voltam a produzir normalmente. S\u00f3 o SBT est\u00e1 um pouco atr\u00e1s"},"content":{"rendered":"<div class=\"imais-before-content-placement\" id=\"imais-3304374294\"><script async src=\"\/\/pagead2.googlesyndication.com\/pagead\/js\/adsbygoogle.js?client=ca-pub-8787528412751566\" crossorigin=\"anonymous\"><\/script><ins class=\"adsbygoogle\" style=\"display:block;\" data-ad-client=\"ca-pub-8787528412751566\" \ndata-ad-slot=\"\" \ndata-ad-format=\"auto\"><\/ins>\n<script> \n(adsbygoogle = window.adsbygoogle || []).push({}); \n<\/script>\n<\/div>\n<p>Ano correndo solto, setembro em curso e mesmo com a pandemia ainda presente, \u00e9 de se destacar o esfor\u00e7o das principais TVs em aumentar o ritmo das suas produ\u00e7\u00f5es.<\/p>\n\n\n\n<p>A Record, al\u00e9m das novelas, jornalismo e seus programas regulares, encerrou ontem o \u201cIlha Record\u201d e, \u00e0 toda, prepara a estreia da \u201cFazenda\u201d na ter\u00e7a-feira.<\/p>\n\n\n\n<p>A Globo, do lado dela, tamb\u00e9m intensificou os trabalhos da dramaturgia, apresentou novidades como \u201cMasked Singer Brasil\u201d, estreou Marcos Mion, mudou Luciano Huck de dia e, dizem, tem articulados v\u00e1rios lan\u00e7amentos para 2022. Desconfia-se at\u00e9 que ser\u00e1 em n\u00fameros bem surpreendentes.<\/p>\n\n\n\n<p>Nesse mesmo embalo, a Band tamb\u00e9m aparece, j\u00e1 com a estreia de um game show do Zeca Camargo em novembro; Fausto Silva, di\u00e1rio, em janeiro; al\u00e9m de uma nova linha de programas na faixa das 22h45, entre outros movimentos.<\/p>\n\n\n\n<p>Cabe perguntar: e o SBT? Entre todas, \u00e9 a \u00fanica que, por enquanto, ainda n\u00e3o d\u00e1 sinais de nada. De duas, uma: ou est\u00e3o escondendo muito bem ou, o que ser\u00e1 bem lament\u00e1vel, n\u00e3o existe mesmo coisa alguma pensada para os pr\u00f3ximos tempos.https:\/\/imasdk.googleapis.com\/js\/core\/bridge3.479.1_en.html#goog_1933880973Publicidade<img decoding=\"async\" src=\"blob:https:\/\/imais.online\/b23a69e5-f5ba-44e1-88d0-dd290863a8f2\" alt=\"Bot\u00e3o para controlar o volume da publicidade\"><\/p>\n\n\n\n<p><strong>N\u00e3o \u00e9 por nada<\/strong><\/p>\n\n\n\n<p>Na ponta do l\u00e1pis, s\u00f3 o esporte apareceu como investimento do SBT nos \u00faltimos tempos.<\/p>\n\n\n\n<p>No mais, entre jornalismo, linha de shows e dramaturgia, h\u00e1 muitos anos continua a mesma coisa. Ou com a sua produ\u00e7\u00e3o ainda mais enfraquecida.<\/p>\n\n\n\n<p><strong>Suspense<\/strong><\/p>\n\n\n\n<p>O grande problema pela frente para o SBT, no que diz respeito ao campo esportivo, atende por Conmebol.<\/p>\n\n\n\n<p>Os direitos pela Libertadores da Am\u00e9rica, principal competi\u00e7\u00e3o sul-americana, seguem at\u00e9 2022. E depois? J\u00e1 tem um bastidor em cima disso. \u00c9 bom ficar de olho.<\/p>\n\n\n\n<p><strong>Mesm\u00edssima coisa<\/strong><\/p>\n\n\n\n<p>E a Band tamb\u00e9m tem que proceder da mesma forma ou com os mesmos cuidados em rela\u00e7\u00e3o \u00e0 F\u00f3rmula 1.<\/p>\n\n\n\n<p>Al\u00e9m desta, a temporada do ano que vem j\u00e1 est\u00e1 assegurada. Mas \u00e9 come\u00e7ar a pensar l\u00e1 na frente. A F1 est\u00e1 entre os melhores neg\u00f3cios da sua dire\u00e7\u00e3o nos \u00faltimos tempos.&nbsp;<\/p>\n\n\n\n<p><strong>Tudo certo<\/strong><\/p>\n\n\n\n<p>A Globo agiu bem, na mudan\u00e7a de Luciano Huck, ao conservar alguns formatos que ele mesmo apresentava no \u201cCaldeir\u00e3o\u201d e outros que pertenciam ao \u201cDoming\u00e3o do Faust\u00e3o\u201d.<\/p>\n\n\n\n<p>Entre \u201cShow dos Famosos\u201d e a \u201cDan\u00e7a\u201d no ano que vem, n\u00e3o tinha porque ser diferente.<\/p>\n\n\n\n<p><strong>Mercado balan\u00e7ado<\/strong><\/p>\n\n\n\n<p>Por essa, a sa\u00edda de Tiago Leifert da Globo, ningu\u00e9m esperava. O an\u00fancio, no come\u00e7o da noite de ontem, pegou a todos de surpresa. Faz o &#8220;The Voice&#8221;, pega a mala e vai embora.<\/p>\n\n\n\n<p>D\u00favidas: quem vai fazer o &#8220;BBB&#8221;? Mion? E qual ser\u00e1 o pr\u00f3ximo destino do Tiago?<\/p>\n\n\n\n<p><strong>Reconhecimento<\/strong><\/p>\n\n\n\n<p>A Band, hoje, tem no Rodolfo Schneider uma pe\u00e7a indispens\u00e1vel do seu departamento de jornalismo.<\/p>\n\n\n\n<p>Algu\u00e9m que chegou e deu uma organizada geral, inclusive contribuindo de maneira bem importante na unifica\u00e7\u00e3o de todo setor, entre as emissoras de r\u00e1dio e televis\u00e3o.<\/p>\n\n\n\n<p><strong>Tudo pronto<\/strong><\/p>\n\n\n\n<p>Ontem, na coletiva de \u201cA Fazenda\u201d no \u201cHoje em Dia\u201d, ficou claro que em se tratando de estreia, ter\u00e7a que vem, n\u00e3o h\u00e1 mais muita coisa a fazer. Instala\u00e7\u00f5es e toda a parte t\u00e9cnica j\u00e1 foram entregues. E Adriane Galisteu, tamb\u00e9m, no ponto.<\/p>\n\n\n\n<p>Victor Pecoraro, Mussunzinho, Liziane Gutierrez, Nego do Borel, Tati Quebra Barraco, Arcrebiano e Mileide Mihaile foram confirmados no elenco.<\/p>\n\n\n\n<p><strong>Exclusiva<\/strong><\/p>\n\n\n\n<p>A chance \u00e9 nenhuma da Ang\u00e9lica, nesses pr\u00f3ximos tempos, acertar qualquer trabalho na TV aberta, incluindo-se a Globo no meio disso.<\/p>\n\n\n\n<p>O seu contrato com a HBO \u00e9 de absoluta exclusividade e prev\u00ea a produ\u00e7\u00e3o de outros quatro projetos, al\u00e9m do \u201cJornada Astral\u201d.<\/p>\n\n\n\n<p><strong>\u00daltimas cenas<\/strong><\/p>\n\n\n\n<p>A novela \u201cG\u00eanesis\u201d possui apenas uma frente de grava\u00e7\u00e3o nos est\u00fadios da Casablanca no Rio de Janeiro e os trabalhos entraram em contagem regressiva por l\u00e1. S\u00f3 para se ter uma ideia, o \u00faltimo cap\u00edtulo j\u00e1 foi finalizado.<\/p>\n\n\n\n<p>V\u00e1rios atores, incluindo os filhos de Israel (Petr\u00f4nio Gontijo), conclu\u00edram sua participa\u00e7\u00e3o.<\/p>\n\n\n\n<p><strong>Prioridade<\/strong><\/p>\n\n\n\n<p>Como a Globo pediu prioridade total nas grava\u00e7\u00f5es de \u201cVerdades Secretas 2\u201d, atores tamb\u00e9m escalados em outras produ\u00e7\u00f5es n\u00e3o poder\u00e3o desviar o foco.<\/p>\n\n\n\n<p>Assim, tudo indica que \u201cMal Secreto\u201d, com S\u00e9rgio Guiz\u00e9, ficar\u00e1 para 2022.&nbsp;<\/p>\n\n\n\n<p><strong>Jornalismo<\/strong><\/p>\n\n\n\n<p>A EPTV, de Campinas, vai exibir, a partir de hoje, um document\u00e1rio exclusivo sobre os 20 anos da morte do ex-prefeito Toninho, do PT. Trechos, com reportagens e imagens in\u00e9ditas, ser\u00e3o apresentados em todos os telejornais.<\/p>\n\n\n\n<p>Crime ainda sem solu\u00e7\u00e3o.<\/p>\n\n\n\n<p><strong>Duelo de m\u00e3es<\/strong><\/p>\n\n\n\n<p>A Miss Brasil 2020, Julia Gama, estar\u00e1 no &#8220;Duelo de M\u00e3es&#8221;, da Band, neste pr\u00f3ximo s\u00e1bado.<\/p>\n\n\n\n<p>Julia foi segundo lugar no \u00faltimo Miss Universo e j\u00e1 se integrou \u00e0 equipe do novo programa do Fausto Silva, que vai estrear em janeiro.&nbsp;<\/p>\n\n\n\n<p><strong>Fim de linha<\/strong><\/p>\n\n\n\n<p>\u201cDe Volta aos 15\u201d, nova s\u00e9rie brasileira da Netflix, encerrou grava\u00e7\u00f5es em Paris, com as participa\u00e7\u00f5es de&nbsp; Maisa Silva, Camila Queiroz, Caio Cabral e Breno Ferreira.<\/p>\n\n\n\n<p>Inspirada no livro hom\u00f4nimo de Bruna Vieira, a hist\u00f3ria gira em torno de Anita, interpretada por Maisa na fase jovem e por Camila na fase adulta.<\/p>\n\n\n\n<p><strong>Bate \u2013 Rebate<\/strong><\/p>\n\n\n\n<p>\u2022 Ta\u00eds Ara\u00fajo vai apresentar a temporada de 20 anos do \u201cSuperbonita\u201d no GNT.<\/p>\n\n\n\n<p>\u2022 Paulo Vieira \u00e9 um dos melhores humoristas da nova gera\u00e7\u00e3o&#8230;<\/p>\n\n\n\n<p>\u2022 &#8230; Na TV, por falta de projetos apropriados, ainda n\u00e3o teve a oportunidade de mostrar tudo o que sabe, mas pasmem&#8230;<\/p>\n\n\n\n<p>\u2022 &#8230; E porque n\u00e3o existe mesmo nada mais apropriado, ele vai aparecer num programa de culin\u00e1ria no GNT&#8230;<\/p>\n\n\n\n<p>\u2022 &#8230; Por certo vai procurar ser engra\u00e7ado na cozinha, mas ser\u00e1 que ningu\u00e9m conseguiu pensar em algo melhor?<\/p>\n\n\n\n<p>\u2022 Gabriela Prioli, da CNN Brasil, fala sobre seu novo livro, Pol\u00edtica \u00e9 Para Todos, nesta sexta, no \u201cOito em Ponto\u201d, pelas r\u00e1dios Cultura FM e Cultura Brasil.<\/p>\n\n\n\n<p>\u2022 Juliana Paiva e Marcos Caruso levam fam\u00edlias e amigos para o Tem ou n\u00e3o tem, quadro do Caldeir\u00e3o, neste s\u00e1bado.<\/p>\n\n\n\n<p>\u2022 Mara estreia no dia 16 o \u201cPrograma da Maravilha\u201d&#8230;<\/p>\n\n\n\n<p>\u2022 &#8230; \u00c9 um podcast nas plataformas digitais do SBT, em que ela conversar\u00e1 com convidados. Na primeira entrevista, Mariane Dombrova.<\/p>\n\n\n\n<p>\u2022 Tamb\u00e9m no dia 16, \u00e0s 22h30, entra no ar o \u201cCNN Brasil Business\u201d, novo programa de Phelipe Siani e Fernando Nakagawa.<\/p>\n\n\n\n<p>\u2022 O ator e comediante Thiago Chagas se apresenta nesta sexta-feira no \u201cCasa da Com\u00e9dia Carioca\u201d, em Ipanema, com o show \u201cAqui se faz, aqui se Chagas\u201d.<\/p>\n\n\n\n<p>\u2022 No dia 15 de outubro, a com\u00e9dia musical \u201cSilvio Santos Vem A\u00ed\u201d volta para o 033 Rooftop, em S\u00e3o Paulo, ap\u00f3s temporada interrompida por conta da pandemia.<\/p>\n\n\n\n<p>Fonte R7 &#8211; Fl\u00e1vio Ricco<\/p>\n","protected":false},"excerpt":{"rendered":"<p>Ano correndo solto, setembro em curso e mesmo com a pandemia ainda presente, \u00e9 de se destacar o esfor\u00e7o das principais TVs em aumentar o ritmo das suas produ\u00e7\u00f5es. A Record, al\u00e9m das novelas, jornalismo e seus programas regulares, encerrou ontem o \u201cIlha Record\u201d e, \u00e0 toda, prepara a estreia da \u201cFazenda\u201d na ter\u00e7a-feira. A [&hellip;]<\/p>\n","protected":false},"author":8,"featured_media":1292,"comment_status":"closed","ping_status":"open","sticky":false,"template":"","format":"standard","meta":{"rop_custom_images_group":[],"rop_custom_messages_group":[],"rop_publish_now":"initial","rop_publish_now_accounts":[],"rop_publish_now_history":[],"rop_publish_now_status":"pending","footnotes":""},"categories":[16],"tags":[],"class_list":["post-1289","post","type-post","status-publish","format-standard","has-post-thumbnail","hentry","category-entertainment"],"amp_enabled":true,"_links":{"self":[{"href":"https:\/\/imais.online\/portal\/wp-json\/wp\/v2\/posts\/1289","targetHints":{"allow":["GET"]}}],"collection":[{"href":"https:\/\/imais.online\/portal\/wp-json\/wp\/v2\/posts"}],"about":[{"href":"https:\/\/imais.online\/portal\/wp-json\/wp\/v2\/types\/post"}],"author":[{"embeddable":true,"href":"https:\/\/imais.online\/portal\/wp-json\/wp\/v2\/users\/8"}],"replies":[{"embeddable":true,"href":"https:\/\/imais.online\/portal\/wp-json\/wp\/v2\/comments?post=1289"}],"version-history":[{"count":1,"href":"https:\/\/imais.online\/portal\/wp-json\/wp\/v2\/posts\/1289\/revisions"}],"predecessor-version":[{"id":1291,"href":"https:\/\/imais.online\/portal\/wp-json\/wp\/v2\/posts\/1289\/revisions\/1291"}],"wp:featuredmedia":[{"embeddable":true,"href":"https:\/\/imais.online\/portal\/wp-json\/wp\/v2\/media\/1292"}],"wp:attachment":[{"href":"https:\/\/imais.online\/portal\/wp-json\/wp\/v2\/media?parent=1289"}],"wp:term":[{"taxonomy":"category","embeddable":true,"href":"https:\/\/imais.online\/portal\/wp-json\/wp\/v2\/categories?post=1289"},{"taxonomy":"post_tag","embeddable":true,"href":"https:\/\/imais.online\/portal\/wp-json\/wp\/v2\/tags?post=1289"}],"curies":[{"name":"wp","href":"https:\/\/api.w.org\/{rel}","templated":true}]}}