{"id":12899,"date":"2023-04-20T14:26:55","date_gmt":"2023-04-20T17:26:55","guid":{"rendered":"https:\/\/imais.online\/portal\/?p=12899"},"modified":"2023-04-20T14:26:57","modified_gmt":"2023-04-20T17:26:57","slug":"indaiatuba-sedia-encontro-regional-de-manejo-clinico-da-sifilis-adquirida-em-gestante-e-congenita","status":"publish","type":"post","link":"https:\/\/imais.online\/portal\/indaiatuba-sedia-encontro-regional-de-manejo-clinico-da-sifilis-adquirida-em-gestante-e-congenita\/","title":{"rendered":"Indaiatuba sedia Encontro Regional de Manejo Cl\u00ednico da S\u00edfilis Adquirida, em Gestante e Cong\u00eanita"},"content":{"rendered":"<div class=\"imais-before-content-placement\" id=\"imais-3092269874\"><script async src=\"\/\/pagead2.googlesyndication.com\/pagead\/js\/adsbygoogle.js?client=ca-pub-8787528412751566\" crossorigin=\"anonymous\"><\/script><ins class=\"adsbygoogle\" style=\"display:block;\" data-ad-client=\"ca-pub-8787528412751566\" \ndata-ad-slot=\"\" \ndata-ad-format=\"auto\"><\/ins>\n<script> \n(adsbygoogle = window.adsbygoogle || []).push({}); \n<\/script>\n<\/div>\n<p><em><small>Evento tem objetivo capacitar os profissionais da rede b\u00e1sica de sa\u00fade, hospitais, maternidades e das vigil\u00e2ncias epidemiol\u00f3gicas<\/small><\/em><\/p>\n\n\n\n<p>A Secretaria de Sa\u00fade de Indaiatuba organizou na manh\u00e3 desta quinta-feira (20), no audit\u00f3rio da UniMAX, o Encontro Regional de Manejo Cl\u00ednico da S\u00edfilis Adquirida, S\u00edfilis em Gestante e S\u00edfilis Cong\u00eanita. Profissionais de toda a RMC (Regi\u00e3o Metropolitana de Campinas) estiveram presentes com o objetivo de ampliar os conhecimentos no tema.<\/p>\n\n\n\n<figure class=\"wp-block-image size-large\"><img loading=\"lazy\" decoding=\"async\" width=\"1024\" height=\"683\" src=\"https:\/\/imais.online\/portal\/wp-content\/uploads\/2023\/04\/image-12-1024x683.jpeg\" alt=\"\" class=\"wp-image-12900\" srcset=\"https:\/\/imais.online\/portal\/wp-content\/uploads\/2023\/04\/image-12-1024x683.jpeg 1024w, https:\/\/imais.online\/portal\/wp-content\/uploads\/2023\/04\/image-12-300x200.jpeg 300w, https:\/\/imais.online\/portal\/wp-content\/uploads\/2023\/04\/image-12-768x512.jpeg 768w, https:\/\/imais.online\/portal\/wp-content\/uploads\/2023\/04\/image-12.jpeg 1239w\" sizes=\"auto, (max-width: 1024px) 100vw, 1024px\" \/><\/figure>\n\n\n\n<p>Foto: Eliandro Figueira RIC\/PMI<\/p>\n\n\n\n<p>Participaram profissionais da rede b\u00e1sica de sa\u00fade, hospitais, maternidades e dos departamentos de vigil\u00e2ncia epidemiol\u00f3gica das 19 cidades que comp\u00f5em a RMC. A iniciativa faz parte das a\u00e7\u00f5es de preven\u00e7\u00e3o e promo\u00e7\u00e3o da sa\u00fade para a redu\u00e7\u00e3o da transmiss\u00e3o dos casos de s\u00edfilis no Brasil. O encontro tem o intuito de integrar a\u00e7\u00f5es de qualifica\u00e7\u00e3o da rede de profissionais no Plano Municipal de Enfrentamento e conta com o apoio da Regional de Sa\u00fade DRS 7 de Campinas, do Grupo de Vigil\u00e2ncia Epidemiol\u00f3gica (GVE 17) de Campinas e do Grupo T\u00e9cnico de Vigil\u00e2ncia dos \u00d3bitos (GVTO) da DRS 7.<\/p>\n\n\n\n<p>Estiveram presentes tamb\u00e9m a secret\u00e1ria de Sa\u00fade de Indaiatuba, Graziela Garcia, que representou o prefeito, Nilson Gaspar, a vereadora, enf. Silene Carvalini, a diretora do GVE, Raquel Ramalheira, a diretora da DRS 7 de Campinas, Fernanda Penati e interlocutores e coordenadores do Programa IST\/Aids de Campinas.<\/p>\n\n\n\n<figure class=\"wp-block-image size-large\"><img loading=\"lazy\" decoding=\"async\" width=\"1024\" height=\"683\" src=\"https:\/\/imais.online\/portal\/wp-content\/uploads\/2023\/04\/image-13-1024x683.jpeg\" alt=\"\" class=\"wp-image-12901\" srcset=\"https:\/\/imais.online\/portal\/wp-content\/uploads\/2023\/04\/image-13-1024x683.jpeg 1024w, https:\/\/imais.online\/portal\/wp-content\/uploads\/2023\/04\/image-13-300x200.jpeg 300w, https:\/\/imais.online\/portal\/wp-content\/uploads\/2023\/04\/image-13-768x512.jpeg 768w, https:\/\/imais.online\/portal\/wp-content\/uploads\/2023\/04\/image-13.jpeg 1239w\" sizes=\"auto, (max-width: 1024px) 100vw, 1024px\" \/><\/figure>\n\n\n\n<p>Foto: Eliandro Figueira RIC\/PMI<\/p>\n\n\n\n<p>As palestras para os profissionais foram realizadas pelo m\u00e9dico infectologista, dr. Ant\u00f4nio Camargo Martins, pelo ginecologista e obstetra, dr. Andr\u00e9 Pampanini Neto e pela pediatra, dra. Ana Lucia Calderaro.<\/p>\n\n\n\n<p><img decoding=\"async\" src=\"blob:https:\/\/imais.online\/fafeef29-6581-472e-a3c9-4dc6c536e788\">Foto: Eliandro Figueira RIC\/PMI<\/p>\n","protected":false},"excerpt":{"rendered":"<p>Evento tem objetivo capacitar os profissionais da rede b\u00e1sica de sa\u00fade, hospitais, maternidades e das vigil\u00e2ncias epidemiol\u00f3gicas A Secretaria de Sa\u00fade de Indaiatuba organizou na manh\u00e3 desta quinta-feira (20), no audit\u00f3rio da UniMAX, o Encontro Regional de Manejo Cl\u00ednico da S\u00edfilis Adquirida, S\u00edfilis em Gestante e S\u00edfilis Cong\u00eanita. Profissionais de toda a RMC (Regi\u00e3o Metropolitana [&hellip;]<\/p>\n","protected":false},"author":8,"featured_media":12902,"comment_status":"closed","ping_status":"open","sticky":false,"template":"","format":"standard","meta":{"rop_custom_images_group":[],"rop_custom_messages_group":[],"rop_publish_now":"initial","rop_publish_now_accounts":[],"rop_publish_now_history":[],"rop_publish_now_status":"pending","footnotes":""},"categories":[188],"tags":[],"class_list":["post-12899","post","type-post","status-publish","format-standard","has-post-thumbnail","hentry","category-indaiatuba"],"amp_enabled":true,"_links":{"self":[{"href":"https:\/\/imais.online\/portal\/wp-json\/wp\/v2\/posts\/12899","targetHints":{"allow":["GET"]}}],"collection":[{"href":"https:\/\/imais.online\/portal\/wp-json\/wp\/v2\/posts"}],"about":[{"href":"https:\/\/imais.online\/portal\/wp-json\/wp\/v2\/types\/post"}],"author":[{"embeddable":true,"href":"https:\/\/imais.online\/portal\/wp-json\/wp\/v2\/users\/8"}],"replies":[{"embeddable":true,"href":"https:\/\/imais.online\/portal\/wp-json\/wp\/v2\/comments?post=12899"}],"version-history":[{"count":1,"href":"https:\/\/imais.online\/portal\/wp-json\/wp\/v2\/posts\/12899\/revisions"}],"predecessor-version":[{"id":12903,"href":"https:\/\/imais.online\/portal\/wp-json\/wp\/v2\/posts\/12899\/revisions\/12903"}],"wp:featuredmedia":[{"embeddable":true,"href":"https:\/\/imais.online\/portal\/wp-json\/wp\/v2\/media\/12902"}],"wp:attachment":[{"href":"https:\/\/imais.online\/portal\/wp-json\/wp\/v2\/media?parent=12899"}],"wp:term":[{"taxonomy":"category","embeddable":true,"href":"https:\/\/imais.online\/portal\/wp-json\/wp\/v2\/categories?post=12899"},{"taxonomy":"post_tag","embeddable":true,"href":"https:\/\/imais.online\/portal\/wp-json\/wp\/v2\/tags?post=12899"}],"curies":[{"name":"wp","href":"https:\/\/api.w.org\/{rel}","templated":true}]}}