{"id":12904,"date":"2023-04-20T14:29:15","date_gmt":"2023-04-20T17:29:15","guid":{"rendered":"https:\/\/imais.online\/portal\/?p=12904"},"modified":"2023-04-20T14:29:17","modified_gmt":"2023-04-20T17:29:17","slug":"vigilancia-sanitaria-e-policia-civil-apreendem-uma-tonelada-de-carnes-clandestinas-em-indaiatuba","status":"publish","type":"post","link":"https:\/\/imais.online\/portal\/vigilancia-sanitaria-e-policia-civil-apreendem-uma-tonelada-de-carnes-clandestinas-em-indaiatuba\/","title":{"rendered":"Vigil\u00e2ncia Sanit\u00e1ria e Pol\u00edcia Civil apreendem uma tonelada de carnes clandestinas em Indaiatuba"},"content":{"rendered":"<div class=\"imais-before-content-placement\" id=\"imais-4132881938\"><script async src=\"\/\/pagead2.googlesyndication.com\/pagead\/js\/adsbygoogle.js?client=ca-pub-8787528412751566\" crossorigin=\"anonymous\"><\/script><ins class=\"adsbygoogle\" style=\"display:block;\" data-ad-client=\"ca-pub-8787528412751566\" \ndata-ad-slot=\"\" \ndata-ad-format=\"auto\"><\/ins>\n<script> \n(adsbygoogle = window.adsbygoogle || []).push({}); \n<\/script>\n<\/div>\n<p><em><small>A\u00e7ougue no Jardim Morada do Sol \u00e9 reincidente na den\u00fancia e multa pode chegar a R$ 25 mil<\/small><\/em><\/p>\n\n\n\n<p>O Departamento de Vigil\u00e2ncia Sanit\u00e1ria da Secretaria Municipal de Sa\u00fade junto com a Pol\u00edcia Civil-SP, realizou a apreens\u00e3o de 934 kgs de carnes clandestinas em a\u00e7ougue do Jardim Morada do Sol, na tarde da \u00faltima quarta-feira (19). Os produtos sem proced\u00eancia foram confiscados e inutilizados pela equipe da Sa\u00fade e da Pol\u00edcia. O propriet\u00e1rio, que \u00e9 reincidente na infra\u00e7\u00e3o, tem dez dias para apresentar defesa e multa pode chegar a R$ 25 mil.<\/p>\n\n\n\n<p>A venda de carne clandestina, ou sem proced\u00eancia legal, \u00e9 considerada crime contra sa\u00fade p\u00fablica e al\u00e9m de multa pode resultar ao propriet\u00e1rio em deten\u00e7\u00e3o de dois a cinco anos. A a\u00e7\u00e3o \u00e9 resultado de opera\u00e7\u00e3o em conjunto da Pol\u00edcia Civil-SP e da Vigil\u00e2ncia Sanit\u00e1ria de Indaiatuba.<\/p>\n\n\n\n<p>A Secretaria Municipal de Sa\u00fade refor\u00e7a a necessidade de a popula\u00e7\u00e3o estar atenta a poss\u00edveis irregularidades praticadas pelos com\u00e9rcios e deixa a disposi\u00e7\u00e3o o WhatsApp da Prefeitura (19) 99773-4701 para den\u00fancias, an\u00f4nimas inclusive.&nbsp;<\/p>\n\n\n\n<figure class=\"wp-block-image size-large\"><img loading=\"lazy\" decoding=\"async\" width=\"1024\" height=\"771\" src=\"https:\/\/imais.online\/portal\/wp-content\/uploads\/2023\/04\/image-15-1024x771.jpeg\" alt=\"\" class=\"wp-image-12906\" srcset=\"https:\/\/imais.online\/portal\/wp-content\/uploads\/2023\/04\/image-15-1024x771.jpeg 1024w, https:\/\/imais.online\/portal\/wp-content\/uploads\/2023\/04\/image-15-300x226.jpeg 300w, https:\/\/imais.online\/portal\/wp-content\/uploads\/2023\/04\/image-15-768x578.jpeg 768w, https:\/\/imais.online\/portal\/wp-content\/uploads\/2023\/04\/image-15-1536x1156.jpeg 1536w, https:\/\/imais.online\/portal\/wp-content\/uploads\/2023\/04\/image-15.jpeg 1600w\" sizes=\"auto, (max-width: 1024px) 100vw, 1024px\" \/><\/figure>\n\n\n\n<p>Foto: Divulga\u00e7\u00e3o RIC\/PMI<\/p>\n\n\n\n<figure class=\"wp-block-image size-large\"><img loading=\"lazy\" decoding=\"async\" width=\"1024\" height=\"771\" src=\"https:\/\/imais.online\/portal\/wp-content\/uploads\/2023\/04\/image-14-1024x771.jpeg\" alt=\"\" class=\"wp-image-12905\" srcset=\"https:\/\/imais.online\/portal\/wp-content\/uploads\/2023\/04\/image-14-1024x771.jpeg 1024w, https:\/\/imais.online\/portal\/wp-content\/uploads\/2023\/04\/image-14-300x226.jpeg 300w, https:\/\/imais.online\/portal\/wp-content\/uploads\/2023\/04\/image-14-768x578.jpeg 768w, https:\/\/imais.online\/portal\/wp-content\/uploads\/2023\/04\/image-14-1536x1156.jpeg 1536w, https:\/\/imais.online\/portal\/wp-content\/uploads\/2023\/04\/image-14.jpeg 1600w\" sizes=\"auto, (max-width: 1024px) 100vw, 1024px\" \/><\/figure>\n\n\n\n<p>Foto: Divulga\u00e7\u00e3o RIC\/PMI<\/p>\n","protected":false},"excerpt":{"rendered":"<p>A\u00e7ougue no Jardim Morada do Sol \u00e9 reincidente na den\u00fancia e multa pode chegar a R$ 25 mil O Departamento de Vigil\u00e2ncia Sanit\u00e1ria da Secretaria Municipal de Sa\u00fade junto com a Pol\u00edcia Civil-SP, realizou a apreens\u00e3o de 934 kgs de carnes clandestinas em a\u00e7ougue do Jardim Morada do Sol, na tarde da \u00faltima quarta-feira (19). [&hellip;]<\/p>\n","protected":false},"author":8,"featured_media":12907,"comment_status":"closed","ping_status":"open","sticky":false,"template":"","format":"standard","meta":{"rop_custom_images_group":[],"rop_custom_messages_group":[],"rop_publish_now":"initial","rop_publish_now_accounts":[],"rop_publish_now_history":[],"rop_publish_now_status":"pending","footnotes":""},"categories":[188],"tags":[],"class_list":["post-12904","post","type-post","status-publish","format-standard","has-post-thumbnail","hentry","category-indaiatuba"],"amp_enabled":true,"_links":{"self":[{"href":"https:\/\/imais.online\/portal\/wp-json\/wp\/v2\/posts\/12904","targetHints":{"allow":["GET"]}}],"collection":[{"href":"https:\/\/imais.online\/portal\/wp-json\/wp\/v2\/posts"}],"about":[{"href":"https:\/\/imais.online\/portal\/wp-json\/wp\/v2\/types\/post"}],"author":[{"embeddable":true,"href":"https:\/\/imais.online\/portal\/wp-json\/wp\/v2\/users\/8"}],"replies":[{"embeddable":true,"href":"https:\/\/imais.online\/portal\/wp-json\/wp\/v2\/comments?post=12904"}],"version-history":[{"count":1,"href":"https:\/\/imais.online\/portal\/wp-json\/wp\/v2\/posts\/12904\/revisions"}],"predecessor-version":[{"id":12908,"href":"https:\/\/imais.online\/portal\/wp-json\/wp\/v2\/posts\/12904\/revisions\/12908"}],"wp:featuredmedia":[{"embeddable":true,"href":"https:\/\/imais.online\/portal\/wp-json\/wp\/v2\/media\/12907"}],"wp:attachment":[{"href":"https:\/\/imais.online\/portal\/wp-json\/wp\/v2\/media?parent=12904"}],"wp:term":[{"taxonomy":"category","embeddable":true,"href":"https:\/\/imais.online\/portal\/wp-json\/wp\/v2\/categories?post=12904"},{"taxonomy":"post_tag","embeddable":true,"href":"https:\/\/imais.online\/portal\/wp-json\/wp\/v2\/tags?post=12904"}],"curies":[{"name":"wp","href":"https:\/\/api.w.org\/{rel}","templated":true}]}}