{"id":12975,"date":"2023-04-25T10:04:36","date_gmt":"2023-04-25T13:04:36","guid":{"rendered":"https:\/\/imais.online\/portal\/?p=12975"},"modified":"2023-04-25T10:04:39","modified_gmt":"2023-04-25T13:04:39","slug":"prefeitura-de-indaiatuba-e-unimax-realizam-vacinacao-antirrabica-no-sabado-29","status":"publish","type":"post","link":"https:\/\/imais.online\/portal\/prefeitura-de-indaiatuba-e-unimax-realizam-vacinacao-antirrabica-no-sabado-29\/","title":{"rendered":"Prefeitura de Indaiatuba e UniMAX realizam vacina\u00e7\u00e3o antirr\u00e1bica no s\u00e1bado (29)"},"content":{"rendered":"<div class=\"imais-before-content-placement\" id=\"imais-4259846860\"><script async src=\"\/\/pagead2.googlesyndication.com\/pagead\/js\/adsbygoogle.js?client=ca-pub-8787528412751566\" crossorigin=\"anonymous\"><\/script><ins class=\"adsbygoogle\" style=\"display:block;\" data-ad-client=\"ca-pub-8787528412751566\" \ndata-ad-slot=\"\" \ndata-ad-format=\"auto\"><\/ins>\n<script> \n(adsbygoogle = window.adsbygoogle || []).push({}); \n<\/script>\n<\/div>\n<p><em><small>Vacina\u00e7\u00e3o contra raiva animal acontece em quatro pontos de Indaiatuba das 9h \u00e0s 13h<\/small><\/em><\/p>\n\n\n\n<p>A Secretaria de Sa\u00fade de Indaiatuba e a UniMAX seguem com o calend\u00e1rio de vacina\u00e7\u00e3o contra raiva animal de 2023 no pr\u00f3ximo s\u00e1bado, 29 de abril. Apenas os pets cadastrados no site da Prefeitura podem receber a imuniza\u00e7\u00e3o. A a\u00e7\u00e3o acontecer\u00e1 em quatro postos fixos: Parque Pet do Jardim Esplanada, Espa\u00e7os Pet do Jardim Paulistano e da Pra\u00e7a Tr\u00eas Marias (localizada em frente ao supermercado Pague Menos), e em frente \u00e0 unidade de sa\u00fade do Parque Campo Bonito.&nbsp; A popula\u00e7\u00e3o cadastrada poder\u00e1 procurar pelo servi\u00e7o neste s\u00e1bado, das 9h \u00e0s 13h.<\/p>\n\n\n\n<p>A vacina\u00e7\u00e3o antirr\u00e1bica acontece em parceria da Prefeitura com a institui\u00e7\u00e3o de ensino que doar\u00e1 as doses da vacina e participar\u00e1 da a\u00e7\u00e3o com alunos e professores do curso de Medicina Veterin\u00e1ria. A imuniza\u00e7\u00e3o dos animais tamb\u00e9m tem o apoio do Compda (Conselho Municipal de Prote\u00e7\u00e3o dos Direitos dos Animais).<\/p>\n\n\n\n<p>A recomenda\u00e7\u00e3o aos tutores dos animais \u00e9 que escolham o posto de vacina\u00e7\u00e3o mais pr\u00f3ximo do seu bairro e n\u00e3o esque\u00e7am de levar a carteira de vacina do pet. O c\u00e3o deve ser conduzido em coleira e o gato dentro de um saco de tecido.&nbsp;Como os postos de vacina\u00e7\u00e3o ser\u00e3o em locais abertos, a a\u00e7\u00e3o ser\u00e1 cancelada nos dias de chuva.<\/p>\n\n\n\n<p>Mesmo sem registros recentes de casos de raiva em c\u00e3es e gatos, \u00e9 importante que os tutores de animais mantenham a carteirinha de vacina\u00e7\u00e3o de seu pet em dia. A raiva \u00e9 uma doen\u00e7a fatal provocada por v\u00edrus que acomete animais e seres humanos. Ela \u00e9 transmitida por c\u00e3o, gato e outros animais atrav\u00e9s da mordedura ou lambedura da mucosa ou pele lesionada por animais raivosos. Os animais dom\u00e9sticos de estima\u00e7\u00e3o s\u00e3o as principais fontes de transmiss\u00e3o para os seres humanos.<\/p>\n\n\n\n<p><strong>Calend\u00e1rio de Vacina\u00e7\u00e3o Antirr\u00e1bica<\/strong><\/p>\n\n\n\n<p>Abril &#8211; Dia 29<\/p>\n\n\n\n<p>Maio &#8211; Dia 27<\/p>\n\n\n\n<p>Junho &#8211; Dia 24<\/p>\n\n\n\n<p>Julho &#8211; Dia 29<\/p>\n\n\n\n<p>Agosto &#8211; Dia 26<\/p>\n\n\n\n<p>Setembro &#8211; Dia 30<\/p>\n\n\n\n<p>Novembro &#8211; Dia 25<\/p>\n\n\n\n<p><strong>Locais:&nbsp;&nbsp;<\/strong><\/p>\n\n\n\n<p>&#8211; Parque Pet do Parque Ecol\u00f3gico \u2013 avenida Eng. F\u00e1bio Roberto Barnab\u00e9, altura no Jardim Esplanada<\/p>\n\n\n\n<p>&#8211; Espa\u00e7o Pet do Parque do Jardim Paulistano \u2013 rua Martinho Lutero, no Jardim Paulistano<\/p>\n\n\n\n<p>&#8211; Espa\u00e7o Pet da pra\u00e7a Tr\u00eas Marias &#8211; na avenida Concei\u00e7\u00e3o, na Vila Georgina (em frente ao supermercado Pague Menos)<\/p>\n\n\n\n<p>&#8211; UBS do Parque Campo Bonito &#8211; avenida Ot\u00edlia Ferraz de Camargo, 817, Campo Bonito (em frente \u00e0 UBS)<\/p>\n","protected":false},"excerpt":{"rendered":"<p>Vacina\u00e7\u00e3o contra raiva animal acontece em quatro pontos de Indaiatuba das 9h \u00e0s 13h A Secretaria de Sa\u00fade de Indaiatuba e a UniMAX seguem com o calend\u00e1rio de vacina\u00e7\u00e3o contra raiva animal de 2023 no pr\u00f3ximo s\u00e1bado, 29 de abril. Apenas os pets cadastrados no site da Prefeitura podem receber a imuniza\u00e7\u00e3o. A a\u00e7\u00e3o acontecer\u00e1 [&hellip;]<\/p>\n","protected":false},"author":8,"featured_media":12976,"comment_status":"closed","ping_status":"open","sticky":false,"template":"","format":"standard","meta":{"rop_custom_images_group":[],"rop_custom_messages_group":[],"rop_publish_now":"initial","rop_publish_now_accounts":[],"rop_publish_now_history":[],"rop_publish_now_status":"pending","footnotes":""},"categories":[188],"tags":[],"class_list":["post-12975","post","type-post","status-publish","format-standard","has-post-thumbnail","hentry","category-indaiatuba"],"amp_enabled":true,"_links":{"self":[{"href":"https:\/\/imais.online\/portal\/wp-json\/wp\/v2\/posts\/12975","targetHints":{"allow":["GET"]}}],"collection":[{"href":"https:\/\/imais.online\/portal\/wp-json\/wp\/v2\/posts"}],"about":[{"href":"https:\/\/imais.online\/portal\/wp-json\/wp\/v2\/types\/post"}],"author":[{"embeddable":true,"href":"https:\/\/imais.online\/portal\/wp-json\/wp\/v2\/users\/8"}],"replies":[{"embeddable":true,"href":"https:\/\/imais.online\/portal\/wp-json\/wp\/v2\/comments?post=12975"}],"version-history":[{"count":1,"href":"https:\/\/imais.online\/portal\/wp-json\/wp\/v2\/posts\/12975\/revisions"}],"predecessor-version":[{"id":12977,"href":"https:\/\/imais.online\/portal\/wp-json\/wp\/v2\/posts\/12975\/revisions\/12977"}],"wp:featuredmedia":[{"embeddable":true,"href":"https:\/\/imais.online\/portal\/wp-json\/wp\/v2\/media\/12976"}],"wp:attachment":[{"href":"https:\/\/imais.online\/portal\/wp-json\/wp\/v2\/media?parent=12975"}],"wp:term":[{"taxonomy":"category","embeddable":true,"href":"https:\/\/imais.online\/portal\/wp-json\/wp\/v2\/categories?post=12975"},{"taxonomy":"post_tag","embeddable":true,"href":"https:\/\/imais.online\/portal\/wp-json\/wp\/v2\/tags?post=12975"}],"curies":[{"name":"wp","href":"https:\/\/api.w.org\/{rel}","templated":true}]}}