{"id":12978,"date":"2023-04-25T10:08:24","date_gmt":"2023-04-25T13:08:24","guid":{"rendered":"https:\/\/imais.online\/portal\/?p=12978"},"modified":"2023-04-25T10:08:27","modified_gmt":"2023-04-25T13:08:27","slug":"servicos-publicos-funcionam-em-sistema-de-plantao-no-feriado-do-dia-do-trabalhador","status":"publish","type":"post","link":"https:\/\/imais.online\/portal\/servicos-publicos-funcionam-em-sistema-de-plantao-no-feriado-do-dia-do-trabalhador\/","title":{"rendered":"Servi\u00e7os p\u00fablicos funcionam em sistema de plant\u00e3o no Feriado do Dia do Trabalhador"},"content":{"rendered":"<div class=\"imais-before-content-placement\" id=\"imais-1313229684\"><script async src=\"\/\/pagead2.googlesyndication.com\/pagead\/js\/adsbygoogle.js?client=ca-pub-8787528412751566\" crossorigin=\"anonymous\"><\/script><ins class=\"adsbygoogle\" style=\"display:block;\" data-ad-client=\"ca-pub-8787528412751566\" \ndata-ad-slot=\"\" \ndata-ad-format=\"auto\"><\/ins>\n<script> \n(adsbygoogle = window.adsbygoogle || []).push({}); \n<\/script>\n<\/div>\n<p><em><small>Sistemas de lazer da Prefeitura tamb\u00e9m ter\u00e3o agenda especial no fim de semana prolongado<\/small><\/em><\/p>\n\n\n\n<p>A Administra\u00e7\u00e3o Municipal informa como funcionar\u00e3o os servi\u00e7os p\u00fablicos no fim de semana prolongado, com o feriado do Dia do Trabalhador. O Pa\u00e7o Municipal, autarquias, funda\u00e7\u00f5es e o Ponto Cidad\u00e3o n\u00e3o ter\u00e3o expediente, mas os servi\u00e7os essenciais de sa\u00fade funcionar\u00e3o em sistema de plant\u00e3o, assim como seguran\u00e7a, tr\u00e2nsito e limpeza p\u00fablica. O munic\u00edpio tamb\u00e9m oferece op\u00e7\u00e3o de espa\u00e7os de lazer variados para as fam\u00edlias aproveitarem o feriado.<\/p>\n\n\n\n<p>Na Secretaria Municipal de Sa\u00fade o plant\u00e3o para urg\u00eancia e emerg\u00eancia permanece na UPA-24h (Unidade de Pronto Atendimento) e no Haoc (Hospital Augusto de Oliveira Camargo).&nbsp;O servi\u00e7o de Telemedicina n\u00e3o funcionar\u00e1 no feriado. O plant\u00e3o odontol\u00f3gico, que tamb\u00e9m \u00e9&nbsp;realizado na UPA, estar\u00e1 dispon\u00edvel das 7h \u00e0s 19h.<\/p>\n\n\n\n<p>A Secretaria de Servi\u00e7os Urbanos e Meio Ambiente manter\u00e1 os Ecopontos do Jardim Jo\u00e3o Pioli, Jardim Eldorado, Jardim Olinda e do Jardim Nova Veneza funcionando normalmente, das 7h \u00e0s 19h. O Ponto Verde &#8211; Feira de Agricultura Familiar de Indaiatuba \u201cAgenor Tachinardi\u201d tamb\u00e9m permanecer\u00e1 com hor\u00e1rios mantidos no s\u00e1bado e domingo, das 08h \u00e0s 13h. O Ponto Azul abrir\u00e1 no feriado, das 9h \u00e0s 13h.<\/p>\n\n\n\n<p>As equipes de plant\u00e3o do Servi\u00e7o Aut\u00f4nomo de \u00c1gua e Esgoto (Saae) far\u00e3o o atendimento emergencial da popula\u00e7\u00e3o pelo telefone 0800-7722195. A Secretaria de Obras e Vias P\u00fablicas manter\u00e1 de plant\u00e3o as&nbsp;equipes de el\u00e9trica e tr\u00e2nsito. O telefone da Guarda para emerg\u00eancia \u00e9 153, da Pol\u00edcia Militar \u00e9 190, do Corpo de Bombeiros, 193 e da Central de Ambul\u00e2ncias 192.<\/p>\n\n\n\n<p><strong>Lazer<\/strong><\/p>\n\n\n\n<p>O Bosque do Saber estar\u00e1 aberto no s\u00e1bado (29\/04), domingo (30\/04) e segunda-feira (01\/05), das 9h \u00e0s 16h. Os visitantes podem passear pela trilha ecol\u00f3gica, quiosques e parquinho infantil. N\u00e3o \u00e9 necess\u00e1rio agendamento pr\u00e9vio, mas \u00e9 preciso respeitar o Regimento Interno, o qual pode ser conferido no link&nbsp;&nbsp;https:\/\/www.indaiatuba.sp.gov.br\/educacao\/bosque-do-saber\/.<\/p>\n\n\n\n<p>No Parque da Crian\u00e7a, tanto o playground seco como a parte das piscinas, funcionar\u00e3o normalmente no s\u00e1bado e domingo, mas fecham na segunda para a manuten\u00e7\u00e3o de rotina. As atra\u00e7\u00f5es aqu\u00e1ticas precisam de cadastro e agendamento das visitas pelo site da Prefeitura \u2013 www.indaiatuba.sp.gov.br\/parque-da-crianca\/. O hor\u00e1rio de funcionamento das piscinas \u00e9 das 9h \u00e0s 12h e das 13h30 \u00e0s 16h30. J\u00e1 o playground seco fica aberto das 8h \u00e0s 22h.<\/p>\n\n\n\n<p>O Projeto Ecobike, que disponibiliza gratuitamente bicicletas ecol\u00f3gicas, funcionar\u00e1 no s\u00e1bado, domingo e feriado, somente com as esta\u00e7\u00f5es do Parque Ecol\u00f3gico (Prefeitura e da Guarda Civil), das 8h \u00e0s 12h e das 13h \u00e0s 17h.<\/p>\n\n\n\n<p>O Parque do Mirim estar\u00e1 aberto todos os dias do fim de semana prolongado. O espa\u00e7o funciona, das 6h \u00e0s 20h, podendo permanecer no local at\u00e9 as 21h. A fonte interativa funciona das 9h \u00e0s 12h das 14h \u00e0s 18h, podendo ser desligada em raz\u00e3o do tempo ou do sistema. O Museu e o Mirante ficam abertos das 8h \u00e0s 17h.<\/p>\n\n\n\n<p>O Museu da \u00c1gua abre s\u00e1bado, domingo e fecha na segunda-feira. O hor\u00e1rio de funcionamento \u00e9 das 9h \u00e0s 16h, podendo permanecer at\u00e9 as 17h. Os visitantes podem apreciar toda a \u00e1rea externa, inclusive a bica.<\/p>\n\n\n\n<p>A Pista de Skate funcionar\u00e1 no final de semana e no feriado, das 8h \u00e0s 21h. Geralmente, a pista fecha \u00e0s segundas-feiras, mas esta semana ser\u00e1 aberta para que a popula\u00e7\u00e3o possa usufruir do espa\u00e7o no feriado. A Pista de Atletismo do Centro Esportivo tamb\u00e9m estar\u00e1 aberta das 6h \u00e0s 20h, nos tr\u00eas dias.<\/p>\n\n\n\n<p>A Secretaria de Cultura informa que abrir\u00e1 o&nbsp;Museu Municipal \u201cAnt\u00f4nio Reginaldo Geiss\u201d \u2013 Casar\u00e3o Pau Preto no s\u00e1bado, das 9h \u00e0s 22h, e domingo das 9h \u00e0s 12h. Na segunda-feira n\u00e3o abrir\u00e1. No Museu Ferrovi\u00e1rio o PIT (Ponto de Informa\u00e7\u00e3o Tur\u00edstica) abrir\u00e1 no s\u00e1bado, das 9h \u00e0s 12h, e domingo, das 9h \u00e0s 12h. Na segunda-feira tamb\u00e9m n\u00e3o abrir\u00e1.<\/p>\n\n\n\n<p>A Casa da Mem\u00f3ria Jos\u00e9 Luiz Sigrist, onde funciona a Biblioteca Municipal, estar\u00e1 aberta ao p\u00fablico no s\u00e1bado das 9h \u00e0s 13h. Domingo e segunda-feira estar\u00e1 fechado.<\/p>\n","protected":false},"excerpt":{"rendered":"<p>Sistemas de lazer da Prefeitura tamb\u00e9m ter\u00e3o agenda especial no fim de semana prolongado A Administra\u00e7\u00e3o Municipal informa como funcionar\u00e3o os servi\u00e7os p\u00fablicos no fim de semana prolongado, com o feriado do Dia do Trabalhador. O Pa\u00e7o Municipal, autarquias, funda\u00e7\u00f5es e o Ponto Cidad\u00e3o n\u00e3o ter\u00e3o expediente, mas os servi\u00e7os essenciais de sa\u00fade funcionar\u00e3o em [&hellip;]<\/p>\n","protected":false},"author":8,"featured_media":12979,"comment_status":"closed","ping_status":"open","sticky":false,"template":"","format":"standard","meta":{"rop_custom_images_group":[],"rop_custom_messages_group":[],"rop_publish_now":"initial","rop_publish_now_accounts":[],"rop_publish_now_history":[],"rop_publish_now_status":"pending","footnotes":""},"categories":[188],"tags":[73],"class_list":["post-12978","post","type-post","status-publish","format-standard","has-post-thumbnail","hentry","category-indaiatuba","tag-featured"],"amp_enabled":true,"_links":{"self":[{"href":"https:\/\/imais.online\/portal\/wp-json\/wp\/v2\/posts\/12978","targetHints":{"allow":["GET"]}}],"collection":[{"href":"https:\/\/imais.online\/portal\/wp-json\/wp\/v2\/posts"}],"about":[{"href":"https:\/\/imais.online\/portal\/wp-json\/wp\/v2\/types\/post"}],"author":[{"embeddable":true,"href":"https:\/\/imais.online\/portal\/wp-json\/wp\/v2\/users\/8"}],"replies":[{"embeddable":true,"href":"https:\/\/imais.online\/portal\/wp-json\/wp\/v2\/comments?post=12978"}],"version-history":[{"count":1,"href":"https:\/\/imais.online\/portal\/wp-json\/wp\/v2\/posts\/12978\/revisions"}],"predecessor-version":[{"id":12980,"href":"https:\/\/imais.online\/portal\/wp-json\/wp\/v2\/posts\/12978\/revisions\/12980"}],"wp:featuredmedia":[{"embeddable":true,"href":"https:\/\/imais.online\/portal\/wp-json\/wp\/v2\/media\/12979"}],"wp:attachment":[{"href":"https:\/\/imais.online\/portal\/wp-json\/wp\/v2\/media?parent=12978"}],"wp:term":[{"taxonomy":"category","embeddable":true,"href":"https:\/\/imais.online\/portal\/wp-json\/wp\/v2\/categories?post=12978"},{"taxonomy":"post_tag","embeddable":true,"href":"https:\/\/imais.online\/portal\/wp-json\/wp\/v2\/tags?post=12978"}],"curies":[{"name":"wp","href":"https:\/\/api.w.org\/{rel}","templated":true}]}}