{"id":13015,"date":"2023-04-26T10:27:23","date_gmt":"2023-04-26T13:27:23","guid":{"rendered":"https:\/\/imais.online\/portal\/?p=13015"},"modified":"2023-04-26T10:27:26","modified_gmt":"2023-04-26T13:27:26","slug":"oxitec-e-prefeitura-de-indaiatuba-se-unem-em-acao-para-a-6a-campanha-regional-de-combate-ao-aedes-aegypti","status":"publish","type":"post","link":"https:\/\/imais.online\/portal\/oxitec-e-prefeitura-de-indaiatuba-se-unem-em-acao-para-a-6a-campanha-regional-de-combate-ao-aedes-aegypti\/","title":{"rendered":"Oxitec e Prefeitura de Indaiatuba se unem em a\u00e7\u00e3o para a 6\u00aa Campanha Regional de Combate ao Aedes aegypti \u00a0"},"content":{"rendered":"<div class=\"imais-before-content-placement\" id=\"imais-2160977435\"><script async src=\"\/\/pagead2.googlesyndication.com\/pagead\/js\/adsbygoogle.js?client=ca-pub-8787528412751566\" crossorigin=\"anonymous\"><\/script><ins class=\"adsbygoogle\" style=\"display:block;\" data-ad-client=\"ca-pub-8787528412751566\" \ndata-ad-slot=\"\" \ndata-ad-format=\"auto\"><\/ins>\n<script> \n(adsbygoogle = window.adsbygoogle || []).push({}); \n<\/script>\n<\/div>\n<p class=\"has-text-align-center\"><em>Dia D da a\u00e7\u00e3o de conscientiza\u00e7\u00e3o acontece no pr\u00f3ximo dia 29, s\u00e1bado, na Pra\u00e7a Dom Pedro<\/em><\/p>\n\n\n\n<p>No \u00faltimo dia 10 de abril foi lan\u00e7ada na regi\u00e3o de Campinas (SP) a <strong>6\u00aa Campanha Regional de Combate ao <\/strong><em><strong>Aedes Aegypti<\/strong><\/em><strong>,<\/strong> uma parceria da EPTV, afiliada local da TV Globo, com as prefeituras da regi\u00e3o. Essa \u00e9 a primeira edi\u00e7\u00e3o do projeto p\u00f3s-pandemia, e a iniciativa segue at\u00e9 31 de maio. No pr\u00f3ximo dia 29 de abril, a Prefeitura de Indaiatuba participar\u00e1 do mutir\u00e3o \u201cDia D\u201d, evento que faz parte da campanha e visa mobilizar moradores a agirem contra a prolifera\u00e7\u00e3o do mosquito, que tamb\u00e9m \u00e9 respons\u00e1vel pela transmiss\u00e3o dos v\u00edrus chikungunya e zika, dando visibilidade \u00e0s a\u00e7\u00f5es de combate a criadouros na regi\u00e3o.<\/p>\n\n\n\n<p>&nbsp;A Oxitec do Brasil tamb\u00e9m participa da campanha com a sua solu\u00e7\u00e3o inovadora e sustent\u00e1vel, o Aedes do Bem<sup>TM<\/sup>. A tecnologia usa mosquitos <em>Aedes aegypti<\/em> autolimitantes para combater a pr\u00f3pria esp\u00e9cie, fazendo o controle da popula\u00e7\u00e3o de f\u00eameas transmissoras de doen\u00e7as e protegendo a popula\u00e7\u00e3o de forma eficaz.<\/p>\n\n\n\n<p>Desenvolvida pela multinacional de biotecnologia inglesa &#8211; fundada na Universidade de Oxford e presente no Brasil desde 2011 &#8211; a solu\u00e7\u00e3o inovadora e sustent\u00e1vel chamada Aedes do Bem\u2122 contou com muitos anos de pesquisa e valida\u00e7\u00e3o no Brasil at\u00e9 ser aprovada para uso comercial pela Comiss\u00e3o T\u00e9cnica Nacional de Biosseguran\u00e7a (CTNBio) em 2020. A autoridade regulat\u00f3ria atestou que o Aedes do Bem\u2122 n\u00e3o causa nenhum dano ao meio ambiente, \u00e0s pessoas e aos animais, n\u00e3o \u00e9 t\u00f3xico nem alerg\u00eanico, n\u00e3o se concentra ao longo da cadeia alimentar e n\u00e3o causa efeitos adversos quando consumido por outros animais.<\/p>\n\n\n\n<p>O Aedes do Bem\u2122 se desenvolve dentro da Caixa do Bem quando ela \u00e9 ativada com \u00e1gua limpa. Quando os machos atingem a fase adulta, voam da caixa para o ambiente urbano, procuram ativamente e acasalam com as f\u00eameas do <em>Aedes aegypti<\/em> \u2013 que picam e s\u00e3o respons\u00e1veis pela transmiss\u00e3o de doen\u00e7as como dengue, zika, chikungunya e febre amarela. Deste cruzamento, as f\u00eameas n\u00e3o sobrevivem e apenas os descendentes machos chegam \u00e0 fase adulta, herdando dos pais a caracter\u00edstica autolimitante. O resultado \u00e9 a queda do n\u00famero de f\u00eameas que picam e transmitem doen\u00e7as, e, consequentemente, o controle populacional direcionado do <em>Aedes aegypti<\/em> \u2013 sem prejudicar esp\u00e9cies de insetos ben\u00e9ficos como abelhas e joaninhas.<\/p>\n\n\n\n<p>No Brasil h\u00e1 10 anos, a Oxitec tem como prop\u00f3sito equipar governos, comunidades, empresas, fam\u00edlias e cidad\u00e3os com solu\u00e7\u00f5es seguras, direcionadas e sustent\u00e1veis para o controle de insetos que transmitem doen\u00e7as e de pragas agr\u00edcolas. A Tecnologia do Bem<sup>TM<\/sup> desenvolvida pela empresa tem sido estudada e analisada por pesquisadores independentes, acad\u00eamicos e especialistas por mais de uma d\u00e9cada, com mais de 100 artigos publicados em revistas cient\u00edficas.<\/p>\n\n\n\n<p><strong>A\u00e7\u00e3o de conscientiza\u00e7\u00e3o<\/strong><\/p>\n\n\n\n<p>A equipe da Oxitec estar\u00e1 presente na Pra\u00e7a Dom Pedro, no centro de Indaiatuba, no pr\u00f3ximo dia <strong>29\/04<\/strong>, durante o \u201c<strong>Dia D\u201d <\/strong>da Campanha Regional de Combate ao <em>Aedes aegypti<\/em>, das <strong>9 \u00e0s 15h<\/strong>, para explicar \u00e0 popula\u00e7\u00e3o como funciona a solu\u00e7\u00e3o Aedes do Bem\u2122 para empresas, governos e resid\u00eancias.<\/p>\n\n\n\n<p>Na ocasi\u00e3o, o p\u00fablico poder\u00e1 esclarecer as d\u00favidas sobre a tecnologia com os especialistas da empresa; interagir com os mosquitos Aedes do Bem\u2122 &#8211; colocando a m\u00e3o dentro de uma gaiola com mosquitos; e analisar atrav\u00e9s de microsc\u00f3pios o <em>Aedes aegypti<\/em> em suas diversas fases de desenvolvimento.<\/p>\n\n\n\n<p>\u201c<em>Essa a\u00e7\u00e3o de conscientiza\u00e7\u00e3o que vamos realizar em Indaiatuba visa, al\u00e9m de esclarecer d\u00favidas e apresentar a nossa solu\u00e7\u00e3o \u00e0 comunidade, refor\u00e7ar que cada um pode e deve fazer a sua parte na luta contra o mosquito, especialmente ap\u00f3s o recorde de mortes dengue que tivemos no Brasil em 2022<\/em>\u201d, destaca Luciana Medeiros, bi\u00f3loga e coordenadora de projetos e campo da Oxitec do Brasil.<\/p>\n\n\n\n<p><strong>100% de efic\u00e1cia e 96% de supress\u00e3o do <\/strong><em><strong>Aedes aegypti<\/strong><\/em><strong> em Indaiatuba<\/strong><\/p>\n\n\n\n<p>Como parte do estudo cient\u00edfico controlado que levou \u00e0 aprova\u00e7\u00e3o da tecnologia pelos \u00f3rg\u00e3os regulat\u00f3rios, foram feitas libera\u00e7\u00f5es de mosquitos Aedes do Bem\u2122 durante 11 meses durante o pico da temporada de mosquitos (novembro de 2018 a abril de 2019) em comunidades urbanas densamente povoadas e afetadas pela dengue em Indaiatuba (SP). Como resultado, foi registrada uma supress\u00e3o significativa da popula\u00e7\u00e3o de <em>Aedes aegypti<\/em> nos locais tratados \u2013 com picos de em at\u00e9 96% menos mosquitos quando comparados com locais n\u00e3o tratados na cidade. O <a href=\"https:\/\/eur01.safelinks.protection.outlook.com\/?url=https%3A%2F%2Fwww.frontiersin.org%2Farticles%2F10.3389%2Ffbioe.2022.975786%2Ffull&amp;data=05%7C01%7Cjessica.teixeira%40oxitec.com%7Cc953b6fc6a334455362808dab687354e%7C0422cff49dc6464ebe18f4ca01a3feda%7C0%7C0%7C638022989080577068%7CUnknown%7CTWFpbGZsb3d8eyJWIjoiMC4wLjAwMDAiLCJQIjoiV2luMzIiLCJBTiI6Ik1haWwiLCJXVCI6Mn0%3D%7C3000%7C%7C%7C&amp;sdata=nb2UbX0CQAysSxY4t8f2XvOMma8cKPdJvBNunasLyhI%3D&amp;reserved=0\">estudo<\/a> foi revisado por pares e publicado na revista cient\u00edfica Frontiers in Bioengineering and Biotechnology em 2022.<\/p>\n\n\n\n<p>Natalia Ferreira, diretora da Oxitec do Brasil, destaca que \u201c<em>a publica\u00e7\u00e3o desses resultados revolucion\u00e1rios contou o trabalho de cientistas brasileiros e brit\u00e2nicos, e forneceu mais uma valida\u00e7\u00e3o do Aedes do Bem\u2122 como uma ferramenta de controle de mosquitos segura, eficaz e \u2013 o mais importante \u2013 escal\u00e1vel. \u00c0 medida que esta solu\u00e7\u00e3o \u00e9 disponibilizada para resid\u00eancias, comunidades, cidades e empresas em todo o Brasil, podemos juntos ter um impacto real e de grande escala contra o mosquito no Brasil todo\u201d. <\/em>E completa: \u201c<em>Mais an\u00fancios empolgantes est\u00e3o por vir<\/em>.\u201d<\/p>\n\n\n\n<p><strong>Sobre a Oxitec<\/strong><\/p>\n\n\n\n<p>A Oxitec \u00e9 l\u00edder no desenvolvimento de solu\u00e7\u00f5es biol\u00f3gicas para o controle de insetos que transmitem doen\u00e7as, destroem planta\u00e7\u00f5es e prejudicam a pecu\u00e1ria. Fundada em 2002 na Universidade de Oxford, a Oxitec \u00e9 composta por uma equipe diversa e apaixonada pela sua miss\u00e3o, \u00e9 apoiada por parceiros p\u00fablicos, privados e sem fins lucrativos de classe mundial. Saiba mais em <a href=\"http:\/\/www.oxitec.com\/br\">www.oxitec.com\/br<\/a><\/p>\n","protected":false},"excerpt":{"rendered":"<p>Dia D da a\u00e7\u00e3o de conscientiza\u00e7\u00e3o acontece no pr\u00f3ximo dia 29, s\u00e1bado, na Pra\u00e7a Dom Pedro No \u00faltimo dia 10 de abril foi lan\u00e7ada na regi\u00e3o de Campinas (SP) a 6\u00aa Campanha Regional de Combate ao Aedes Aegypti, uma parceria da EPTV, afiliada local da TV Globo, com as prefeituras da regi\u00e3o. Essa \u00e9 a [&hellip;]<\/p>\n","protected":false},"author":7,"featured_media":13016,"comment_status":"closed","ping_status":"open","sticky":false,"template":"","format":"standard","meta":{"rop_custom_images_group":[],"rop_custom_messages_group":[],"rop_publish_now":"initial","rop_publish_now_accounts":[],"rop_publish_now_history":[],"rop_publish_now_status":"pending","footnotes":""},"categories":[188],"tags":[],"class_list":["post-13015","post","type-post","status-publish","format-standard","has-post-thumbnail","hentry","category-indaiatuba"],"amp_enabled":true,"_links":{"self":[{"href":"https:\/\/imais.online\/portal\/wp-json\/wp\/v2\/posts\/13015","targetHints":{"allow":["GET"]}}],"collection":[{"href":"https:\/\/imais.online\/portal\/wp-json\/wp\/v2\/posts"}],"about":[{"href":"https:\/\/imais.online\/portal\/wp-json\/wp\/v2\/types\/post"}],"author":[{"embeddable":true,"href":"https:\/\/imais.online\/portal\/wp-json\/wp\/v2\/users\/7"}],"replies":[{"embeddable":true,"href":"https:\/\/imais.online\/portal\/wp-json\/wp\/v2\/comments?post=13015"}],"version-history":[{"count":1,"href":"https:\/\/imais.online\/portal\/wp-json\/wp\/v2\/posts\/13015\/revisions"}],"predecessor-version":[{"id":13017,"href":"https:\/\/imais.online\/portal\/wp-json\/wp\/v2\/posts\/13015\/revisions\/13017"}],"wp:featuredmedia":[{"embeddable":true,"href":"https:\/\/imais.online\/portal\/wp-json\/wp\/v2\/media\/13016"}],"wp:attachment":[{"href":"https:\/\/imais.online\/portal\/wp-json\/wp\/v2\/media?parent=13015"}],"wp:term":[{"taxonomy":"category","embeddable":true,"href":"https:\/\/imais.online\/portal\/wp-json\/wp\/v2\/categories?post=13015"},{"taxonomy":"post_tag","embeddable":true,"href":"https:\/\/imais.online\/portal\/wp-json\/wp\/v2\/tags?post=13015"}],"curies":[{"name":"wp","href":"https:\/\/api.w.org\/{rel}","templated":true}]}}