{"id":1306,"date":"2021-09-10T18:37:43","date_gmt":"2021-09-10T21:37:43","guid":{"rendered":"https:\/\/imais.online\/portal\/?p=1306"},"modified":"2021-09-10T18:37:45","modified_gmt":"2021-09-10T21:37:45","slug":"desmatamento-na-amazonia-cai-pelo-2o-mes-mas-continua-alto","status":"publish","type":"post","link":"https:\/\/imais.online\/portal\/desmatamento-na-amazonia-cai-pelo-2o-mes-mas-continua-alto\/","title":{"rendered":"Desmatamento na Amaz\u00f4nia cai pelo 2\u00ba m\u00eas, mas continua alto"},"content":{"rendered":"<div class=\"imais-before-content-placement\" id=\"imais-2981951856\"><script async src=\"\/\/pagead2.googlesyndication.com\/pagead\/js\/adsbygoogle.js?client=ca-pub-8787528412751566\" crossorigin=\"anonymous\"><\/script><ins class=\"adsbygoogle\" style=\"display:block;\" data-ad-client=\"ca-pub-8787528412751566\" \ndata-ad-slot=\"\" \ndata-ad-format=\"auto\"><\/ins>\n<script> \n(adsbygoogle = window.adsbygoogle || []).push({}); \n<\/script>\n<\/div>\n<h2 class=\"has-text-align-center wp-block-heading\">Em agosto, devasta\u00e7\u00e3o somou 819 quil\u00f4metros quadrados, n\u00famero 32% inferior ao do mesmo m\u00eas de 2020, apontou Inpe<\/h2>\n\n\n\n<p>O\u00a0desmatamento da Amaz\u00f4nia\u00a0caiu pelo segundo m\u00eas consecutivo em agosto na compara\u00e7\u00e3o com um ano antes, de acordo com dados preliminares do governo publicados nesta sexta-feira (10), e cifras anuais atualizadas para 2021 tamb\u00e9m mostram um ligeiro decl\u00ednio.<\/p>\n\n\n\n<p>No m\u00eas passado, a devasta\u00e7\u00e3o totalizou 819 quil\u00f4metros quadrados, n\u00famero 32% inferior ao do mesmo m\u00eas de 2020, mostraram dados do Inpe (Instituto Nacional de Pesquisas Espaciais).<\/p>\n\n\n\n<p>Entre janeiro e agosto, o desmatamento recuou 1,2% e ficou em 6.026 quil\u00f4metros quadrados. Apesar da diminui\u00e7\u00e3o pequena, ele continua a ser quase o dobro do que foi entre janeiro e agosto de 2018.<\/p>\n\n\n\n<p>Nas \u00faltimas semanas alguns sinais indicaram que o governo federal ensaia alguns passos para combater a devasta\u00e7\u00e3o.\u00a0<\/p>\n\n\n\n<p>O governo dobrou o or\u00e7amento para a fiscaliza\u00e7\u00e3o ambiental e planeja contratar cerca de 700 novos agentes de campo, disse o ministro do Meio Ambiente, Joaquim Pereira Leite, no m\u00eas passado.<\/p>\n\n\n\n<p>O desmatamento alto persistente tamb\u00e9m alimenta inc\u00eandios florestais, j\u00e1 que as \u00e1rvores derrubadas servem como pavio, de acordo com o Instituto de Pesquisa Ambiental da Amaz\u00f4nia.<\/p>\n\n\n\n<p>Normalmente, os madeireiros extraem madeira valiosa e mais tarde se ateia fogo aos restos para liberar a terra para o eventual uso na agricultura.<\/p>\n\n\n\n<p>Embora tamb\u00e9m tenham mostrado um ligeiro decl\u00ednio em rela\u00e7\u00e3o a um ano antes, em agosto os inc\u00eandios na Amaz\u00f4nia continuaram acima da m\u00e9dia mensal hist\u00f3rica pelo terceiro ano consecutivo, segundo o Inpe. Antes de 2019, in\u00edcio da atual gest\u00e3o, a \u00faltima vez em que o Brasil teve tais n\u00edveis de inc\u00eandios na Amaz\u00f4nia foi em 2010.<\/p>\n\n\n\n<p>Fonte: R7<\/p>\n\n\n\n<p>Foto: Divulga\u00e7\u00e3o <\/p>\n","protected":false},"excerpt":{"rendered":"<p>Em agosto, devasta\u00e7\u00e3o somou 819 quil\u00f4metros quadrados, n\u00famero 32% inferior ao do mesmo m\u00eas de 2020, apontou Inpe O\u00a0desmatamento da Amaz\u00f4nia\u00a0caiu pelo segundo m\u00eas consecutivo em agosto na compara\u00e7\u00e3o com um ano antes, de acordo com dados preliminares do governo publicados nesta sexta-feira (10), e cifras anuais atualizadas para 2021 tamb\u00e9m mostram um ligeiro decl\u00ednio. [&hellip;]<\/p>\n","protected":false},"author":8,"featured_media":1307,"comment_status":"closed","ping_status":"open","sticky":false,"template":"","format":"standard","meta":{"rop_custom_images_group":[],"rop_custom_messages_group":[],"rop_publish_now":"initial","rop_publish_now_accounts":[],"rop_publish_now_history":[],"rop_publish_now_status":"pending","footnotes":""},"categories":[189],"tags":[],"class_list":["post-1306","post","type-post","status-publish","format-standard","has-post-thumbnail","hentry","category-brasil"],"amp_enabled":true,"_links":{"self":[{"href":"https:\/\/imais.online\/portal\/wp-json\/wp\/v2\/posts\/1306","targetHints":{"allow":["GET"]}}],"collection":[{"href":"https:\/\/imais.online\/portal\/wp-json\/wp\/v2\/posts"}],"about":[{"href":"https:\/\/imais.online\/portal\/wp-json\/wp\/v2\/types\/post"}],"author":[{"embeddable":true,"href":"https:\/\/imais.online\/portal\/wp-json\/wp\/v2\/users\/8"}],"replies":[{"embeddable":true,"href":"https:\/\/imais.online\/portal\/wp-json\/wp\/v2\/comments?post=1306"}],"version-history":[{"count":1,"href":"https:\/\/imais.online\/portal\/wp-json\/wp\/v2\/posts\/1306\/revisions"}],"predecessor-version":[{"id":1308,"href":"https:\/\/imais.online\/portal\/wp-json\/wp\/v2\/posts\/1306\/revisions\/1308"}],"wp:featuredmedia":[{"embeddable":true,"href":"https:\/\/imais.online\/portal\/wp-json\/wp\/v2\/media\/1307"}],"wp:attachment":[{"href":"https:\/\/imais.online\/portal\/wp-json\/wp\/v2\/media?parent=1306"}],"wp:term":[{"taxonomy":"category","embeddable":true,"href":"https:\/\/imais.online\/portal\/wp-json\/wp\/v2\/categories?post=1306"},{"taxonomy":"post_tag","embeddable":true,"href":"https:\/\/imais.online\/portal\/wp-json\/wp\/v2\/tags?post=1306"}],"curies":[{"name":"wp","href":"https:\/\/api.w.org\/{rel}","templated":true}]}}