{"id":13067,"date":"2023-05-01T15:33:54","date_gmt":"2023-05-01T18:33:54","guid":{"rendered":"https:\/\/imais.online\/portal\/?p=13067"},"modified":"2023-05-01T15:33:56","modified_gmt":"2023-05-01T18:33:56","slug":"influenciador-nao-pode-mais-publicar-videos-da-capivara-filo-e-diz-que-nunca-faturou-com-animais","status":"publish","type":"post","link":"https:\/\/imais.online\/portal\/influenciador-nao-pode-mais-publicar-videos-da-capivara-filo-e-diz-que-nunca-faturou-com-animais\/","title":{"rendered":"Influenciador n\u00e3o pode mais publicar v\u00eddeos da capivara Fil\u00f3 e diz que nunca faturou com animais"},"content":{"rendered":"<div class=\"imais-before-content-placement\" id=\"imais-54324765\"><script async src=\"\/\/pagead2.googlesyndication.com\/pagead\/js\/adsbygoogle.js?client=ca-pub-8787528412751566\" crossorigin=\"anonymous\"><\/script><ins class=\"adsbygoogle\" style=\"display:block;\" data-ad-client=\"ca-pub-8787528412751566\" \ndata-ad-slot=\"\" \ndata-ad-format=\"auto\"><\/ins>\n<script> \n(adsbygoogle = window.adsbygoogle || []).push({}); \n<\/script>\n<\/div>\n<h2 class=\"wp-block-heading\">Agenor Tupinamb\u00e1 conseguiu a guarda provis\u00f3ria do animal ap\u00f3s ele ser resgatado pelo Ibama<\/h2>\n\n\n\n<p>No \u00faltimo domingo (30), o influenciador\u00a0Agenor Tupinamb\u00e1 recebeu a tutela provis\u00f3ria da capivara Fil\u00f3. O animal morava com o influenciador, que fazia sucesso com publica\u00e7\u00f5es de animais nas redes sociais, mas foi resgatado pelo Ibama sob suspeita de maus-tratos. Agora, o bicho continua com o tiktoker, que est\u00e1 proibido pela Justi\u00e7a de fazer publica\u00e7\u00f5es com animais silvestres.<\/p>\n\n\n\n<p>Na \u00faltima semana, o Ibama chegou a multar Agenor em R$ 17 mil\u00a0por suspeita de abuso, maus-tratos e explora\u00e7\u00e3o de animal. O influenciador teve de entregar a capivara ao \u00f3rg\u00e3o p\u00fablico e apagar todos os v\u00eddeos que tinha com o animal.<\/p>\n\n\n\n<p>Ap\u00f3s grande mobiliza\u00e7\u00e3o p\u00fablica, a Justi\u00e7a concedeu a tutela provis\u00f3ria do animal ao jovem ribeirinho, por entender que ele vive em harmonia com a natureza. Por\u00e9m, o rapaz continua proibido de fazer publica\u00e7\u00f5es com Fil\u00f3.<\/p>\n\n\n\n<p>Por mais que tenha milh\u00f5es de seguidores nas redes sociais, Agenor disse nunca ter ganhado dinheiro com os animais silvestres. Ele confirmou que j\u00e1 produziu publicidade para as redes sociais, mas afirmou que sempre deixou os animais de fora delas.<\/p>\n\n\n\n<p>&#8220;Comecei a ver muitos coment\u00e1rios de que estava ganhando muito dinheiro com esses v\u00eddeos. Tenho como provar que era s\u00f3 eu mostrando a minha vida e minha cultura. Nunca monetizei em cima disso&#8221;, disse durante uma live.<\/p>\n\n\n\n<p>Na senten\u00e7a judicial que concedeu a tutela de Fil\u00f3 a Agenor Tupinamb\u00e1, o juiz federal&nbsp;M\u00e1rcio Andr\u00e9 Lopes Cavalcante entendeu que o influenciador vive no meio da floresta, o habitat da capivara. Por isso, o animal poder\u00e1 ficar com o jovem at\u00e9 o fim do processo. Entretanto, o tiktoker precisa seguir algumas condi\u00e7\u00f5es, como n\u00e3o publicar conte\u00fados da capivara, fornecer informa\u00e7\u00f5es peri\u00f3dicas do estado de sa\u00fade do animal e facilitar o acesso \u00e0 fiscaliza\u00e7\u00e3o de \u00f3rg\u00e3os ambientais.<\/p>\n\n\n\n<p>&#8220;Pelos diversos v\u00eddeos publicados, constata-se que o autor, morador de zona rural de um pequeno munic\u00edpio do interior do estado do Amazonas, vive em perfeita simbiose com a floresta e com os animais ali existentes. N\u00e3o h\u00e1 muros ou cercas que separam o casebre do autor em rela\u00e7\u00e3o aos limites da floresta. Os animais circundam a casa e andam livremente em dire\u00e7\u00e3o \u00e0 resid\u00eancia ou no rumo do interior da mata. N\u00e3o h\u00e1 animais de estima\u00e7\u00e3o na casa do autor porque o seu quintal \u00e9 a pr\u00f3pria Floresta Amaz\u00f4nica. Percebe-se, portanto, que n\u00e3o \u00e9 a Fil\u00f3 que mora na casa de Agenor. \u00c9 o autor que vive na floresta, como ocorre com outros milhares de ribeirinhos na Amaz\u00f4nia, realidade muito dif\u00edcil de ser imaginada por moradores de outras localidades urbanas do Brasil. Ante o exposto, concedo a tutela provis\u00f3ria de urg\u00eancia para que, at\u00e9 o desfecho da lide, seja deferida a guarda provis\u00f3ria da capivara Fil\u00f3 a Agenor Bruce Tupinamb\u00e1. Como consequ\u00eancia, determino que o IBAMA seja compelido a fazer a entrega do animal ao autor, imediatamente&#8221;, disse o juiz na decis\u00e3o.<\/p>\n\n\n\n<p>Fonte R7<\/p>\n","protected":false},"excerpt":{"rendered":"<p>Agenor Tupinamb\u00e1 conseguiu a guarda provis\u00f3ria do animal ap\u00f3s ele ser resgatado pelo Ibama No \u00faltimo domingo (30), o influenciador\u00a0Agenor Tupinamb\u00e1 recebeu a tutela provis\u00f3ria da capivara Fil\u00f3. O animal morava com o influenciador, que fazia sucesso com publica\u00e7\u00f5es de animais nas redes sociais, mas foi resgatado pelo Ibama sob suspeita de maus-tratos. Agora, o [&hellip;]<\/p>\n","protected":false},"author":8,"featured_media":13068,"comment_status":"closed","ping_status":"open","sticky":false,"template":"","format":"standard","meta":{"rop_custom_images_group":[],"rop_custom_messages_group":[],"rop_publish_now":"initial","rop_publish_now_accounts":[],"rop_publish_now_history":[],"rop_publish_now_status":"pending","footnotes":""},"categories":[241],"tags":[],"class_list":["post-13067","post","type-post","status-publish","format-standard","has-post-thumbnail","hentry","category-meio-ambiente"],"amp_enabled":true,"_links":{"self":[{"href":"https:\/\/imais.online\/portal\/wp-json\/wp\/v2\/posts\/13067","targetHints":{"allow":["GET"]}}],"collection":[{"href":"https:\/\/imais.online\/portal\/wp-json\/wp\/v2\/posts"}],"about":[{"href":"https:\/\/imais.online\/portal\/wp-json\/wp\/v2\/types\/post"}],"author":[{"embeddable":true,"href":"https:\/\/imais.online\/portal\/wp-json\/wp\/v2\/users\/8"}],"replies":[{"embeddable":true,"href":"https:\/\/imais.online\/portal\/wp-json\/wp\/v2\/comments?post=13067"}],"version-history":[{"count":1,"href":"https:\/\/imais.online\/portal\/wp-json\/wp\/v2\/posts\/13067\/revisions"}],"predecessor-version":[{"id":13069,"href":"https:\/\/imais.online\/portal\/wp-json\/wp\/v2\/posts\/13067\/revisions\/13069"}],"wp:featuredmedia":[{"embeddable":true,"href":"https:\/\/imais.online\/portal\/wp-json\/wp\/v2\/media\/13068"}],"wp:attachment":[{"href":"https:\/\/imais.online\/portal\/wp-json\/wp\/v2\/media?parent=13067"}],"wp:term":[{"taxonomy":"category","embeddable":true,"href":"https:\/\/imais.online\/portal\/wp-json\/wp\/v2\/categories?post=13067"},{"taxonomy":"post_tag","embeddable":true,"href":"https:\/\/imais.online\/portal\/wp-json\/wp\/v2\/tags?post=13067"}],"curies":[{"name":"wp","href":"https:\/\/api.w.org\/{rel}","templated":true}]}}