{"id":1309,"date":"2021-09-10T18:42:45","date_gmt":"2021-09-10T21:42:45","guid":{"rendered":"https:\/\/imais.online\/portal\/?p=1309"},"modified":"2021-09-10T18:42:47","modified_gmt":"2021-09-10T21:42:47","slug":"pesquisa-do-procon-precos-de-fraldas-variam-ate-64","status":"publish","type":"post","link":"https:\/\/imais.online\/portal\/pesquisa-do-procon-precos-de-fraldas-variam-ate-64\/","title":{"rendered":"Pesquisa do Procon: pre\u00e7os de fraldas variam at\u00e9 64%"},"content":{"rendered":"<div class=\"imais-before-content-placement\" id=\"imais-3767974656\"><script async src=\"\/\/pagead2.googlesyndication.com\/pagead\/js\/adsbygoogle.js?client=ca-pub-8787528412751566\" crossorigin=\"anonymous\"><\/script><ins class=\"adsbygoogle\" style=\"display:block;\" data-ad-client=\"ca-pub-8787528412751566\" \ndata-ad-slot=\"\" \ndata-ad-format=\"auto\"><\/ins>\n<script> \n(adsbygoogle = window.adsbygoogle || []).push({}); \n<\/script>\n<\/div>\n<p class=\"has-text-align-center\"><em>Levantamento realizado em lojas online refor\u00e7am a import\u00e2ncia de pesquisar<\/em><\/p>\n\n\n\n<p>Pesquisa de pre\u00e7os de fraldas infantis e para adultos realizada pelo Procon-SP aponta diferen\u00e7as significativas nos valores praticados para o mesmo produto. A maior diferen\u00e7a, de 63,85%, foi nos itens Pampers Supersec &#8211; tamanhos M (com 52 unidades), G (com 46 unidades) e XG (com 40 unidades), em um local o pre\u00e7o encontrado foi de R\ufe69 48,99 e, em outro, R\ufe69 29,90.<\/p>\n\n\n\n<p>O levantamento, feito pela equipe de pesquisas da Escola de Prote\u00e7\u00e3o e Defesa do Consumidor de 23 a 25 de agosto, teve como objetivo oferecer uma refer\u00eancia de pre\u00e7o ao consumidor.<\/p>\n\n\n\n<p>Foram coletados os pre\u00e7os em cinco sites e comparados 75 itens, sendo 43 produtos para beb\u00eas\/crian\u00e7as e 32 para adultos. S\u00f3 foram comparados os itens encontrados em, no m\u00ednimo, tr\u00eas dos sites visitados e os pre\u00e7os coletados foram os ofertados para cada produto no pagamento \u00e0 vista, sem considerar eventuais promo\u00e7\u00f5es ou descontos vinculados \u00e0s regras estabelecidas pelo site.<\/p>\n\n\n\n<p>Veja a pesquisa completa aqui https:\/\/www.procon.sp.gov.br\/wp-content\/uploads\/2021\/09\/Relat-Pesquisa-Fraldas-2021.pdf<\/p>\n\n\n\n<p><strong>Compara\u00e7\u00e3o 2020 e 2021<\/strong><\/p>\n\n\n\n<p>Na compara\u00e7\u00e3o dos produtos comuns entre as pesquisas feitas em 2021 e 2020 constatou-se que houve, em m\u00e9dia, acr\u00e9scimo no pre\u00e7o m\u00e9dio de 3,90%. O \u00cdndice de Pre\u00e7os ao Consumidor IPC-SP da FIPE, referente ao per\u00edodo analisado, registrou varia\u00e7\u00e3o de 10,52%.<\/p>\n\n\n\n<p><strong>Orienta\u00e7\u00f5es<\/strong><\/p>\n\n\n\n<p>\u00c9 recomend\u00e1vel comparar pre\u00e7os em diversos estabelecimentos, sempre aliando pre\u00e7o \/ qualidade \/ custo-benef\u00edcio do deslocamento e pesquisar o valor unit\u00e1rio do mesmo produto, dividindo o valor da fralda pela quantidade do pacote. Os fabricantes costumam ofertar a mesma fralda em diversos tamanhos de pacotes (geralmente, quanto maior a quantidade de fralda por pacote, menor \u00e9 o valor unit\u00e1rio).<\/p>\n\n\n\n<p>\u00c9 importante verificar tamb\u00e9m o prazo de validade e as especifica\u00e7\u00f5es do produto.<\/p>\n\n\n\n<p>Na hora de escolher o modelo ideal das fraldas, especialmente as geri\u00e1tricas, deve-se considerar os seguintes fatores: tamanho ideal, capacidade de absor\u00e7\u00e3o, hipoalerg\u00eanicas, formato anat\u00f4mico, barreiras que impedem vazamentos, neutralizante de odores, produto hidratante (protege contra assaduras e proporciona mais conforto), qualidade das fitas adesivas e em alguns modelos h\u00e1 tamb\u00e9m um indicador de umidade.<\/p>\n","protected":false},"excerpt":{"rendered":"<p>Levantamento realizado em lojas online refor\u00e7am a import\u00e2ncia de pesquisar Pesquisa de pre\u00e7os de fraldas infantis e para adultos realizada pelo Procon-SP aponta diferen\u00e7as significativas nos valores praticados para o mesmo produto. A maior diferen\u00e7a, de 63,85%, foi nos itens Pampers Supersec &#8211; tamanhos M (com 52 unidades), G (com 46 unidades) e XG (com [&hellip;]<\/p>\n","protected":false},"author":6,"featured_media":1310,"comment_status":"closed","ping_status":"open","sticky":false,"template":"","format":"standard","meta":{"rop_custom_images_group":[],"rop_custom_messages_group":[],"rop_publish_now":"initial","rop_publish_now_accounts":[],"rop_publish_now_history":[],"rop_publish_now_status":"pending","footnotes":""},"categories":[195],"tags":[73],"class_list":["post-1309","post","type-post","status-publish","format-standard","has-post-thumbnail","hentry","category-sao-paulo","tag-featured"],"amp_enabled":true,"_links":{"self":[{"href":"https:\/\/imais.online\/portal\/wp-json\/wp\/v2\/posts\/1309","targetHints":{"allow":["GET"]}}],"collection":[{"href":"https:\/\/imais.online\/portal\/wp-json\/wp\/v2\/posts"}],"about":[{"href":"https:\/\/imais.online\/portal\/wp-json\/wp\/v2\/types\/post"}],"author":[{"embeddable":true,"href":"https:\/\/imais.online\/portal\/wp-json\/wp\/v2\/users\/6"}],"replies":[{"embeddable":true,"href":"https:\/\/imais.online\/portal\/wp-json\/wp\/v2\/comments?post=1309"}],"version-history":[{"count":1,"href":"https:\/\/imais.online\/portal\/wp-json\/wp\/v2\/posts\/1309\/revisions"}],"predecessor-version":[{"id":1311,"href":"https:\/\/imais.online\/portal\/wp-json\/wp\/v2\/posts\/1309\/revisions\/1311"}],"wp:featuredmedia":[{"embeddable":true,"href":"https:\/\/imais.online\/portal\/wp-json\/wp\/v2\/media\/1310"}],"wp:attachment":[{"href":"https:\/\/imais.online\/portal\/wp-json\/wp\/v2\/media?parent=1309"}],"wp:term":[{"taxonomy":"category","embeddable":true,"href":"https:\/\/imais.online\/portal\/wp-json\/wp\/v2\/categories?post=1309"},{"taxonomy":"post_tag","embeddable":true,"href":"https:\/\/imais.online\/portal\/wp-json\/wp\/v2\/tags?post=1309"}],"curies":[{"name":"wp","href":"https:\/\/api.w.org\/{rel}","templated":true}]}}