{"id":13118,"date":"2023-05-03T15:02:49","date_gmt":"2023-05-03T18:02:49","guid":{"rendered":"https:\/\/imais.online\/portal\/?p=13118"},"modified":"2023-05-03T15:02:53","modified_gmt":"2023-05-03T18:02:53","slug":"orquestra-jovem-e-amigos-viola-se-apresentam-dia-11","status":"publish","type":"post","link":"https:\/\/imais.online\/portal\/orquestra-jovem-e-amigos-viola-se-apresentam-dia-11\/","title":{"rendered":"Orquestra Jovem e Amigos &#038; Viola se apresentam dia 11"},"content":{"rendered":"<div class=\"imais-before-content-placement\" id=\"imais-547677522\"><script async src=\"\/\/pagead2.googlesyndication.com\/pagead\/js\/adsbygoogle.js?client=ca-pub-8787528412751566\" crossorigin=\"anonymous\"><\/script><ins class=\"adsbygoogle\" style=\"display:block;\" data-ad-client=\"ca-pub-8787528412751566\" \ndata-ad-slot=\"\" \ndata-ad-format=\"auto\"><\/ins>\n<script> \n(adsbygoogle = window.adsbygoogle || []).push({}); \n<\/script>\n<\/div>\n<p class=\"has-text-align-center\"><em>Com repert\u00f3rio formado por cl\u00e1ssicos sertanejos, evento acontece em Indaiatuba<\/em><\/p>\n\n\n\n<p>A <a href=\"https:\/\/www.facebook.com\/OrquestraJovemdeIndaiatuba\">Orquestra Jovem de Indaiatuba<\/a> realiza, no dia 11 de maio, \u00e0s 19h30, apresenta\u00e7\u00e3o com o grupo <a href=\"https:\/\/mobile.facebook.com\/profile.php?id=100089076769871&amp;_rdc=1&amp;_rdr\">Amigos &amp; Viola<\/a>, em Indaiatuba. O encontro, que integra o <a href=\"https:\/\/www.indaiatuba.sp.gov.br\/relacoes-institucionais\/imprensa\/noticias\/32159\/cultura-anuncia-programacao-da-31-edicao-do-maio-musical-com-60-atracoes\">31\u00ba Maio Musical<\/a> tem entrada gratuita, por\u00e9m, estar\u00e1 <strong>arrecadando leite tipo longa vida<\/strong>. A dire\u00e7\u00e3o art\u00edstica e a reg\u00eancia s\u00e3o do maestro <strong>Felipe Oliveira<\/strong>.<\/p>\n\n\n\n<p>Dando um toque especial no tradicional, os grupos trazem em seu repert\u00f3rio, cl\u00e1ssicos do sertanejo raiz como<em> Menino da porteira, Chico Mineiro, Chalana, As andorinhas<\/em> e <em>Franguinho na panela<\/em>; geralmente apenas performados pela viola, os instrumentos da orquestra dar\u00e3o um toque especial nas modas.<\/p>\n\n\n\n<p>A <strong>Orquestra Jovem<\/strong>, formada em 2004 pela Secretaria Municipal de Cultura, se apresenta com 26 integrantes entre 10 e 28 anos de idade, que tocam os instrumentos de cordas como violino, viola cl\u00e1ssica, violoncelo e contrabaixo. J\u00e1 o <strong>Amigos &amp; Viola<\/strong> que se apresenta junto desde 2017, tem como objetivo resgatar a m\u00fasica caipira. Os 22 amigos violeiros promovem periodicamente encontros em institui\u00e7\u00f5es que atendem idosos e grupos de terceira idade.<\/p>\n\n\n\n<figure class=\"wp-block-image size-large\"><img loading=\"lazy\" decoding=\"async\" width=\"1024\" height=\"683\" src=\"https:\/\/imais.online\/portal\/wp-content\/uploads\/2023\/05\/orquestra-jovem-de-indaiatuba-maio-musical-2023-1024x683.jpg\" alt=\"\" class=\"wp-image-13120\" srcset=\"https:\/\/imais.online\/portal\/wp-content\/uploads\/2023\/05\/orquestra-jovem-de-indaiatuba-maio-musical-2023-1024x683.jpg 1024w, https:\/\/imais.online\/portal\/wp-content\/uploads\/2023\/05\/orquestra-jovem-de-indaiatuba-maio-musical-2023-300x200.jpg 300w, https:\/\/imais.online\/portal\/wp-content\/uploads\/2023\/05\/orquestra-jovem-de-indaiatuba-maio-musical-2023-768x512.jpg 768w, https:\/\/imais.online\/portal\/wp-content\/uploads\/2023\/05\/orquestra-jovem-de-indaiatuba-maio-musical-2023-1536x1024.jpg 1536w, https:\/\/imais.online\/portal\/wp-content\/uploads\/2023\/05\/orquestra-jovem-de-indaiatuba-maio-musical-2023.jpg 2048w\" sizes=\"auto, (max-width: 1024px) 100vw, 1024px\" \/><figcaption>Orquestra Jovem de Indaiatuba<br><em>CR\u00c9DITO FOTO: FELIPE GOMES<\/em><\/figcaption><\/figure>\n\n\n\n<p>O concerto \u00e9 uma realiza\u00e7\u00e3o da <strong>Associa\u00e7\u00e3o Mantenedora da Orquestra de Indaiatuba (AMOSI)<\/strong> em parceria com a <strong>Prefeitura de Indaiatuba<\/strong>, por meio da Secretaria de Cultura, com patroc\u00ednio da <a href=\"https:\/\/www.tuberfil.com.br\/\">Tuberfil<\/a> e <a href=\"https:\/\/www.plastekgroup.com\/\">Plastek<\/a>, atrav\u00e9s do Programa de A\u00e7\u00e3o Cultural do Governo do estado de S\u00e3o Paulo.<\/p>\n\n\n\n<p><strong>COMO ASSISTIR?<\/strong> Para assistir a apresenta\u00e7\u00e3o, que \u00e9 gratuita, a sugest\u00e3o \u00e9 chegar com alguns minutos de anteced\u00eancia para garantir lugares. Por tratar-se de um evento beneficente para quem quiser colaborar, haver\u00e1 no Ciaei um <strong>posto de arrecada\u00e7\u00e3o<\/strong> de leite tipo longa vida. As doa\u00e7\u00f5es ser\u00e3o entregues ao <strong>Fundo Social de Solidariedade de Indaiatuba (Funssol)<\/strong>. O concerto acontece na sala Acr\u00edsio de Camargo, que fica no Ciaei, na avenida Engenheiro F\u00e1bio Roberto Barnab\u00e9, 3665, Jardim Regina, Indaiatuba (SP).<\/p>\n\n\n\n<p><strong>V\u00cdDEOS<\/strong><br>Amigos &amp; Viola &#8211; <a href=\"https:\/\/www.youtube.com\/watch?v=dNVzGNwNwWI\">clique aqui<\/a>&nbsp;<br>Orquestra Jovem de Indaiatuba &#8211; <a href=\"https:\/\/www.youtube.com\/watch?v=Ri67l1uppwE&amp;list=RDRi67l1uppwE&amp;index=1\">clique aqui<\/a>&nbsp;<\/p>\n\n\n\n<p><strong>SERVI\u00c7O<\/strong><br><strong>Orquestra Jovem e Amigos &amp; Viola<\/strong><br><strong>Data<\/strong>: 11\/05 I <strong>Hor\u00e1rio<\/strong>: 19h30 I <strong>Entrada gratuita<\/strong><br><strong>Local<\/strong>: Sala Acr\u00edsio de Camargo &#8211; Ciaei &#8211; avenida Engenheiro F\u00e1bio Roberto Barnab\u00e9, 3665, Jardim Regina, Indaiatuba (SP) &#8211; <a href=\"https:\/\/goo.gl\/maps\/pvm2kB4KPKQBp3cD8\">MAPA AQUI<\/a>&nbsp;<\/p>\n\n\n\n<p><strong>Orquestra Jovem nas redes sociais<\/strong><br><a href=\"https:\/\/www.facebook.com\/OrquestraJovemdeIndaiatuba\">Facebook<\/a><\/p>\n\n\n\n<p><strong>Sobre a AMOJI<\/strong><br>A AMOJI (Associa\u00e7\u00e3o Mantenedora da Orquestra Jovem de Indaiatuba) \u00e9 respons\u00e1vel pela manuten\u00e7\u00e3o da Orquestra Sinf\u00f4nica de Indaiatuba, que vem se destacando por sua intensa atua\u00e7\u00e3o na divulga\u00e7\u00e3o e populariza\u00e7\u00e3o da m\u00fasica orquestral. Realizando, anualmente, mais de uma dezena de concertos gratuitos, com participa\u00e7\u00e3o de m\u00fasicos do munic\u00edpio de Indaiatuba (SP) e solistas de renome. Promove o Encontro Musical de Indaiatuba (EMIn), que re\u00fane uma s\u00e9rie de concertos com grupos art\u00edsticos da Regi\u00e3o Metropolitana de Campinas (RMC), al\u00e9m de masterclasses abertas para estudantes de m\u00fasica de todo o pa\u00eds.&nbsp;A Associa\u00e7\u00e3o tamb\u00e9m \u00e9 respons\u00e1vel por gerir e administrar a Escola de M\u00fasica da Orquestra Sinf\u00f4nica de Indaiatuba (EMOSI), al\u00e9m da Orquestra Jovem de Indaiatuba (OJI). Ambas viabilizam a muitos jovens instrumentistas da cidade e regi\u00e3o oportunidade de desenvolvimento t\u00e9cnico e art\u00edstico, por meio de aulas individuais de instrumento, al\u00e9m de participarem dos ensaios e apresenta\u00e7\u00f5es da Orquestra Jovem.<\/p>\n","protected":false},"excerpt":{"rendered":"<p>Com repert\u00f3rio formado por cl\u00e1ssicos sertanejos, evento acontece em Indaiatuba A Orquestra Jovem de Indaiatuba realiza, no dia 11 de maio, \u00e0s 19h30, apresenta\u00e7\u00e3o com o grupo Amigos &amp; Viola, em Indaiatuba. O encontro, que integra o 31\u00ba Maio Musical tem entrada gratuita, por\u00e9m, estar\u00e1 arrecadando leite tipo longa vida. A dire\u00e7\u00e3o art\u00edstica e a [&hellip;]<\/p>\n","protected":false},"author":6,"featured_media":13119,"comment_status":"closed","ping_status":"open","sticky":false,"template":"","format":"standard","meta":{"rop_custom_images_group":[],"rop_custom_messages_group":[],"rop_publish_now":"initial","rop_publish_now_accounts":[],"rop_publish_now_history":[],"rop_publish_now_status":"pending","footnotes":""},"categories":[188],"tags":[],"class_list":["post-13118","post","type-post","status-publish","format-standard","has-post-thumbnail","hentry","category-indaiatuba"],"amp_enabled":true,"_links":{"self":[{"href":"https:\/\/imais.online\/portal\/wp-json\/wp\/v2\/posts\/13118","targetHints":{"allow":["GET"]}}],"collection":[{"href":"https:\/\/imais.online\/portal\/wp-json\/wp\/v2\/posts"}],"about":[{"href":"https:\/\/imais.online\/portal\/wp-json\/wp\/v2\/types\/post"}],"author":[{"embeddable":true,"href":"https:\/\/imais.online\/portal\/wp-json\/wp\/v2\/users\/6"}],"replies":[{"embeddable":true,"href":"https:\/\/imais.online\/portal\/wp-json\/wp\/v2\/comments?post=13118"}],"version-history":[{"count":1,"href":"https:\/\/imais.online\/portal\/wp-json\/wp\/v2\/posts\/13118\/revisions"}],"predecessor-version":[{"id":13121,"href":"https:\/\/imais.online\/portal\/wp-json\/wp\/v2\/posts\/13118\/revisions\/13121"}],"wp:featuredmedia":[{"embeddable":true,"href":"https:\/\/imais.online\/portal\/wp-json\/wp\/v2\/media\/13119"}],"wp:attachment":[{"href":"https:\/\/imais.online\/portal\/wp-json\/wp\/v2\/media?parent=13118"}],"wp:term":[{"taxonomy":"category","embeddable":true,"href":"https:\/\/imais.online\/portal\/wp-json\/wp\/v2\/categories?post=13118"},{"taxonomy":"post_tag","embeddable":true,"href":"https:\/\/imais.online\/portal\/wp-json\/wp\/v2\/tags?post=13118"}],"curies":[{"name":"wp","href":"https:\/\/api.w.org\/{rel}","templated":true}]}}