{"id":1319,"date":"2021-09-10T19:09:27","date_gmt":"2021-09-10T22:09:27","guid":{"rendered":"https:\/\/imais.online\/portal\/?p=1319"},"modified":"2021-09-10T19:09:29","modified_gmt":"2021-09-10T22:09:29","slug":"live-action-de-a-pequena-sereia-ganha-data-de-estreia-para-2023","status":"publish","type":"post","link":"https:\/\/imais.online\/portal\/live-action-de-a-pequena-sereia-ganha-data-de-estreia-para-2023\/","title":{"rendered":"Live-action de A Pequena Sereia ganha data de estreia para 2023"},"content":{"rendered":"<div class=\"imais-before-content-placement\" id=\"imais-2906291440\"><script async src=\"\/\/pagead2.googlesyndication.com\/pagead\/js\/adsbygoogle.js?client=ca-pub-8787528412751566\" crossorigin=\"anonymous\"><\/script><ins class=\"adsbygoogle\" style=\"display:block;\" data-ad-client=\"ca-pub-8787528412751566\" \ndata-ad-slot=\"\" \ndata-ad-format=\"auto\"><\/ins>\n<script> \n(adsbygoogle = window.adsbygoogle || []).push({}); \n<\/script>\n<\/div>\n<p>Ela vem a\u00ed! A Disney anunciou hoje (10) que o longa<em>\u00a0A Pequena Sereia\u00a0<\/em>chegar\u00e1 nos cinemas em 2023.<\/p>\n\n\n\n<p>No elenco temos os atores\u00a0<strong>Halle Bailey<\/strong>\u00a0como Ariel,\u00a0<strong>Melissa McCarthy<\/strong>\u00a0como a vil\u00e3\u00a0<strong>\u00darsula<\/strong>,\u00a0<strong>Jacob Tremblay<\/strong>\u00a0com o peixe Linguado e\u00a0<strong>Awkwafina<\/strong>\u00a0como a Gaivota.<\/p>\n\n\n\n<p>Completam ainda o elenco&nbsp;<strong>Jonah Hauer-King<\/strong>&nbsp;como o Pr\u00edncipe Eric,&nbsp;<strong>Javier Bardem&nbsp;<\/strong>como o Rei Trit\u00e3o, e&nbsp;<strong>Daveed Diggs&nbsp;<\/strong>como Sebasti\u00e3o.<\/p>\n\n\n\n<p><strong>Rob Marshall<\/strong>&nbsp;deve dirigir, e&nbsp;<strong>Lin-Manuel Miranda<\/strong>&nbsp;produziu novas m\u00fasicas junto com&nbsp;<strong>Alan Menken.<\/strong><\/p>\n\n\n\n<p><strong>David Magee<\/strong>&nbsp;escreveu o roteiro.&nbsp;<\/p>\n\n\n\n<p>O live-action de\u00a0<em><strong>A Pequena Sereia<\/strong><\/em>\u00a0chega em 26 de maio de 2023.<\/p>\n\n\n\n<p>Fonte: @nerd  &#8211; Miguel Morales<\/p>\n","protected":false},"excerpt":{"rendered":"<p>Ela vem a\u00ed! A Disney anunciou hoje (10) que o longa\u00a0A Pequena Sereia\u00a0chegar\u00e1 nos cinemas em 2023. No elenco temos os atores\u00a0Halle Bailey\u00a0como Ariel,\u00a0Melissa McCarthy\u00a0como a vil\u00e3\u00a0\u00darsula,\u00a0Jacob Tremblay\u00a0com o peixe Linguado e\u00a0Awkwafina\u00a0como a Gaivota. Completam ainda o elenco&nbsp;Jonah Hauer-King&nbsp;como o Pr\u00edncipe Eric,&nbsp;Javier Bardem&nbsp;como o Rei Trit\u00e3o, e&nbsp;Daveed Diggs&nbsp;como Sebasti\u00e3o. Rob Marshall&nbsp;deve dirigir, e&nbsp;Lin-Manuel Miranda&nbsp;produziu novas [&hellip;]<\/p>\n","protected":false},"author":8,"featured_media":1321,"comment_status":"closed","ping_status":"open","sticky":false,"template":"","format":"standard","meta":{"rop_custom_images_group":[],"rop_custom_messages_group":[],"rop_publish_now":"initial","rop_publish_now_accounts":[],"rop_publish_now_history":[],"rop_publish_now_status":"pending","footnotes":""},"categories":[16],"tags":[],"class_list":["post-1319","post","type-post","status-publish","format-standard","has-post-thumbnail","hentry","category-entertainment"],"amp_enabled":true,"_links":{"self":[{"href":"https:\/\/imais.online\/portal\/wp-json\/wp\/v2\/posts\/1319","targetHints":{"allow":["GET"]}}],"collection":[{"href":"https:\/\/imais.online\/portal\/wp-json\/wp\/v2\/posts"}],"about":[{"href":"https:\/\/imais.online\/portal\/wp-json\/wp\/v2\/types\/post"}],"author":[{"embeddable":true,"href":"https:\/\/imais.online\/portal\/wp-json\/wp\/v2\/users\/8"}],"replies":[{"embeddable":true,"href":"https:\/\/imais.online\/portal\/wp-json\/wp\/v2\/comments?post=1319"}],"version-history":[{"count":1,"href":"https:\/\/imais.online\/portal\/wp-json\/wp\/v2\/posts\/1319\/revisions"}],"predecessor-version":[{"id":1322,"href":"https:\/\/imais.online\/portal\/wp-json\/wp\/v2\/posts\/1319\/revisions\/1322"}],"wp:featuredmedia":[{"embeddable":true,"href":"https:\/\/imais.online\/portal\/wp-json\/wp\/v2\/media\/1321"}],"wp:attachment":[{"href":"https:\/\/imais.online\/portal\/wp-json\/wp\/v2\/media?parent=1319"}],"wp:term":[{"taxonomy":"category","embeddable":true,"href":"https:\/\/imais.online\/portal\/wp-json\/wp\/v2\/categories?post=1319"},{"taxonomy":"post_tag","embeddable":true,"href":"https:\/\/imais.online\/portal\/wp-json\/wp\/v2\/tags?post=1319"}],"curies":[{"name":"wp","href":"https:\/\/api.w.org\/{rel}","templated":true}]}}