{"id":1320,"date":"2021-09-10T19:11:31","date_gmt":"2021-09-10T22:11:31","guid":{"rendered":"https:\/\/imais.online\/portal\/?p=1320"},"modified":"2021-09-10T19:15:57","modified_gmt":"2021-09-10T22:15:57","slug":"operacoes-apreenderam-41-veiculos-irregulares-na-regiao-de-campinas","status":"publish","type":"post","link":"https:\/\/imais.online\/portal\/operacoes-apreenderam-41-veiculos-irregulares-na-regiao-de-campinas\/","title":{"rendered":"Opera\u00e7\u00f5es apreenderam 41 ve\u00edculos irregulares na Regi\u00e3o de Campinas"},"content":{"rendered":"<div class=\"imais-before-content-placement\" id=\"imais-2944923722\"><script async src=\"\/\/pagead2.googlesyndication.com\/pagead\/js\/adsbygoogle.js?client=ca-pub-8787528412751566\" crossorigin=\"anonymous\"><\/script><ins class=\"adsbygoogle\" style=\"display:block;\" data-ad-client=\"ca-pub-8787528412751566\" \ndata-ad-slot=\"\" \ndata-ad-format=\"auto\"><\/ins>\n<script> \n(adsbygoogle = window.adsbygoogle || []).push({}); \n<\/script>\n<\/div>\n<p class=\"has-text-align-center\"><em>Equipes de fiscaliza\u00e7\u00e3o averiguaram 982 ve\u00edculos; apreens\u00f5es de janeiro a agosto aumentaram cerca de 20% em rela\u00e7\u00e3o a 2020<\/em><\/p>\n\n\n\n<p>A EMTU &#8211; Empresa Metropolitana de Transportes Urbanos, em conjunto com a Pol\u00edcia Militar do Estado de S\u00e3o Paulo, tem realizado opera\u00e7\u00f5es contra o transporte coletivo de passageiros n\u00e3o autorizado nos munic\u00edpios da Regi\u00e3o Metropolitana de Campinas, sempre com o apoio da Pol\u00edcia Militar, Pol\u00edcia Rodovi\u00e1ria Estadual e prefeituras.<\/p>\n\n\n\n<p>No ano de 2021, at\u00e9 agosto, as a\u00e7\u00f5es resultaram em 982 abordagens para averigua\u00e7\u00e3o e na apreens\u00e3o de 41 ve\u00edculos. Al\u00e9m dos ve\u00edculos apreendidos, as equipes de fiscaliza\u00e7\u00e3o aplicaram 490 autua\u00e7\u00f5es para operadores de linhas metropolitanas em situa\u00e7\u00e3o regular, mas que cometeram algum tipo de infra\u00e7\u00e3o.<\/p>\n\n\n\n<p>Em 2020, no mesmo per\u00edodo, a EMTU contabilizou na regi\u00e3o a apreens\u00e3o de 35 ve\u00edculos em situa\u00e7\u00e3o irregular, representando um acr\u00e9scimo de cerca de 20% de um ano para outro.<\/p>\n\n\n\n<p>As multas aplicadas para esses casos podem chegar a R\ufe69 5.212,22. Chama a aten\u00e7\u00e3o a situa\u00e7\u00e3o dos condutores dos ve\u00edculos apreendidos: n\u00e3o tinham CNH, n\u00e3o portavam a documenta\u00e7\u00e3o de ve\u00edculo exigida pelo C\u00f3digo de Tr\u00e2nsito Brasileiro, al\u00e9m daqueles com bloqueios do Detran.<\/p>\n\n\n\n<p>Os agentes averiguam carros, vans, micro-\u00f4nibus e \u00f4nibus que fazem o transporte intermunicipal metropolitano com o objetivo de combater o transporte irregular de passageiros, oferecendo mais seguran\u00e7a, qualidade e efici\u00eancia aos cidad\u00e3os que utilizam o sistema metropolitano.<\/p>\n\n\n\n<p>Os ve\u00edculos autorizados passam por inspe\u00e7\u00f5es peri\u00f3dicas nas quais s\u00e3o verificados mais de 400 itens, os condutores s\u00e3o treinados periodicamente, bem como s\u00e3o atendidas todas as normas do C\u00f3digo de Tr\u00e2nsito Brasileiro e aquelas determinadas pela Secretaria dos Transportes Metropolitanos. Os ve\u00edculos n\u00e3o autorizados n\u00e3o cumprem essas normas e n\u00e3o h\u00e1 qualquer garantia da sua proced\u00eancia.<\/p>\n\n\n\n<p>Al\u00e9m disso, as empresas do sistema regular s\u00e3o titulares da concess\u00e3o, logo precisam cumprir normas contratuais, inclusive em rela\u00e7\u00e3o ao combate da transmiss\u00e3o do coronav\u00edrus, ao passo que os ve\u00edculos clandestinos operam de forma prec\u00e1ria e em concorr\u00eancia ruinosa j\u00e1 que n\u00e3o cumprem qualquer requisito da legisla\u00e7\u00e3o.<\/p>\n\n\n\n<p><\/p>\n","protected":false},"excerpt":{"rendered":"<p>Equipes de fiscaliza\u00e7\u00e3o averiguaram 982 ve\u00edculos; apreens\u00f5es de janeiro a agosto aumentaram cerca de 20% em rela\u00e7\u00e3o a 2020 A EMTU &#8211; Empresa Metropolitana de Transportes Urbanos, em conjunto com a Pol\u00edcia Militar do Estado de S\u00e3o Paulo, tem realizado opera\u00e7\u00f5es contra o transporte coletivo de passageiros n\u00e3o autorizado nos munic\u00edpios da Regi\u00e3o Metropolitana de [&hellip;]<\/p>\n","protected":false},"author":6,"featured_media":1323,"comment_status":"closed","ping_status":"open","sticky":false,"template":"","format":"standard","meta":{"rop_custom_images_group":[],"rop_custom_messages_group":[],"rop_publish_now":"initial","rop_publish_now_accounts":[],"rop_publish_now_history":[],"rop_publish_now_status":"pending","footnotes":""},"categories":[194],"tags":[219,73],"class_list":["post-1320","post","type-post","status-publish","format-standard","has-post-thumbnail","hentry","category-regia","tag-campinas","tag-featured"],"amp_enabled":true,"_links":{"self":[{"href":"https:\/\/imais.online\/portal\/wp-json\/wp\/v2\/posts\/1320","targetHints":{"allow":["GET"]}}],"collection":[{"href":"https:\/\/imais.online\/portal\/wp-json\/wp\/v2\/posts"}],"about":[{"href":"https:\/\/imais.online\/portal\/wp-json\/wp\/v2\/types\/post"}],"author":[{"embeddable":true,"href":"https:\/\/imais.online\/portal\/wp-json\/wp\/v2\/users\/6"}],"replies":[{"embeddable":true,"href":"https:\/\/imais.online\/portal\/wp-json\/wp\/v2\/comments?post=1320"}],"version-history":[{"count":1,"href":"https:\/\/imais.online\/portal\/wp-json\/wp\/v2\/posts\/1320\/revisions"}],"predecessor-version":[{"id":1324,"href":"https:\/\/imais.online\/portal\/wp-json\/wp\/v2\/posts\/1320\/revisions\/1324"}],"wp:featuredmedia":[{"embeddable":true,"href":"https:\/\/imais.online\/portal\/wp-json\/wp\/v2\/media\/1323"}],"wp:attachment":[{"href":"https:\/\/imais.online\/portal\/wp-json\/wp\/v2\/media?parent=1320"}],"wp:term":[{"taxonomy":"category","embeddable":true,"href":"https:\/\/imais.online\/portal\/wp-json\/wp\/v2\/categories?post=1320"},{"taxonomy":"post_tag","embeddable":true,"href":"https:\/\/imais.online\/portal\/wp-json\/wp\/v2\/tags?post=1320"}],"curies":[{"name":"wp","href":"https:\/\/api.w.org\/{rel}","templated":true}]}}