{"id":1331,"date":"2021-09-11T15:13:40","date_gmt":"2021-09-11T18:13:40","guid":{"rendered":"https:\/\/imais.online\/portal\/?p=1331"},"modified":"2021-09-11T15:13:42","modified_gmt":"2021-09-11T18:13:42","slug":"covid-19-70-milhoes-ja-receberam-duas-doses-ou-dose-unica-da-vacina","status":"publish","type":"post","link":"https:\/\/imais.online\/portal\/covid-19-70-milhoes-ja-receberam-duas-doses-ou-dose-unica-da-vacina\/","title":{"rendered":"Covid-19: 70 milh\u00f5es j\u00e1 receberam duas doses ou dose \u00fanica da vacina"},"content":{"rendered":"<div class=\"imais-before-content-placement\" id=\"imais-3827522549\"><script async src=\"\/\/pagead2.googlesyndication.com\/pagead\/js\/adsbygoogle.js?client=ca-pub-8787528412751566\" crossorigin=\"anonymous\"><\/script><ins class=\"adsbygoogle\" style=\"display:block;\" data-ad-client=\"ca-pub-8787528412751566\" \ndata-ad-slot=\"\" \ndata-ad-format=\"auto\"><\/ins>\n<script> \n(adsbygoogle = window.adsbygoogle || []).push({}); \n<\/script>\n<\/div>\n<p class=\"has-text-align-center\">Ocupa\u00e7\u00e3o de leitos est\u00e1 abaixo de 50% em 23 estados<\/p>\n\n\n\n<p>O Brasil j\u00e1 registra 70 milh\u00f5es de brasileiros imunizados contra a covid-19 com as duas doses da vacina ou a dose \u00fanica. Segundo informa\u00e7\u00f5es divulgadas pelo Minist\u00e9rio da Sa\u00fade neste&nbsp;s\u00e1bado&nbsp;(11), 44% da popula\u00e7\u00e3o maior de 18 anos est\u00e3o com o ciclo vacinal completo.<img decoding=\"async\" src=\"https:\/\/agenciabrasil.ebc.com.br\/ebc.png?id=1421380&amp;o=node\"><img decoding=\"async\" src=\"https:\/\/agenciabrasil.ebc.com.br\/ebc.gif?id=1421380&amp;o=node\"><\/p>\n\n\n\n<p>Mais 136,9 milh\u00f5es de aplica\u00e7\u00f5es foram realizadas em primeira dose, ou seja, mais de 85% da popula\u00e7\u00e3o adulta vacin\u00e1vel recebeu ao menos uma dose de imunizante&nbsp;contra a covid-19.<\/p>\n\n\n\n<p>No momento, 23 estados j\u00e1 est\u00e3o com ocupa\u00e7\u00e3o de leitos de UTI e cl\u00ednicos abaixo de 50% e dentro dos padr\u00f5es de normalidade. Cear\u00e1, Esp\u00edrito Santo, Rio&nbsp;de Janeiro&nbsp;e Rio Grande do Sul ainda est\u00e3o na zona de alerta, com taxas de ocupa\u00e7\u00f5es que variam de 51% a 69%.<\/p>\n\n\n\n<p>As m\u00e9dias m\u00f3veis de casos e \u00f3bitos tamb\u00e9m est\u00e3o em queda e registraram, nos \u00faltimos dois meses, redu\u00e7\u00e3o de 61% e 60%, respectivamente.<\/p>\n\n\n\n<p>\u201cVamos continuar avan\u00e7ando e contando com o apoio de todos. Quando assumi o Minist\u00e9rio da Sa\u00fade, o objetivo era vacinar 1&nbsp;milh\u00e3o de pessoas por dia, n\u00famero que estamos atingindo com normalidade. Se continuarmos nesse ritmo ser\u00e1 poss\u00edvel vacinar todo o p\u00fablico-alvo do pa\u00eds com as duas doses at\u00e9 o m\u00eas&nbsp;de outubro&#8221;, afirmou o ministro da Sa\u00fade, Marcelo Queiroga.<\/p>\n\n\n\n<p>Em agosto, a pasta bateu outro recorde e distribuiu mais de 60,8 milh\u00f5es de doses de vacinas contra a covid-19 para todos os estados e o Distrito Federal. Desde o in\u00edcio da campanha, j\u00e1 foram distribu\u00eddas mais de 259,4 milh\u00f5es de doses.&nbsp;<\/p>\n","protected":false},"excerpt":{"rendered":"<p>Ocupa\u00e7\u00e3o de leitos est\u00e1 abaixo de 50% em 23 estados O Brasil j\u00e1 registra 70 milh\u00f5es de brasileiros imunizados contra a covid-19 com as duas doses da vacina ou a dose \u00fanica. Segundo informa\u00e7\u00f5es divulgadas pelo Minist\u00e9rio da Sa\u00fade neste&nbsp;s\u00e1bado&nbsp;(11), 44% da popula\u00e7\u00e3o maior de 18 anos est\u00e3o com o ciclo vacinal completo. Mais 136,9 [&hellip;]<\/p>\n","protected":false},"author":6,"featured_media":1332,"comment_status":"closed","ping_status":"open","sticky":false,"template":"","format":"standard","meta":{"rop_custom_images_group":[],"rop_custom_messages_group":[],"rop_publish_now":"initial","rop_publish_now_accounts":[],"rop_publish_now_history":[],"rop_publish_now_status":"pending","footnotes":""},"categories":[189],"tags":[73],"class_list":["post-1331","post","type-post","status-publish","format-standard","has-post-thumbnail","hentry","category-brasil","tag-featured"],"amp_enabled":true,"_links":{"self":[{"href":"https:\/\/imais.online\/portal\/wp-json\/wp\/v2\/posts\/1331","targetHints":{"allow":["GET"]}}],"collection":[{"href":"https:\/\/imais.online\/portal\/wp-json\/wp\/v2\/posts"}],"about":[{"href":"https:\/\/imais.online\/portal\/wp-json\/wp\/v2\/types\/post"}],"author":[{"embeddable":true,"href":"https:\/\/imais.online\/portal\/wp-json\/wp\/v2\/users\/6"}],"replies":[{"embeddable":true,"href":"https:\/\/imais.online\/portal\/wp-json\/wp\/v2\/comments?post=1331"}],"version-history":[{"count":1,"href":"https:\/\/imais.online\/portal\/wp-json\/wp\/v2\/posts\/1331\/revisions"}],"predecessor-version":[{"id":1333,"href":"https:\/\/imais.online\/portal\/wp-json\/wp\/v2\/posts\/1331\/revisions\/1333"}],"wp:featuredmedia":[{"embeddable":true,"href":"https:\/\/imais.online\/portal\/wp-json\/wp\/v2\/media\/1332"}],"wp:attachment":[{"href":"https:\/\/imais.online\/portal\/wp-json\/wp\/v2\/media?parent=1331"}],"wp:term":[{"taxonomy":"category","embeddable":true,"href":"https:\/\/imais.online\/portal\/wp-json\/wp\/v2\/categories?post=1331"},{"taxonomy":"post_tag","embeddable":true,"href":"https:\/\/imais.online\/portal\/wp-json\/wp\/v2\/tags?post=1331"}],"curies":[{"name":"wp","href":"https:\/\/api.w.org\/{rel}","templated":true}]}}