{"id":1334,"date":"2021-09-11T15:20:26","date_gmt":"2021-09-11T18:20:26","guid":{"rendered":"https:\/\/imais.online\/portal\/?p=1334"},"modified":"2021-09-11T15:20:28","modified_gmt":"2021-09-11T18:20:28","slug":"sp-aplica-67-das-doses-de-reforco-contra-covid-19-do-brasil","status":"publish","type":"post","link":"https:\/\/imais.online\/portal\/sp-aplica-67-das-doses-de-reforco-contra-covid-19-do-brasil\/","title":{"rendered":"SP aplica 67% das doses de refor\u00e7o contra Covid-19 do Brasil"},"content":{"rendered":"<div class=\"imais-before-content-placement\" id=\"imais-2491955375\"><script async src=\"\/\/pagead2.googlesyndication.com\/pagead\/js\/adsbygoogle.js?client=ca-pub-8787528412751566\" crossorigin=\"anonymous\"><\/script><ins class=\"adsbygoogle\" style=\"display:block;\" data-ad-client=\"ca-pub-8787528412751566\" \ndata-ad-slot=\"\" \ndata-ad-format=\"auto\"><\/ins>\n<script> \n(adsbygoogle = window.adsbygoogle || []).push({}); \n<\/script>\n<\/div>\n<p class=\"has-text-align-center\">Mato Grosso do Sul e Esp\u00edrito Santo tamb\u00e9m j\u00e1 iniciaram estrat\u00e9gia<\/p>\n\n\n\n<p>O Estado de S\u00e3o Paulo j\u00e1 aplicou 67% das doses de refor\u00e7o contra Covid-19 do pa\u00eds. O vacin\u00f4metro do Governo de SP marcou 41,4 mil adicionais aplicadas at\u00e9 esta sexta-feira (10), \u00e0s 15h35.<img decoding=\"async\" src=\"https:\/\/agenciabrasil.ebc.com.br\/ebc.png?id=1421382&amp;o=node\"><img decoding=\"async\" src=\"https:\/\/agenciabrasil.ebc.com.br\/ebc.gif?id=1421382&amp;o=node\"><\/p>\n\n\n\n<p>Isso significa que quase 42 mil pessoas j\u00e1 receberam a aplica\u00e7\u00e3o extra para refor\u00e7ar a prote\u00e7\u00e3o contra a doen\u00e7a. Al\u00e9m de S\u00e3o Paulo, os estados do Mato Grosso do Sul e Esp\u00edrito Santo j\u00e1 est\u00e3o realizando a estrat\u00e9gia a partir desta semana. Juntos, os tr\u00eas estados somam cerca de 62 mil doses de refor\u00e7o administradas no Brasil.<\/p>\n\n\n\n<p>No decorrer de toda a campanha, iniciada em janeiro de 2021, SP j\u00e1 administrou mais de 55,75 milh\u00f5es de doses. O n\u00famero soma 35,34 milh\u00f5es de aplica\u00e7\u00f5es de primeira dose, 19,22 milh\u00f5es de segunda e 1,15 milh\u00e3o de dose \u00fanica, al\u00e9m das 41,48 mil de refor\u00e7o j\u00e1 citadas.<\/p>\n\n\n\n<p>Com a mobiliza\u00e7\u00e3o das 645 cidades, 97,02% da popula\u00e7\u00e3o adulta de SP j\u00e1 recebeu pelo menos uma dose da vacina, e 57,34% das pessoas com idade acima de 18 anos j\u00e1 t\u00eam esquema vacinal completo.<\/p>\n\n\n\n<p>Conforme orienta\u00e7\u00e3o do Plano Estadual de Imuniza\u00e7\u00e3o (PEI) e do Comit\u00ea Cient\u00edfico do Estado de S\u00e3o Paulo, os munic\u00edpios devem aplicar o imunizante que estiver dispon\u00edvel nos postos tamb\u00e9m para aplica\u00e7\u00e3o da dose adicional, pois todas as vacinas em uso no Brasil s\u00e3o seguras e eficazes.<\/p>\n\n\n\n<p>Esta primeira fase dedicada ao refor\u00e7o na prote\u00e7\u00e3o contra a covid-19 come\u00e7ou na segunda-feira (6) visa alcan\u00e7ar todas as pessoas com 60 anos ou mais que tomaram a segunda dose h\u00e1 pelo menos seis meses, ou seja, em fevereiro e mar\u00e7o. Al\u00e9m disso, tamb\u00e9m ser\u00e3o imunizados imunossuprimidos com idade a partir de 18 anos. Os dois p\u00fablicos desta fase somam um milh\u00e3o de pessoas.<\/p>\n\n\n\n<p>Para organiza\u00e7\u00e3o da rede, o calend\u00e1rio foi escalonado por faixas et\u00e1rias e prioriza\u00e7\u00e3o dos mais velhos. At\u00e9 o dia 12, receber\u00e3o a dose adicional quem tem 90 anos ou mais. Entre 13 e 19 de setembro, ser\u00e1 a faixa et\u00e1ria de 85 a 89 anos. Entre os dias 20 e 26, as doses estar\u00e3o dispon\u00edveis para os que t\u00eam de 80 a 84 anos.&nbsp;<\/p>\n\n\n\n<p>Tamb\u00e9m est\u00e3o inclusos neste per\u00edodo os adultos imunossuprimidos, como pacientes em tratamento de hemodi\u00e1lise, quimioterapia, Aids, transplantados, entre outras pessoas em alto grau de imunossupress\u00e3o. Neste caso, a dose adicional ser\u00e1 aplicada pelo menos 28 dias ap\u00f3s a data da conclus\u00e3o do esquema vacinal, seja pela segunda dose (Coronavac, Astrazeneca ou Pfizer) ou por dose \u00fanica (Janssen).<\/p>\n\n\n\n<p>A partir do dia 27, at\u00e9 3 de outubro, ser\u00e3o contempladas pessoas na faixa de 70 a 79 anos. Concluindo esta fase ainda no m\u00eas de outubro, ser\u00e3o alcan\u00e7ados os idosos de 60 a 69 anos entre os dias 4 e 10.<\/p>\n\n\n\n<p>No total s\u00e3o 7,2 milh\u00f5es de pessoas que tomaram suas vacinas em momentos diferentes da campanha, e receber\u00e3o suas doses adicionais quando completarem os intervalos de tempo m\u00ednimos ap\u00f3s a segunda dose ou conclus\u00e3o do esquema vacinal &#8211; de pelo menos seis meses para quem tem 60 anos ou mais, e ao menos 28 dias para os adultos com imunossupress\u00e3o.<\/p>\n\n\n\n<p>A decis\u00e3o de S\u00e3o Paulo de incluir o grupo de 60 a 69 anos foi embasada em recomenda\u00e7\u00e3o do Comit\u00ea Cient\u00edfico ap\u00f3s an\u00e1lise de trabalhos e as experi\u00eancias ao redor do mundo dos indicadores da pandemia, especialmente entre idosos, que ainda figuram entre as principais v\u00edtimas fatais da covid-19.<\/p>\n","protected":false},"excerpt":{"rendered":"<p>Mato Grosso do Sul e Esp\u00edrito Santo tamb\u00e9m j\u00e1 iniciaram estrat\u00e9gia O Estado de S\u00e3o Paulo j\u00e1 aplicou 67% das doses de refor\u00e7o contra Covid-19 do pa\u00eds. O vacin\u00f4metro do Governo de SP marcou 41,4 mil adicionais aplicadas at\u00e9 esta sexta-feira (10), \u00e0s 15h35. Isso significa que quase 42 mil pessoas j\u00e1 receberam a aplica\u00e7\u00e3o [&hellip;]<\/p>\n","protected":false},"author":6,"featured_media":1335,"comment_status":"closed","ping_status":"open","sticky":false,"template":"","format":"standard","meta":{"rop_custom_images_group":[],"rop_custom_messages_group":[],"rop_publish_now":"initial","rop_publish_now_accounts":[],"rop_publish_now_history":[],"rop_publish_now_status":"pending","footnotes":""},"categories":[190,195],"tags":[],"class_list":["post-1334","post","type-post","status-publish","format-standard","has-post-thumbnail","hentry","category-covid","category-sao-paulo"],"amp_enabled":true,"_links":{"self":[{"href":"https:\/\/imais.online\/portal\/wp-json\/wp\/v2\/posts\/1334","targetHints":{"allow":["GET"]}}],"collection":[{"href":"https:\/\/imais.online\/portal\/wp-json\/wp\/v2\/posts"}],"about":[{"href":"https:\/\/imais.online\/portal\/wp-json\/wp\/v2\/types\/post"}],"author":[{"embeddable":true,"href":"https:\/\/imais.online\/portal\/wp-json\/wp\/v2\/users\/6"}],"replies":[{"embeddable":true,"href":"https:\/\/imais.online\/portal\/wp-json\/wp\/v2\/comments?post=1334"}],"version-history":[{"count":1,"href":"https:\/\/imais.online\/portal\/wp-json\/wp\/v2\/posts\/1334\/revisions"}],"predecessor-version":[{"id":1336,"href":"https:\/\/imais.online\/portal\/wp-json\/wp\/v2\/posts\/1334\/revisions\/1336"}],"wp:featuredmedia":[{"embeddable":true,"href":"https:\/\/imais.online\/portal\/wp-json\/wp\/v2\/media\/1335"}],"wp:attachment":[{"href":"https:\/\/imais.online\/portal\/wp-json\/wp\/v2\/media?parent=1334"}],"wp:term":[{"taxonomy":"category","embeddable":true,"href":"https:\/\/imais.online\/portal\/wp-json\/wp\/v2\/categories?post=1334"},{"taxonomy":"post_tag","embeddable":true,"href":"https:\/\/imais.online\/portal\/wp-json\/wp\/v2\/tags?post=1334"}],"curies":[{"name":"wp","href":"https:\/\/api.w.org\/{rel}","templated":true}]}}