{"id":13544,"date":"2023-05-26T08:07:10","date_gmt":"2023-05-26T11:07:10","guid":{"rendered":"https:\/\/imais.online\/portal\/?p=13544"},"modified":"2023-05-26T08:07:29","modified_gmt":"2023-05-26T11:07:29","slug":"sidney-magal-passa-mal-durante-show-em-e-e-atendido-por-equipe-medica","status":"publish","type":"post","link":"https:\/\/imais.online\/portal\/sidney-magal-passa-mal-durante-show-em-e-e-atendido-por-equipe-medica\/","title":{"rendered":"Sidney Magal passa mal durante show em e \u00e9 atendido por equipe m\u00e9dica"},"content":{"rendered":"<div class=\"imais-before-content-placement\" id=\"imais-1430372647\"><script async src=\"\/\/pagead2.googlesyndication.com\/pagead\/js\/adsbygoogle.js?client=ca-pub-8787528412751566\" crossorigin=\"anonymous\"><\/script><ins class=\"adsbygoogle\" style=\"display:block;\" data-ad-client=\"ca-pub-8787528412751566\" \ndata-ad-slot=\"\" \ndata-ad-format=\"auto\"><\/ins>\n<script> \n(adsbygoogle = window.adsbygoogle || []).push({}); \n<\/script>\n<\/div>\n<p><\/p>\n\n\n\n<p>O cantor Sidney Magal, de 72 anos, enfrentou um momento delicado durante sua apresenta\u00e7\u00e3o no SESI de S\u00e3o Jos\u00e9 dos Campos, na noite de quinta-feira (25). Cerca de 50 minutos ap\u00f3s o in\u00edcio do show, Magal sentiu-se mal, precisando interromper a performance.<\/p>\n\n\n\n<p>Uma ambul\u00e2ncia prontamente se aproximou do palco para prestar atendimento m\u00e9dico ao artista. Ap\u00f3s alguns minutos, Sidney Magal retornou ao microfone para tranquilizar e interagir com o p\u00fablico.<\/p>\n\n\n\n<figure class=\"wp-block-embed is-type-video is-provider-youtube wp-block-embed-youtube wp-embed-aspect-16-9 wp-has-aspect-ratio\"><div class=\"wp-block-embed__wrapper\">\n<iframe loading=\"lazy\" title=\"Sidney Magal passa mal durante um show em S\u00e3o Jos\u00e9 dos Campos. e \u00e9 retirado do palco\" width=\"740\" height=\"416\" src=\"https:\/\/www.youtube.com\/embed\/brDjfy2ujm4?feature=oembed\" frameborder=\"0\" allow=\"accelerometer; autoplay; clipboard-write; encrypted-media; gyroscope; picture-in-picture; web-share\" allowfullscreen><\/iframe>\n<\/div><\/figure>\n\n\n\n<p>&#8220;Est\u00e1 tudo bem. Inclusive o meu sangue. Vou mostrar que o meu sangue ainda ferve por voc\u00eas&#8221;, declarou Magal, fazendo refer\u00eancia a um de seus maiores sucessos. A afirma\u00e7\u00e3o foi seguida por aplausos e gritos entusiasmados dos espectadores. O show de Sidney Magal em S\u00e3o Jos\u00e9 dos Campos, intitulado &#8220;R\u00e1dio do Magal&#8221;, celebra grandes m\u00fasicas que marcaram o r\u00e1dio. Como cantor e ator, o artista descreve o novo espet\u00e1culo como uma forma de destacar a alegria e a import\u00e2ncia do r\u00e1dio em sua carreira. Muitos dos sucessos, como &#8220;Meu Sangue Ferve&#8221;, &#8220;Tenho&#8221; e &#8220;Sandra Rosa Madalena&#8221;, permanecem vivos ap\u00f3s 40 anos, pois foi o r\u00e1dio que os impulsionou e fez parte do cotidiano de milh\u00f5es de pessoas.<\/p>\n\n\n\n<p>Em outro momento, Magal mencionou que sua press\u00e3o havia subido. A equipe de assessoria do artista confirmou que ele teve um pico de press\u00e3o arterial e recebeu cuidados m\u00e9dicos nos bastidores. &#8220;A press\u00e3o foi normalizada, mas decidimos n\u00e3o retornar ao palco. Ele cantou mais alguns sucessos nos bastidores mesmo. Agora estamos chegando ao hotel e ele est\u00e1 bem, n\u00e3o sendo necess\u00e1rio lev\u00e1-lo ao hospital. Amanh\u00e3, ele j\u00e1 tem outro show agendado&#8221;.<\/p>\n\n\n\n<p>Uma hora depois, o Hospital Vivalle de S\u00e3o Jos\u00e9 dos Campos informou que o cantor foi internado na unidade na noite de quinta-feira. No entanto, n\u00e3o foram divulgadas informa\u00e7\u00f5es sobre seu estado de sa\u00fade.<\/p>\n\n\n\n<p>O SESI tamb\u00e9m emitiu um comunicado afirmando: &#8220;O artista Sidney Magal teve uma indisposi\u00e7\u00e3o durante sua apresenta\u00e7\u00e3o, recebeu os primeiros atendimentos da equipe m\u00e9dica de plant\u00e3o no local, foi medicado e, por quest\u00f5es de seguran\u00e7a e por orienta\u00e7\u00e3o m\u00e9dica, encerrou o espet\u00e1culo nos bastidores&#8221;.<\/p>\n","protected":false},"excerpt":{"rendered":"<p>O cantor Sidney Magal, de 72 anos, enfrentou um momento delicado durante sua apresenta\u00e7\u00e3o no SESI de S\u00e3o Jos\u00e9 dos Campos, na noite de quinta-feira (25). Cerca de 50 minutos ap\u00f3s o in\u00edcio do show, Magal sentiu-se mal, precisando interromper a performance. Uma ambul\u00e2ncia prontamente se aproximou do palco para prestar atendimento m\u00e9dico ao artista. [&hellip;]<\/p>\n","protected":false},"author":7,"featured_media":13546,"comment_status":"closed","ping_status":"open","sticky":false,"template":"","format":"standard","meta":{"rop_custom_images_group":[],"rop_custom_messages_group":[],"rop_publish_now":"initial","rop_publish_now_accounts":[],"rop_publish_now_history":[],"rop_publish_now_status":"pending","footnotes":""},"categories":[230],"tags":[],"class_list":["post-13544","post","type-post","status-publish","format-standard","has-post-thumbnail","hentry","category-interior"],"amp_enabled":true,"_links":{"self":[{"href":"https:\/\/imais.online\/portal\/wp-json\/wp\/v2\/posts\/13544","targetHints":{"allow":["GET"]}}],"collection":[{"href":"https:\/\/imais.online\/portal\/wp-json\/wp\/v2\/posts"}],"about":[{"href":"https:\/\/imais.online\/portal\/wp-json\/wp\/v2\/types\/post"}],"author":[{"embeddable":true,"href":"https:\/\/imais.online\/portal\/wp-json\/wp\/v2\/users\/7"}],"replies":[{"embeddable":true,"href":"https:\/\/imais.online\/portal\/wp-json\/wp\/v2\/comments?post=13544"}],"version-history":[{"count":2,"href":"https:\/\/imais.online\/portal\/wp-json\/wp\/v2\/posts\/13544\/revisions"}],"predecessor-version":[{"id":13547,"href":"https:\/\/imais.online\/portal\/wp-json\/wp\/v2\/posts\/13544\/revisions\/13547"}],"wp:featuredmedia":[{"embeddable":true,"href":"https:\/\/imais.online\/portal\/wp-json\/wp\/v2\/media\/13546"}],"wp:attachment":[{"href":"https:\/\/imais.online\/portal\/wp-json\/wp\/v2\/media?parent=13544"}],"wp:term":[{"taxonomy":"category","embeddable":true,"href":"https:\/\/imais.online\/portal\/wp-json\/wp\/v2\/categories?post=13544"},{"taxonomy":"post_tag","embeddable":true,"href":"https:\/\/imais.online\/portal\/wp-json\/wp\/v2\/tags?post=13544"}],"curies":[{"name":"wp","href":"https:\/\/api.w.org\/{rel}","templated":true}]}}