{"id":13683,"date":"2023-06-09T15:54:38","date_gmt":"2023-06-09T18:54:38","guid":{"rendered":"https:\/\/imais.online\/portal\/?p=13683"},"modified":"2023-06-09T15:54:41","modified_gmt":"2023-06-09T18:54:41","slug":"putin-anuncia-implantacao-de-armas-nucleares-em-bielorrussia-a-partir-de-8-de-julho","status":"publish","type":"post","link":"https:\/\/imais.online\/portal\/putin-anuncia-implantacao-de-armas-nucleares-em-bielorrussia-a-partir-de-8-de-julho\/","title":{"rendered":"Putin anuncia implanta\u00e7\u00e3o de armas nucleares em Bielorr\u00fassia a partir de 8 de julho"},"content":{"rendered":"<div class=\"imais-before-content-placement\" id=\"imais-4042577725\"><script async src=\"\/\/pagead2.googlesyndication.com\/pagead\/js\/adsbygoogle.js?client=ca-pub-8787528412751566\" crossorigin=\"anonymous\"><\/script><ins class=\"adsbygoogle\" style=\"display:block;\" data-ad-client=\"ca-pub-8787528412751566\" \ndata-ad-slot=\"\" \ndata-ad-format=\"auto\"><\/ins>\n<script> \n(adsbygoogle = window.adsbygoogle || []).push({}); \n<\/script>\n<\/div>\n<h2 class=\"wp-block-heading\">Equipamentos militares russos j\u00e1 foram enviados ao pa\u00eds vizinho e soldados foram treinados para operar os armamentos<\/h2>\n\n\n\n<p>O\u00a0presidente russo, Vladimir Putin, anunciou, nesta sexta-feira (9), a implanta\u00e7\u00e3o de armas nucleares t\u00e1ticas no territ\u00f3rio da vizinha Bielorr\u00fassia a partir de 8 de julho.<\/p>\n\n\n\n<p>&#8220;Como voc\u00eas sabem, nos dias 7 e 8 de julho, ser\u00e1 conclu\u00edda a prepara\u00e7\u00e3o das instala\u00e7\u00f5es correspondentes e iniciaremos imediatamente a implanta\u00e7\u00e3o em seu territ\u00f3rio do armamento correspondente. Portanto, tudo est\u00e1 indo conforme o planejado&#8221;, disse Putin ao se reunir com seu hom\u00f3logo bielorrusso, Aleksandr Lukashenko, na sua resid\u00eancia de ver\u00e3o de Sochi, no mar Negro.<\/p>\n\n\n\n<p>Putin tamb\u00e9m se mostrou aberto a discutir com seu hom\u00f3logo bielorrusso quest\u00f5es relacionadas \u00e0 seguran\u00e7a no contexto da guerra na Ucr\u00e2nia, pa\u00eds que faz fronteira com os dois pa\u00edses.<\/p>\n\n\n\n<p>No fim de maio, Lukashenko anunciou em Moscou o in\u00edcio da transfer\u00eancia de armas nucleares t\u00e1ticas russas ap\u00f3s revelar que Putin j\u00e1 havia assinado o decreto correspondente.<\/p>\n\n\n\n<p>Os ministros da Defesa da R\u00fassia, Serguei Choigu, e da Bielorr\u00fassia, Viktor Jrenin, assinaram h\u00e1 duas semanas em Minsk os documentos que regulam o armazenamento de armas nucleares &#8220;n\u00e3o estrat\u00e9gicas&#8221; no territ\u00f3rio da ex-rep\u00fablica sovi\u00e9tica.<\/p>\n\n\n\n<p>Moscou destacou que o sistema de m\u00edsseis t\u00e1tico-operacionais Iskander-M, capaz de usar m\u00edsseis n\u00e3o apenas em armas convencionais, mas tamb\u00e9m em armas nucleares, j\u00e1 foi entregue \u00e0 Bielorr\u00fassia, que o v\u00ea como &#8220;uma resposta eficaz \u00e0 pol\u00edtica agressiva dos pa\u00edses hostis&#8221;.<\/p>\n\n\n\n<p>&#8220;Alguns dos avi\u00f5es bielorrussos foram convertidos para o poss\u00edvel uso de armas nucleares. Os militares receberam treinamento adequado&#8221;, destacou Choigu.<\/p>\n\n\n\n<p>O ministro russo enfatizou que, embora a R\u00fassia implante armas nucleares n\u00e3o estrat\u00e9gicas no territ\u00f3rio de Belarus, Moscou manter\u00e1 o controle sobre elas e a decis\u00e3o sobre seu eventual uso.<\/p>\n\n\n\n<p>&#8220;A R\u00fassia n\u00e3o transfere armas nucleares para a Rep\u00fablica da Bielorr\u00fassia: o controle sobre elas e a decis\u00e3o de us\u00e1-las permanece com o lado russo&#8221;, enfatizou.<\/p>\n\n\n\n<p>Fonte R7<\/p>\n","protected":false},"excerpt":{"rendered":"<p>Equipamentos militares russos j\u00e1 foram enviados ao pa\u00eds vizinho e soldados foram treinados para operar os armamentos O\u00a0presidente russo, Vladimir Putin, anunciou, nesta sexta-feira (9), a implanta\u00e7\u00e3o de armas nucleares t\u00e1ticas no territ\u00f3rio da vizinha Bielorr\u00fassia a partir de 8 de julho. &#8220;Como voc\u00eas sabem, nos dias 7 e 8 de julho, ser\u00e1 conclu\u00edda a [&hellip;]<\/p>\n","protected":false},"author":8,"featured_media":13684,"comment_status":"closed","ping_status":"open","sticky":false,"template":"","format":"standard","meta":{"rop_custom_images_group":[],"rop_custom_messages_group":[],"rop_publish_now":"initial","rop_publish_now_accounts":[],"rop_publish_now_history":[],"rop_publish_now_status":"pending","footnotes":""},"categories":[212],"tags":[],"class_list":["post-13683","post","type-post","status-publish","format-standard","has-post-thumbnail","hentry","category-internacional"],"amp_enabled":true,"_links":{"self":[{"href":"https:\/\/imais.online\/portal\/wp-json\/wp\/v2\/posts\/13683","targetHints":{"allow":["GET"]}}],"collection":[{"href":"https:\/\/imais.online\/portal\/wp-json\/wp\/v2\/posts"}],"about":[{"href":"https:\/\/imais.online\/portal\/wp-json\/wp\/v2\/types\/post"}],"author":[{"embeddable":true,"href":"https:\/\/imais.online\/portal\/wp-json\/wp\/v2\/users\/8"}],"replies":[{"embeddable":true,"href":"https:\/\/imais.online\/portal\/wp-json\/wp\/v2\/comments?post=13683"}],"version-history":[{"count":1,"href":"https:\/\/imais.online\/portal\/wp-json\/wp\/v2\/posts\/13683\/revisions"}],"predecessor-version":[{"id":13685,"href":"https:\/\/imais.online\/portal\/wp-json\/wp\/v2\/posts\/13683\/revisions\/13685"}],"wp:featuredmedia":[{"embeddable":true,"href":"https:\/\/imais.online\/portal\/wp-json\/wp\/v2\/media\/13684"}],"wp:attachment":[{"href":"https:\/\/imais.online\/portal\/wp-json\/wp\/v2\/media?parent=13683"}],"wp:term":[{"taxonomy":"category","embeddable":true,"href":"https:\/\/imais.online\/portal\/wp-json\/wp\/v2\/categories?post=13683"},{"taxonomy":"post_tag","embeddable":true,"href":"https:\/\/imais.online\/portal\/wp-json\/wp\/v2\/tags?post=13683"}],"curies":[{"name":"wp","href":"https:\/\/api.w.org\/{rel}","templated":true}]}}