{"id":13686,"date":"2023-06-09T16:01:24","date_gmt":"2023-06-09T19:01:24","guid":{"rendered":"https:\/\/imais.online\/portal\/?p=13686"},"modified":"2023-06-09T16:01:26","modified_gmt":"2023-06-09T19:01:26","slug":"fumaca-que-cobriu-nova-york-pode-ser-vista-da-noruega","status":"publish","type":"post","link":"https:\/\/imais.online\/portal\/fumaca-que-cobriu-nova-york-pode-ser-vista-da-noruega\/","title":{"rendered":"Fuma\u00e7a que cobriu Nova York pode ser vista da Noruega"},"content":{"rendered":"<div class=\"imais-before-content-placement\" id=\"imais-3883759475\"><script async src=\"\/\/pagead2.googlesyndication.com\/pagead\/js\/adsbygoogle.js?client=ca-pub-8787528412751566\" crossorigin=\"anonymous\"><\/script><ins class=\"adsbygoogle\" style=\"display:block;\" data-ad-client=\"ca-pub-8787528412751566\" \ndata-ad-slot=\"\" \ndata-ad-format=\"auto\"><\/ins>\n<script> \n(adsbygoogle = window.adsbygoogle || []).push({}); \n<\/script>\n<\/div>\n<h2 class=\"wp-block-heading\">Impacto ambiental de inc\u00eandio no Canad\u00e1 \u00e9 t\u00e3o extenso que consequ\u00eancias est\u00e3o atingindo outros pa\u00edses<\/h2>\n\n\n\n<p>A fuma\u00e7a dos inc\u00eandios florestais que assolam o Canad\u00e1, sem precedentes por sua intensidade, disparou alarmes sanit\u00e1rios e for\u00e7ou o fechamento de escolas e o cancelamento de voos em cidades dos Estados Unidos, chegando at\u00e9 a Noruega.<\/p>\n\n\n\n<p>O epis\u00f3dio de incomum polui\u00e7\u00e3o atmosf\u00e9rica tem consequ\u00eancias concretas na vida da popula\u00e7\u00e3o. Segundo a Ag\u00eancia de Prote\u00e7\u00e3o Ambiental dos Estados Unidos, a EPA, mais de 111 milh\u00f5es de pessoas foram afetadas por alertas de qualidade do ar em grande parte do nordeste do pa\u00eds.<\/p>\n\n\n\n<p>As chamas destru\u00edram cerca de 900.000 hectares de floresta na prov\u00edncia canadense de Quebec desde o in\u00edcio deste ano, segundo a Sociedade para a Prote\u00e7\u00e3o das Florestas contra Inc\u00eandios (SOPFEU). Sua fuma\u00e7a \u00e9 levada para o sul devido \u00e0s condi\u00e7\u00f5es clim\u00e1ticas, mas tamb\u00e9m para o leste, mesmo a milhares de quil\u00f4metros de dist\u00e2ncia.<\/p>\n\n\n\n<p>Concentra\u00e7\u00f5es &#8220;muito baixas&#8221; de part\u00edculas de fuma\u00e7a foram registradas desde segunda-feira especialmente na esta\u00e7\u00e3o de Birkenes, no sul da Noruega, disse \u00e0 AFP o pesquisador Nikolaos Evangeliou, do Instituto Noruegu\u00eas de Pesquisa Clim\u00e1tica e Ambiental (NILU).<\/p>\n\n\n\n<p>No entanto, as medi\u00e7\u00f5es variam e &#8220;n\u00e3o vemos um pico grave ou um aumento significativo [&#8230;], portanto, n\u00e3o vemos um problema ambiental ou um risco sanit\u00e1rio grave&#8221; neste pa\u00eds, disse o pesquisador.<\/p>\n\n\n\n<p>Em Washington, a situa\u00e7\u00e3o na quinta-feira foi ainda pior do que no dia anterior. Um evento para comemorar o m\u00eas do orgulho LGBTQIAP+, que aconteceria na noite de quinta-feira em frente \u00e0 Casa Branca, foi adiado, assim como um jogo profissional de beisebol.<\/p>\n\n\n\n<h3 class=\"wp-block-heading\">&#8220;Nunca vi nada assim&#8221;<\/h3>\n\n\n\n<p>A preocupa\u00e7\u00e3o com os efeitos na sa\u00fade refere-se principalmente a pessoas vulner\u00e1veis, como crian\u00e7as, idosos ou indiv\u00edduos com problemas card\u00edacos ou respirat\u00f3rios.<\/p>\n\n\n\n<p>Os atendimentos de emerg\u00eancia relacionados a ataques de asma aumentaram em Nova York, disse um porta-voz do Departamento de Sa\u00fade da cidade. Mas esse aumento de &#8220;algumas centenas&#8221; de pacientes n\u00e3o sobrecarrega os servi\u00e7os.<\/p>\n\n\n\n<p>Imagens impressionantes de Nova York banhadas em luz laranja circularam na quarta-feira, embora o c\u00e9u tenha clareado no dia seguinte. &#8220;Nunca vi nada assim&#8221;, disse Linda Juliano \u00e0 AFP ao aceitar uma entre os milh\u00f5es de m\u00e1scaras distribu\u00eddas aos nova-iorquinos.<\/p>\n\n\n\n<p>&#8220;Lembrou-me muito do 11 de setembro, ver o c\u00e9u cheio de fuma\u00e7a&#8221;, disse a mulher de 65 anos, descrevendo a polui\u00e7\u00e3o s\u00e9pia como &#8220;aterrorizante&#8221;. O zool\u00f3gico de Washington, assim como os do Bronx e do Central Park, foram fechados, e os alunos das escolas p\u00fablicas de Nova York ter\u00e3o aulas remotas nesta sexta-feira.<\/p>\n\n\n\n<p>Nos aeroportos de Nova York (LaGuardia, Newark) e da Filad\u00e9lfia, os voos sofreram atrasos devido \u00e0 baixa visibilidade, informou a Ag\u00eancia de Avia\u00e7\u00e3o Civil, a FAA.<\/p>\n\n\n\n<h3 class=\"wp-block-heading\">&#8216;Risco Extremo&#8217;<\/h3>\n\n\n\n<p><br>Os inc\u00eandios no Canad\u00e1, agora concentrados em Quebec, queimaram quase 3,8 milh\u00f5es de hectares neste ano. Desde janeiro, foi registrado o dobro de novos focos em compara\u00e7\u00e3o \u00e0 m\u00e9dia deste per\u00edodo nos \u00faltimos dez anos.<\/p>\n\n\n\n<p>Quebec relatou mais de 150 inc\u00eandios ativos na quinta-feira, quase 90 deles fora de controle. Mais de 12 mil pessoas foram resgatadas. As autoridades esperam mais refor\u00e7os dos Estados Unidos, da Fran\u00e7a e de Portugal nas pr\u00f3ximas horas e dias.<\/p>\n\n\n\n<p>A situa\u00e7\u00e3o continua preocupante em muitas regi\u00f5es, disse Stephane Caron, da SOPFEU. &#8220;Estamos apenas no in\u00edcio da temporada de inc\u00eandios. Estamos entrando no per\u00edodo em que os inc\u00eandios maiores geralmente come\u00e7am a ocorrer em Quebec&#8221;, afirmou.<\/p>\n\n\n\n<p>As autoridades do oeste de Quebec classificam o risco de novos focos como &#8220;extremo&#8221;. Esses inc\u00eandios s\u00e3o de alta intensidade e se espalham rapidamente, tornando muito dif\u00edcil para os bombeiros det\u00ea-los, acrescentaram.<\/p>\n\n\n\n<p>Fonte R7<\/p>\n","protected":false},"excerpt":{"rendered":"<p>Impacto ambiental de inc\u00eandio no Canad\u00e1 \u00e9 t\u00e3o extenso que consequ\u00eancias est\u00e3o atingindo outros pa\u00edses A fuma\u00e7a dos inc\u00eandios florestais que assolam o Canad\u00e1, sem precedentes por sua intensidade, disparou alarmes sanit\u00e1rios e for\u00e7ou o fechamento de escolas e o cancelamento de voos em cidades dos Estados Unidos, chegando at\u00e9 a Noruega. O epis\u00f3dio de [&hellip;]<\/p>\n","protected":false},"author":8,"featured_media":13687,"comment_status":"closed","ping_status":"open","sticky":false,"template":"","format":"standard","meta":{"rop_custom_images_group":[],"rop_custom_messages_group":[],"rop_publish_now":"initial","rop_publish_now_accounts":[],"rop_publish_now_history":[],"rop_publish_now_status":"pending","footnotes":""},"categories":[212],"tags":[],"class_list":["post-13686","post","type-post","status-publish","format-standard","has-post-thumbnail","hentry","category-internacional"],"amp_enabled":true,"_links":{"self":[{"href":"https:\/\/imais.online\/portal\/wp-json\/wp\/v2\/posts\/13686","targetHints":{"allow":["GET"]}}],"collection":[{"href":"https:\/\/imais.online\/portal\/wp-json\/wp\/v2\/posts"}],"about":[{"href":"https:\/\/imais.online\/portal\/wp-json\/wp\/v2\/types\/post"}],"author":[{"embeddable":true,"href":"https:\/\/imais.online\/portal\/wp-json\/wp\/v2\/users\/8"}],"replies":[{"embeddable":true,"href":"https:\/\/imais.online\/portal\/wp-json\/wp\/v2\/comments?post=13686"}],"version-history":[{"count":1,"href":"https:\/\/imais.online\/portal\/wp-json\/wp\/v2\/posts\/13686\/revisions"}],"predecessor-version":[{"id":13688,"href":"https:\/\/imais.online\/portal\/wp-json\/wp\/v2\/posts\/13686\/revisions\/13688"}],"wp:featuredmedia":[{"embeddable":true,"href":"https:\/\/imais.online\/portal\/wp-json\/wp\/v2\/media\/13687"}],"wp:attachment":[{"href":"https:\/\/imais.online\/portal\/wp-json\/wp\/v2\/media?parent=13686"}],"wp:term":[{"taxonomy":"category","embeddable":true,"href":"https:\/\/imais.online\/portal\/wp-json\/wp\/v2\/categories?post=13686"},{"taxonomy":"post_tag","embeddable":true,"href":"https:\/\/imais.online\/portal\/wp-json\/wp\/v2\/tags?post=13686"}],"curies":[{"name":"wp","href":"https:\/\/api.w.org\/{rel}","templated":true}]}}