{"id":13695,"date":"2023-06-10T15:46:35","date_gmt":"2023-06-10T18:46:35","guid":{"rendered":"https:\/\/imais.online\/portal\/?p=13695"},"modified":"2023-06-10T15:46:37","modified_gmt":"2023-06-10T18:46:37","slug":"criancas-resgatadas-apos-40-dias-perdidas-na-amazonia-colombiana-se-recuperam-em-hospital-militar","status":"publish","type":"post","link":"https:\/\/imais.online\/portal\/criancas-resgatadas-apos-40-dias-perdidas-na-amazonia-colombiana-se-recuperam-em-hospital-militar\/","title":{"rendered":"Crian\u00e7as resgatadas ap\u00f3s 40 dias perdidas na Amaz\u00f4nia colombiana se recuperam em hospital militar"},"content":{"rendered":"<div class=\"imais-before-content-placement\" id=\"imais-3419129986\"><script async src=\"\/\/pagead2.googlesyndication.com\/pagead\/js\/adsbygoogle.js?client=ca-pub-8787528412751566\" crossorigin=\"anonymous\"><\/script><ins class=\"adsbygoogle\" style=\"display:block;\" data-ad-client=\"ca-pub-8787528412751566\" \ndata-ad-slot=\"\" \ndata-ad-format=\"auto\"><\/ins>\n<script> \n(adsbygoogle = window.adsbygoogle || []).push({}); \n<\/script>\n<\/div>\n<h2 class=\"wp-block-heading\">Os quatro irm\u00e3os foram retirados da selva de helic\u00f3ptero e depois foram para a capital Bogot\u00e1 de avi\u00e3o<\/h2>\n\n\n\n<p>As\u00a0quatro crian\u00e7as ind\u00edgenas resgatadas da Amaz\u00f4nia colombiana\u00a0depois de sobreviverem a um acidente a\u00e9reo e passarem 40 dias desaparecidas est\u00e3o se recuperando no Hospital Militar Central (HMC) em Bogot\u00e1, para onde foram levadas na madrugada deste s\u00e1bado.<\/p>\n\n\n\n<p>As crian\u00e7as foram resgatadas na noite de sexta-feira (9) da selva em helic\u00f3ptero da For\u00e7a A\u00e9rea Colombiana (FAC) que as levou para San Jos\u00e9 del Guaviare, capital do departamento de Guaviare, onde um avi\u00e3o C-295 configurado como uma ambul\u00e2ncia as recolheu e transportou para a capital colombiana.<\/p>\n\n\n\n<p>No avi\u00e3o, Lesly Mukutuy, de 13 anos, e seus irm\u00e3os Soleiny Mukutuy, de nove, Tien Noriel Ronoque Mukutuy, de quatro, e Cristin Neruman Ranoque, uma beb\u00ea de um ano, receberam assist\u00eancia m\u00e9dica.<\/p>\n\n\n\n<p>Ap\u00f3s serem retiradas da selva em um helic\u00f3ptero da For\u00e7a A\u00e9rea da Col\u00f4mbia, os quatro foram levados para a capital Bogot\u00e1 a bordo de um avi\u00e3o.<\/p>\n\n\n\n<p>Em v\u00eddeo divulgado pelas autoridades colombianas, as crian\u00e7as aparecem deitadas no ch\u00e3o da aeronave enquanto os m\u00e9dicos militares oferecem medicamentos e solu\u00e7\u00e3o de reidrata\u00e7\u00e3o oral para hidrat\u00e1-las.<\/p>\n\n\n\n<p>&#8220;Acabei de olhar para os netos e sei que vai ficar tudo bem&#8221;, disse Fidencio Valencia Mucutui, tio-av\u00f4 das crian\u00e7as, aos jornalistas \u00e0 porta do HMC.<\/p>\n\n\n\n<p>O acidente ocorreu no dia 1\u00ba de maio, quando um avi\u00e3o Cessna 206 operado pela empresa Avianline Charter, no qual viajavam as quatro crian\u00e7as com a m\u00e3e, outro adulto e o piloto, caiu na selva amaz\u00f4nica colombiana, entre os departamentos de Caquet\u00e1 e Guaviare.<\/p>\n\n\n\n<p>Quinze dias depois, as autoridades encontraram o avi\u00e3o destro\u00e7ado e os corpos dos tr\u00eas adultos no interior, mas n\u00e3o encontraram vest\u00edgios das crian\u00e7as e lan\u00e7aram a &#8220;Opera\u00e7\u00e3o Esperan\u00e7a&#8221;, que mobilizou mais de 200 militares e ind\u00edgenas na selva em busca das crian\u00e7as. Na sexta-feira, o 40\u00ba dia ap\u00f3s o acidente, as quatro crian\u00e7as foram encontradas em uma zona remota da floresta.<\/p>\n\n\n\n<p>O Hospital Militar Central ainda n\u00e3o deu um relat\u00f3rio sobre o estado de sa\u00fade das quatro crian\u00e7as, que ser\u00e3o visitadas neste s\u00e1bado pelo presidente colombiano, Gustavo Petro.<\/p>\n\n\n\n<p>Fonte R7<\/p>\n","protected":false},"excerpt":{"rendered":"<p>Os quatro irm\u00e3os foram retirados da selva de helic\u00f3ptero e depois foram para a capital Bogot\u00e1 de avi\u00e3o As\u00a0quatro crian\u00e7as ind\u00edgenas resgatadas da Amaz\u00f4nia colombiana\u00a0depois de sobreviverem a um acidente a\u00e9reo e passarem 40 dias desaparecidas est\u00e3o se recuperando no Hospital Militar Central (HMC) em Bogot\u00e1, para onde foram levadas na madrugada deste s\u00e1bado. As [&hellip;]<\/p>\n","protected":false},"author":8,"featured_media":13696,"comment_status":"closed","ping_status":"open","sticky":false,"template":"","format":"standard","meta":{"rop_custom_images_group":[],"rop_custom_messages_group":[],"rop_publish_now":"initial","rop_publish_now_accounts":[],"rop_publish_now_history":[],"rop_publish_now_status":"pending","footnotes":""},"categories":[212],"tags":[73],"class_list":["post-13695","post","type-post","status-publish","format-standard","has-post-thumbnail","hentry","category-internacional","tag-featured"],"amp_enabled":true,"_links":{"self":[{"href":"https:\/\/imais.online\/portal\/wp-json\/wp\/v2\/posts\/13695","targetHints":{"allow":["GET"]}}],"collection":[{"href":"https:\/\/imais.online\/portal\/wp-json\/wp\/v2\/posts"}],"about":[{"href":"https:\/\/imais.online\/portal\/wp-json\/wp\/v2\/types\/post"}],"author":[{"embeddable":true,"href":"https:\/\/imais.online\/portal\/wp-json\/wp\/v2\/users\/8"}],"replies":[{"embeddable":true,"href":"https:\/\/imais.online\/portal\/wp-json\/wp\/v2\/comments?post=13695"}],"version-history":[{"count":1,"href":"https:\/\/imais.online\/portal\/wp-json\/wp\/v2\/posts\/13695\/revisions"}],"predecessor-version":[{"id":13697,"href":"https:\/\/imais.online\/portal\/wp-json\/wp\/v2\/posts\/13695\/revisions\/13697"}],"wp:featuredmedia":[{"embeddable":true,"href":"https:\/\/imais.online\/portal\/wp-json\/wp\/v2\/media\/13696"}],"wp:attachment":[{"href":"https:\/\/imais.online\/portal\/wp-json\/wp\/v2\/media?parent=13695"}],"wp:term":[{"taxonomy":"category","embeddable":true,"href":"https:\/\/imais.online\/portal\/wp-json\/wp\/v2\/categories?post=13695"},{"taxonomy":"post_tag","embeddable":true,"href":"https:\/\/imais.online\/portal\/wp-json\/wp\/v2\/tags?post=13695"}],"curies":[{"name":"wp","href":"https:\/\/api.w.org\/{rel}","templated":true}]}}