{"id":13701,"date":"2023-06-10T16:12:17","date_gmt":"2023-06-10T19:12:17","guid":{"rendered":"https:\/\/imais.online\/portal\/?p=13701"},"modified":"2023-06-10T16:12:20","modified_gmt":"2023-06-10T19:12:20","slug":"aviao-com-teto-transparente-e-a-nova-aposta-de-empresa-aeroespacial","status":"publish","type":"post","link":"https:\/\/imais.online\/portal\/aviao-com-teto-transparente-e-a-nova-aposta-de-empresa-aeroespacial\/","title":{"rendered":"Avi\u00e3o com teto transparente \u00e9 a nova aposta de empresa aeroespacial"},"content":{"rendered":"<div class=\"imais-before-content-placement\" id=\"imais-1473540320\"><script async src=\"\/\/pagead2.googlesyndication.com\/pagead\/js\/adsbygoogle.js?client=ca-pub-8787528412751566\" crossorigin=\"anonymous\"><\/script><ins class=\"adsbygoogle\" style=\"display:block;\" data-ad-client=\"ca-pub-8787528412751566\" \ndata-ad-slot=\"\" \ndata-ad-format=\"auto\"><\/ins>\n<script> \n(adsbygoogle = window.adsbygoogle || []).push({}); \n<\/script>\n<\/div>\n<h2 class=\"wp-block-heading\">Novas cabines s\u00e3o conhecidas como Airspace Cabin Vision 2035+, e ser\u00e3o integradas \u00e0s aeronaves A220, da Airbus<\/h2>\n\n\n\n<p>O projeto de um avi\u00e3o com teto transparente foi anunciado pela Airbus durante\u00a0a Aircraft Interiors Expo \u2014 considerada a maior feira especializada em interiores de aeronaves do planeta \u2014, que aconteceu entre os dias 6 e 8 de junho, na cidade de Hamburgo, Alemanha. As informa\u00e7\u00f5es sobre o conceito tamb\u00e9m constam no site oficial da empresa europeia.<\/p>\n\n\n\n<figure class=\"wp-block-image\"><img decoding=\"async\" src=\"https:\/\/img.r7.com\/images\/aviao-teto-transparente-cabine-airspace-airbus-09062023170603409?dimensions=771x420&amp;no_crop=true\" alt=\"O Airspace Cabin Vision 2035+, como as novas cabines s\u00e3o chamadas, ser\u00e1 destinado a avi\u00f5es da fam\u00edlia A220\" title=\"O Airspace Cabin Vision 2035+, como as novas cabines s\u00e3o chamadas, ser\u00e1 destinado a avi\u00f5es da fam\u00edlia A220\"\/><figcaption>Divulga\u00e7\u00e3o\/Airbus<\/figcaption><\/figure>\n\n\n\n<p>O Airspace Cabin Vision 2035+, como as novas cabines s\u00e3o chamadas, ser\u00e1 destinado a avi\u00f5es da fam\u00edlia A220<\/p>\n\n\n\n<p><\/p>\n\n\n\n<figure class=\"wp-block-image\"><img decoding=\"async\" src=\"https:\/\/img.r7.com\/images\/aviao-teto-transparente-cabine-airspace-airbus-09062023170603146?dimensions=771x420&amp;no_crop=true\" alt=\"A proposta vai al\u00e9m da est\u00e9tica futur\u00edstica. Ela tamb\u00e9m entra no planejamento da empresa de reduzir de 10% a 20% o impacto ambiental gerado por uma avi\u00e3o ao longo da vida \u00fatilBombou em TEC!\u00a0\u00d3culos da Apple vai bem como meme, al\u00e9m de ser 'perfeito para 90% da Turma da M\u00f4nica'\" title=\"A proposta vai al\u00e9m da est\u00e9tica futur\u00edstica. Ela tamb\u00e9m entra no planejamento da empresa de reduzir de 10% a 20% o impacto ambiental gerado por uma avi\u00e3o ao longo da vida \u00fatilBombou em TEC!\u00a0\u00d3culos da Apple vai bem como meme, al\u00e9m de ser 'perfeito para 90% da Turma da M\u00f4nica'\"\/><figcaption>Divulga\u00e7\u00e3o\/Airbus<\/figcaption><\/figure>\n\n\n\n<p>A proposta vai al\u00e9m da est\u00e9tica futur\u00edstica. Ela tamb\u00e9m entra no planejamento da empresa de reduzir de 10% a 20% o impacto ambiental gerado por uma avi\u00e3o ao longo da vida \u00fatil<\/p>\n\n\n\n<figure class=\"wp-block-image\"><img decoding=\"async\" src=\"https:\/\/img.r7.com\/images\/aviao-teto-transparente-cabine-airspace-airbus-09062023170603270?dimensions=771x420&amp;no_crop=true\" alt=\"As novas cabines ser\u00e3o produzidas por impress\u00e3o 3D, com materiais org\u00e2nicos dispon\u00edveis de forma renov\u00e1vel ou recorrente (recursos da biomassa), al\u00e9m de pol\u00edmeros reciclados\" title=\"As novas cabines ser\u00e3o produzidas por impress\u00e3o 3D, com materiais org\u00e2nicos dispon\u00edveis de forma renov\u00e1vel ou recorrente (recursos da biomassa), al\u00e9m de pol\u00edmeros reciclados\"\/><figcaption>Divulga\u00e7\u00e3o\/Airbus<\/figcaption><\/figure>\n\n\n\n<p>As novas cabines ser\u00e3o produzidas por impress\u00e3o 3D, com materiais org\u00e2nicos dispon\u00edveis de forma renov\u00e1vel ou recorrente (recursos da biomassa), al\u00e9m de pol\u00edmeros reciclados<\/p>\n\n\n\n<p><\/p>\n\n\n\n<figure class=\"wp-block-image\"><img decoding=\"async\" src=\"https:\/\/img.r7.com\/images\/aviao-teto-transparente-cabine-airspace-airbus-09062023170602840?dimensions=771x420&amp;no_crop=true\" alt=\"O projeto est\u00e1 dividido em tr\u00eas etapas. At\u00e9 2025, a Airbus quer dar mais transpar\u00eancia ao p\u00fablico sobre o impacto ambiental das pe\u00e7as que utiliza e das opera\u00e7\u00f5es conduzidas pela empresa, al\u00e9m de ampliar o leque de op\u00e7\u00f5es que oferece com emiss\u00e3o de carbono reduzidaVeja tamb\u00e9m:\u00a0Elon Musk \u00e9 retratado por IA aos beijos com rob\u00f4s femininos\" title=\"O projeto est\u00e1 dividido em tr\u00eas etapas. At\u00e9 2025, a Airbus quer dar mais transpar\u00eancia ao p\u00fablico sobre o impacto ambiental das pe\u00e7as que utiliza e das opera\u00e7\u00f5es conduzidas pela empresa, al\u00e9m de ampliar o leque de op\u00e7\u00f5es que oferece com emiss\u00e3o de carbono reduzidaVeja tamb\u00e9m:\u00a0Elon Musk \u00e9 retratado por IA aos beijos com rob\u00f4s femininos\"\/><figcaption>Divulga\u00e7\u00e3o\/Airbus<\/figcaption><\/figure>\n\n\n\n<p>O projeto est\u00e1 dividido em tr\u00eas etapas. At\u00e9 2025, a Airbus quer dar mais transpar\u00eancia ao p\u00fablico sobre o impacto ambiental das pe\u00e7as que utiliza e das opera\u00e7\u00f5es conduzidas pela empresa, al\u00e9m de ampliar o leque de op\u00e7\u00f5es que oferece com emiss\u00e3o de carbono reduzida.<\/p>\n\n\n\n<figure class=\"wp-block-image\"><img decoding=\"async\" src=\"https:\/\/img.r7.com\/images\/aviao-teto-transparente-cabine-airspace-airbus-09062023170602961?dimensions=771x420&amp;no_crop=true\" alt=\"J\u00e1 os designs apresentados ser\u00e3o introduzidos nas aeronaves a partir de 2030. Por \u00faltimo, em 2035, a proposta ser\u00e1 finalizada com a introdu\u00e7\u00e3o dos materiais utilizados nas novas cabines em sistema pleno de economia circular \u2014\u00a0conceito que associa desenvolvimento econ\u00f4mico a um melhor uso de recursos naturaisN\u00e3o saia da\u00ed!\u00a0Conhe\u00e7a as falhas geol\u00f3gicas que podem causar os terremotos mais devastadores do planeta\" title=\"J\u00e1 os designs apresentados ser\u00e3o introduzidos nas aeronaves a partir de 2030. Por \u00faltimo, em 2035, a proposta ser\u00e1 finalizada com a introdu\u00e7\u00e3o dos materiais utilizados nas novas cabines em sistema pleno de economia circular \u2014\u00a0conceito que associa desenvolvimento econ\u00f4mico a um melhor uso de recursos naturaisN\u00e3o saia da\u00ed!\u00a0Conhe\u00e7a as falhas geol\u00f3gicas que podem causar os terremotos mais devastadores do planeta\"\/><figcaption>Divulga\u00e7\u00e3o\/Airbus<\/figcaption><\/figure>\n\n\n\n<p>J\u00e1 os designs apresentados ser\u00e3o introduzidos nas aeronaves a partir de 2030. Por \u00faltimo, em 2035, a proposta ser\u00e1 finalizada com a introdu\u00e7\u00e3o dos materiais utilizados nas novas cabines em sistema pleno de economia circular \u2014\u00a0conceito que associa desenvolvimento econ\u00f4mico a um melhor uso de recursos naturais.<\/p>\n\n\n\n<p>Fonte R7<\/p>\n","protected":false},"excerpt":{"rendered":"<p>Novas cabines s\u00e3o conhecidas como Airspace Cabin Vision 2035+, e ser\u00e3o integradas \u00e0s aeronaves A220, da Airbus O projeto de um avi\u00e3o com teto transparente foi anunciado pela Airbus durante\u00a0a Aircraft Interiors Expo \u2014 considerada a maior feira especializada em interiores de aeronaves do planeta \u2014, que aconteceu entre os dias 6 e 8 de [&hellip;]<\/p>\n","protected":false},"author":8,"featured_media":13702,"comment_status":"closed","ping_status":"open","sticky":false,"template":"","format":"standard","meta":{"rop_custom_images_group":[],"rop_custom_messages_group":[],"rop_publish_now":"initial","rop_publish_now_accounts":[],"rop_publish_now_history":[],"rop_publish_now_status":"pending","footnotes":""},"categories":[212],"tags":[],"class_list":["post-13701","post","type-post","status-publish","format-standard","has-post-thumbnail","hentry","category-internacional"],"amp_enabled":true,"_links":{"self":[{"href":"https:\/\/imais.online\/portal\/wp-json\/wp\/v2\/posts\/13701","targetHints":{"allow":["GET"]}}],"collection":[{"href":"https:\/\/imais.online\/portal\/wp-json\/wp\/v2\/posts"}],"about":[{"href":"https:\/\/imais.online\/portal\/wp-json\/wp\/v2\/types\/post"}],"author":[{"embeddable":true,"href":"https:\/\/imais.online\/portal\/wp-json\/wp\/v2\/users\/8"}],"replies":[{"embeddable":true,"href":"https:\/\/imais.online\/portal\/wp-json\/wp\/v2\/comments?post=13701"}],"version-history":[{"count":1,"href":"https:\/\/imais.online\/portal\/wp-json\/wp\/v2\/posts\/13701\/revisions"}],"predecessor-version":[{"id":13703,"href":"https:\/\/imais.online\/portal\/wp-json\/wp\/v2\/posts\/13701\/revisions\/13703"}],"wp:featuredmedia":[{"embeddable":true,"href":"https:\/\/imais.online\/portal\/wp-json\/wp\/v2\/media\/13702"}],"wp:attachment":[{"href":"https:\/\/imais.online\/portal\/wp-json\/wp\/v2\/media?parent=13701"}],"wp:term":[{"taxonomy":"category","embeddable":true,"href":"https:\/\/imais.online\/portal\/wp-json\/wp\/v2\/categories?post=13701"},{"taxonomy":"post_tag","embeddable":true,"href":"https:\/\/imais.online\/portal\/wp-json\/wp\/v2\/tags?post=13701"}],"curies":[{"name":"wp","href":"https:\/\/api.w.org\/{rel}","templated":true}]}}