{"id":13771,"date":"2023-06-14T15:11:36","date_gmt":"2023-06-14T18:11:36","guid":{"rendered":"https:\/\/imais.online\/portal\/?p=13771"},"modified":"2023-06-14T15:11:38","modified_gmt":"2023-06-14T18:11:38","slug":"celine-dion-nunca-mais-voltara-aos-palcos-devido-a-doenca-rara-diz-revista","status":"publish","type":"post","link":"https:\/\/imais.online\/portal\/celine-dion-nunca-mais-voltara-aos-palcos-devido-a-doenca-rara-diz-revista\/","title":{"rendered":"C\u00e9line Dion nunca mais voltar\u00e1 aos palcos devido \u00e0 doen\u00e7a rara, diz revista"},"content":{"rendered":"<div class=\"imais-before-content-placement\" id=\"imais-2214701941\"><script async src=\"\/\/pagead2.googlesyndication.com\/pagead\/js\/adsbygoogle.js?client=ca-pub-8787528412751566\" crossorigin=\"anonymous\"><\/script><ins class=\"adsbygoogle\" style=\"display:block;\" data-ad-client=\"ca-pub-8787528412751566\" \ndata-ad-slot=\"\" \ndata-ad-format=\"auto\"><\/ins>\n<script> \n(adsbygoogle = window.adsbygoogle || []).push({}); \n<\/script>\n<\/div>\n<p><a rel=\"noreferrer noopener\" target=\"_blank\" href=\"https:\/\/revistaquem.globo.com\/noticias\/noticia\/2023\/06\/celine-dion-mal-se-move-devido-a-doenca-neurologica-rara-diz-revista.ghtml\"><\/a><\/p>\n\n\n\n<h2 class=\"wp-block-heading\">Cantora de 55 anos foi diagnostica com s\u00edndrome de stiff-person, que causa rigidez extrema; ela n\u00e3o deve voltar aos palcos mais<\/h2>\n\n\n\n<p>A cantora\u00a0Celin\u00e9 Dion, de 55 anos, teve uma piora em seu estado de sa\u00fade e provavelmente nunca mais voltar\u00e1 aos palcos, segundo o site\u00a0<em>RadarOnline<\/em>. Ela revelou no ano passado que tinha sido\u00a0diagnosticada com a s\u00edndrome de stiff-person\u00a0(s\u00edndrome da pessoa r\u00edgida), doen\u00e7a neurol\u00f3gica rara que causa rigidez nos m\u00fasculos e espasmos dolorosos, deixando a pessoa &#8220;dura&#8221;.<\/p>\n\n\n\n<p>De acordo com a revista R<em>adar<\/em>, C\u00e9line n\u00e3o est\u00e1 conseguindo recuperar os movimentos ou ainda retardar a doen\u00e7a. &#8220;Para ser honesto, ela mal consegue se mexer&#8221;, disse uma fonte da publica\u00e7\u00e3o. &#8220;C\u00e9line est\u00e1 com muita dor. Ela tem a melhor equipe m\u00e9dica que o dinheiro pode comprar, mas as coisas n\u00e3o parecem boas. Sua doen\u00e7a \u00e9 incur\u00e1vel. E por mais que ela tenha trabalhado nisso com m\u00e9dicos e terapeutas, ela simplesmente n\u00e3o est\u00e1 melhorando\u201d, afirmou a fonte.<\/p>\n\n\n\n<p><strong>SUCESSO MUSICAL<\/strong><\/p>\n\n\n\n<p>Considerada uma das maiores cantoras do mundo, C\u00e9line Dion \u00e9 conhecida por can\u00e7\u00f5es como\u00a0<em>My Heart Will Go On<\/em>, do filme<em>\u00a0Titanic<\/em>,\u00a0<em>All By Myself<\/em>,\u00a0<em>Because You Loved Me<\/em>\u00a0e\u00a0<em>It&#8217;s All Coming Back To Me Now<\/em>. Ao longo de sua carreira, a artista conquistou 5 pr\u00eamios Grammy e vendeu mais de 200 milh\u00f5es de discos.<\/p>\n\n\n\n<p><strong>O QUE \u00c9 A S\u00cdNDROME DE STIFF-PERSON, QUE AFETA C\u00c9LINE DION<\/strong><\/p>\n\n\n\n<p>A s\u00edndrome da pessoa r\u00edgida causa rigidez muscular que piora gradualmente. Os m\u00fasculos se tornam cada vez mais r\u00edgidos e aumentam de tamanho, come\u00e7ando no tronco e no abd\u00f4men, mas posteriormente afetando os m\u00fasculos do corpo todo. A confirma\u00e7\u00e3o do diagn\u00f3stico \u00e9 feita com base nos sintomas, com uso de eletromiografia e exames de sangue. O tratamento \u00e9 focado no al\u00edvio dos sintomas. N\u00e3o h\u00e1 cura para a doen\u00e7a.<\/p>\n\n\n\n<p>A cantora\u00a0vendeu sua mans\u00e3o em Las Vegas, onde ela fez shows durante anos e est\u00e1 voltando para o Canad\u00e1, onde vive sua fam\u00edlia. \u201cCeline tem 11 irm\u00e3os e irm\u00e3s morando no Canad\u00e1. \u00c9 um sistema de apoio incr\u00edvel e amoroso para ela durante um per\u00edodo de crise pessoal&#8221;, afirmou uma das pessoas do c\u00edrculo da cantora.<\/p>\n\n\n\n<p>C\u00e9line tem tr\u00eas filhos,&nbsp;<strong>Ren\u00e9-Charles<\/strong>, de 21, e os g\u00eameos&nbsp;<strong>Nelson<\/strong>&nbsp;e Eddy, de 11, que ela teve com o marido, o produtor musical Ren\u00e9 Ang\u00e9lil, que morreu em 2016.<\/p>\n\n\n\n<p>Fonte Revista Quem<\/p>\n\n\n\n<p><\/p>\n\n\n\n<h2 class=\"wp-block-heading\" id=\"h-celine-dion-esta-lidando-com-problemas-de-mobilidade-por-conta-de-doenca-rara-revela-revista-fazendo-tudo-o-que-pode\"><\/h2>\n","protected":false},"excerpt":{"rendered":"<p>Cantora de 55 anos foi diagnostica com s\u00edndrome de stiff-person, que causa rigidez extrema; ela n\u00e3o deve voltar aos palcos mais A cantora\u00a0Celin\u00e9 Dion, de 55 anos, teve uma piora em seu estado de sa\u00fade e provavelmente nunca mais voltar\u00e1 aos palcos, segundo o site\u00a0RadarOnline. Ela revelou no ano passado que tinha sido\u00a0diagnosticada com a [&hellip;]<\/p>\n","protected":false},"author":8,"featured_media":13772,"comment_status":"closed","ping_status":"open","sticky":false,"template":"","format":"standard","meta":{"rop_custom_images_group":[],"rop_custom_messages_group":[],"rop_publish_now":"initial","rop_publish_now_accounts":[],"rop_publish_now_history":[],"rop_publish_now_status":"pending","footnotes":""},"categories":[212],"tags":[],"class_list":["post-13771","post","type-post","status-publish","format-standard","has-post-thumbnail","hentry","category-internacional"],"amp_enabled":true,"_links":{"self":[{"href":"https:\/\/imais.online\/portal\/wp-json\/wp\/v2\/posts\/13771","targetHints":{"allow":["GET"]}}],"collection":[{"href":"https:\/\/imais.online\/portal\/wp-json\/wp\/v2\/posts"}],"about":[{"href":"https:\/\/imais.online\/portal\/wp-json\/wp\/v2\/types\/post"}],"author":[{"embeddable":true,"href":"https:\/\/imais.online\/portal\/wp-json\/wp\/v2\/users\/8"}],"replies":[{"embeddable":true,"href":"https:\/\/imais.online\/portal\/wp-json\/wp\/v2\/comments?post=13771"}],"version-history":[{"count":1,"href":"https:\/\/imais.online\/portal\/wp-json\/wp\/v2\/posts\/13771\/revisions"}],"predecessor-version":[{"id":13773,"href":"https:\/\/imais.online\/portal\/wp-json\/wp\/v2\/posts\/13771\/revisions\/13773"}],"wp:featuredmedia":[{"embeddable":true,"href":"https:\/\/imais.online\/portal\/wp-json\/wp\/v2\/media\/13772"}],"wp:attachment":[{"href":"https:\/\/imais.online\/portal\/wp-json\/wp\/v2\/media?parent=13771"}],"wp:term":[{"taxonomy":"category","embeddable":true,"href":"https:\/\/imais.online\/portal\/wp-json\/wp\/v2\/categories?post=13771"},{"taxonomy":"post_tag","embeddable":true,"href":"https:\/\/imais.online\/portal\/wp-json\/wp\/v2\/tags?post=13771"}],"curies":[{"name":"wp","href":"https:\/\/api.w.org\/{rel}","templated":true}]}}