{"id":13777,"date":"2023-06-15T09:06:53","date_gmt":"2023-06-15T12:06:53","guid":{"rendered":"https:\/\/imais.online\/portal\/?p=13777"},"modified":"2023-06-15T09:06:55","modified_gmt":"2023-06-15T12:06:55","slug":"jota-quest-volta-a-viajar-o-brasil-com-a-turne-jota25-de-volta-ao-novo-e-se-apresenta-em-campinas","status":"publish","type":"post","link":"https:\/\/imais.online\/portal\/jota-quest-volta-a-viajar-o-brasil-com-a-turne-jota25-de-volta-ao-novo-e-se-apresenta-em-campinas\/","title":{"rendered":"Jota Quest volta a viajar o Brasil com a turn\u00ea &#8220;JOTA25 &#8211; De Volta ao Novo&#8221; e se apresenta em Campinas"},"content":{"rendered":"<div class=\"imais-before-content-placement\" id=\"imais-1849556683\"><script async src=\"\/\/pagead2.googlesyndication.com\/pagead\/js\/adsbygoogle.js?client=ca-pub-8787528412751566\" crossorigin=\"anonymous\"><\/script><ins class=\"adsbygoogle\" style=\"display:block;\" data-ad-client=\"ca-pub-8787528412751566\" \ndata-ad-slot=\"\" \ndata-ad-format=\"auto\"><\/ins>\n<script> \n(adsbygoogle = window.adsbygoogle || []).push({}); \n<\/script>\n<\/div>\n<p>Depois de seis meses de shows esgotados por todo o Brasil, o <strong>Jota Quest<\/strong> anuncia hoje uma agenda de novas apresenta\u00e7\u00f5es nas principais cidades do pa\u00eds da turn\u00ea \u201cJota25 \u2013 De Volta ao Novo\u201d, em parceria com a Opus Entretenimento. Entre as datas, a banda mineira sobe ao palco do <strong>Royal Palm Hall<\/strong>, no dia 24 de junho.<\/p>\n\n\n\n<p>\u201cH\u00e1 25 anos a gente vive esse lindo sonho acordados. O lance de ter uma banda e sair por a\u00ed tocando e cantando can\u00e7\u00f5es, em si, j\u00e1 seria muito incr\u00edvel, mas a energia que a gente est\u00e1 recebendo da galera n\u00e3o tem explica\u00e7\u00e3o\u201d, comemora Flausino. \u201cPor isso resolvemos estender a turn\u00ea e registrar um destes grandes shows. Ser\u00e1 o maior presente de anivers\u00e1rio de nossas vidas, e desde j\u00e1, agradecemos geral.\u201d completa.<\/p>\n\n\n\n<p>Para o repert\u00f3rio, Flausino, Marco T\u00falio, PJ, Buzelin e Paulinho, escolheram 25 grandes sucessos que seguem embalando a vida de boa parte dos brasileiros nessas \u00faltimas duas d\u00e9cadas e meia, como F\u00e1cil, Dias Melhores, Na Moral, Amor Maior, Encontrar Algu\u00e9m e S\u00f3 Hoje, al\u00e9m de singles recentes como A Voz do Cora\u00e7\u00e3o, Imprevis\u00edvel e Te Ver Superar. A dire\u00e7\u00e3o musical do show est\u00e1 a cargo da pr\u00f3pria banda em parceria com o m\u00fasico e produtor paulistano Renato Galozzi.<\/p>\n\n\n\n<p>A dire\u00e7\u00e3o geral do espet\u00e1culo \u00e9 de F\u00e1bio de Lucena, a dire\u00e7\u00e3o criativa da turn\u00ea \u00e9 de Rafael Conde, roteiros de Eduardo Rios, produ\u00e7\u00e3o audiovisual do Studio Curva, ilumina\u00e7\u00e3o de Carlinhos Nogueira e cen\u00e1rios do renomado Z\u00e9 Carratu.<\/p>\n\n\n\n<p>Ap\u00f3s estreias sold out em S\u00e3o Paulo, Rio de Janeiro e Porto Alegre, a \u201cJOTA25\u201d passou ainda pelo palco mundo do Rock in Rio, em noite hist\u00f3rica, seguindo tamb\u00e9m para Curitiba, Salvador, Vit\u00f3ria, Belo Horizonte, Fortaleza, Natal, Bras\u00edlia, Goi\u00e2nia, Cuiab\u00e1, Florian\u00f3polis e Miami (EUA).<\/p>\n\n\n\n<p>Paralelamente \u00e0 turn\u00ea, a banda se prepara para o lan\u00e7amento de mais um \u00e1lbum de in\u00e9ditas, o 10\u00ba da carreira, tamb\u00e9m para o primeiro semestre de 2023, desta vez, com produ\u00e7\u00e3o musical de Rick Bonadio.<\/p>\n\n\n\n<p><strong>SERVI\u00c7O<\/strong><strong><u><br><\/u><\/strong><strong>Jota Quest | Nova Tour \u201cJOTA 25\u201d<\/strong><strong><br>Local:<\/strong> Royal Palm Hall<br><strong>Data:<\/strong> Dia 24 de junho | s\u00e1bado<br><strong>Abertura da casa<\/strong>: 20h<br><strong>In\u00edcio do show: <\/strong>22h30<br><strong>Pre\u00e7o: <\/strong>de R$125 a R$290<\/p>\n\n\n\n<p>Vendas | <a href=\"https:\/\/www.agoraingressos.com.br\/Detalhes.aspx?event=E7A52E55-7875-4872-AFF0-9AA73C0D6385&amp;hostname=&amp;dt=20230210222716\">https:\/\/www.agoraingressos.com.br\/Detalhes.aspx?event=E7A52E55-7875-4872-AFF0-9AA73C0D6385&amp;hostname=&amp;dt=20230210222716<\/a><\/p>\n","protected":false},"excerpt":{"rendered":"<p>Depois de seis meses de shows esgotados por todo o Brasil, o Jota Quest anuncia hoje uma agenda de novas apresenta\u00e7\u00f5es nas principais cidades do pa\u00eds da turn\u00ea \u201cJota25 \u2013 De Volta ao Novo\u201d, em parceria com a Opus Entretenimento. Entre as datas, a banda mineira sobe ao palco do Royal Palm Hall, no dia [&hellip;]<\/p>\n","protected":false},"author":7,"featured_media":13778,"comment_status":"closed","ping_status":"open","sticky":false,"template":"","format":"standard","meta":{"rop_custom_images_group":[],"rop_custom_messages_group":[],"rop_publish_now":"initial","rop_publish_now_accounts":[],"rop_publish_now_history":[],"rop_publish_now_status":"pending","footnotes":""},"categories":[194],"tags":[],"class_list":["post-13777","post","type-post","status-publish","format-standard","has-post-thumbnail","hentry","category-regia"],"amp_enabled":true,"_links":{"self":[{"href":"https:\/\/imais.online\/portal\/wp-json\/wp\/v2\/posts\/13777","targetHints":{"allow":["GET"]}}],"collection":[{"href":"https:\/\/imais.online\/portal\/wp-json\/wp\/v2\/posts"}],"about":[{"href":"https:\/\/imais.online\/portal\/wp-json\/wp\/v2\/types\/post"}],"author":[{"embeddable":true,"href":"https:\/\/imais.online\/portal\/wp-json\/wp\/v2\/users\/7"}],"replies":[{"embeddable":true,"href":"https:\/\/imais.online\/portal\/wp-json\/wp\/v2\/comments?post=13777"}],"version-history":[{"count":1,"href":"https:\/\/imais.online\/portal\/wp-json\/wp\/v2\/posts\/13777\/revisions"}],"predecessor-version":[{"id":13779,"href":"https:\/\/imais.online\/portal\/wp-json\/wp\/v2\/posts\/13777\/revisions\/13779"}],"wp:featuredmedia":[{"embeddable":true,"href":"https:\/\/imais.online\/portal\/wp-json\/wp\/v2\/media\/13778"}],"wp:attachment":[{"href":"https:\/\/imais.online\/portal\/wp-json\/wp\/v2\/media?parent=13777"}],"wp:term":[{"taxonomy":"category","embeddable":true,"href":"https:\/\/imais.online\/portal\/wp-json\/wp\/v2\/categories?post=13777"},{"taxonomy":"post_tag","embeddable":true,"href":"https:\/\/imais.online\/portal\/wp-json\/wp\/v2\/tags?post=13777"}],"curies":[{"name":"wp","href":"https:\/\/api.w.org\/{rel}","templated":true}]}}