{"id":13796,"date":"2023-06-16T11:33:45","date_gmt":"2023-06-16T14:33:45","guid":{"rendered":"https:\/\/imais.online\/portal\/?p=13796"},"modified":"2023-06-16T11:33:46","modified_gmt":"2023-06-16T14:33:46","slug":"interior-e-litoral-de-sp-sentem-tremor-de-terra-de-4-0o-na-manha-desta-sexta","status":"publish","type":"post","link":"https:\/\/imais.online\/portal\/interior-e-litoral-de-sp-sentem-tremor-de-terra-de-4-0o-na-manha-desta-sexta\/","title":{"rendered":"Interior e litoral de SP sentem tremor de terra de 4.0\u00ba na manh\u00e3 desta sexta"},"content":{"rendered":"<div class=\"imais-before-content-placement\" id=\"imais-2318452152\"><script async src=\"\/\/pagead2.googlesyndication.com\/pagead\/js\/adsbygoogle.js?client=ca-pub-8787528412751566\" crossorigin=\"anonymous\"><\/script><ins class=\"adsbygoogle\" style=\"display:block;\" data-ad-client=\"ca-pub-8787528412751566\" \ndata-ad-slot=\"\" \ndata-ad-format=\"auto\"><\/ins>\n<script> \n(adsbygoogle = window.adsbygoogle || []).push({}); \n<\/script>\n<\/div>\n<p class=\"has-text-align-center\">Epicentro foi no munic\u00edpio de Iguape<\/p>\n\n\n\n<p>A Defesa Civil do Estado de S\u00e3o Paulo confirmou que um abalo s\u00edsmico foi sentido nesta sexta-feira (16), na regi\u00e3o do Vale do Ribeira, no sul do estado. O tremor ocorreu por volta das 8h20. Segundo o Centro de Sismologia da Universidade de S\u00e3o Paulo (USP), o abalo foi de 4.0\u00b0 na escala Hitcher e seu epicentro foi no munic\u00edpio de Iguape.<img decoding=\"async\" src=\"https:\/\/agenciabrasil.ebc.com.br\/ebc.png?id=1538588&amp;o=node\"><img decoding=\"async\" src=\"https:\/\/agenciabrasil.ebc.com.br\/ebc.gif?id=1538588&amp;o=node\"><\/p>\n\n\n\n<p>\u201cEste abalo pode ter sido sentido em um raio de at\u00e9 100km do seu epicentro. Abalos entre 3,5\u00b0 a 5,4\u00b0 s\u00e3o sentidos, no entanto, n\u00e3o costumam gerar danos estruturais\u201d, diz o Centro de Sismologia da USP. A Defesa Civil informou que at\u00e9 o momento, o Corpo de Bombeiros e a Defesa Civil n\u00e3o receberam nenhum chamado para ocorr\u00eancia com v\u00edtimas ou danos estruturais.<\/p>\n\n\n\n<p>A Rede Sismogr\u00e1fica Brasileira tamb\u00e9m registrou o tremor e afirmou que tremores de baixa magnitude s\u00e3o relativamente comuns no Brasil. \u201cEm geral, esses pequenos sismos s\u00e3o causados por press\u00f5es geol\u00f3gicas movimentando pequenas fraturas na crosta terrestre\u201d, informa .<\/p>\n\n\n\n<p>A Defesa Civil enviou alertas para os celulares cadastrados recomendando que as pessoas protejam-se, apesar de n\u00e3o haver riscos para danos potenciais.<\/p>\n","protected":false},"excerpt":{"rendered":"<p>Epicentro foi no munic\u00edpio de Iguape A Defesa Civil do Estado de S\u00e3o Paulo confirmou que um abalo s\u00edsmico foi sentido nesta sexta-feira (16), na regi\u00e3o do Vale do Ribeira, no sul do estado. O tremor ocorreu por volta das 8h20. Segundo o Centro de Sismologia da Universidade de S\u00e3o Paulo (USP), o abalo foi [&hellip;]<\/p>\n","protected":false},"author":7,"featured_media":13797,"comment_status":"closed","ping_status":"open","sticky":false,"template":"","format":"standard","meta":{"rop_custom_images_group":[],"rop_custom_messages_group":[],"rop_publish_now":"initial","rop_publish_now_accounts":[],"rop_publish_now_history":[],"rop_publish_now_status":"pending","footnotes":""},"categories":[230],"tags":[73],"class_list":["post-13796","post","type-post","status-publish","format-standard","has-post-thumbnail","hentry","category-interior","tag-featured"],"amp_enabled":true,"_links":{"self":[{"href":"https:\/\/imais.online\/portal\/wp-json\/wp\/v2\/posts\/13796","targetHints":{"allow":["GET"]}}],"collection":[{"href":"https:\/\/imais.online\/portal\/wp-json\/wp\/v2\/posts"}],"about":[{"href":"https:\/\/imais.online\/portal\/wp-json\/wp\/v2\/types\/post"}],"author":[{"embeddable":true,"href":"https:\/\/imais.online\/portal\/wp-json\/wp\/v2\/users\/7"}],"replies":[{"embeddable":true,"href":"https:\/\/imais.online\/portal\/wp-json\/wp\/v2\/comments?post=13796"}],"version-history":[{"count":1,"href":"https:\/\/imais.online\/portal\/wp-json\/wp\/v2\/posts\/13796\/revisions"}],"predecessor-version":[{"id":13798,"href":"https:\/\/imais.online\/portal\/wp-json\/wp\/v2\/posts\/13796\/revisions\/13798"}],"wp:featuredmedia":[{"embeddable":true,"href":"https:\/\/imais.online\/portal\/wp-json\/wp\/v2\/media\/13797"}],"wp:attachment":[{"href":"https:\/\/imais.online\/portal\/wp-json\/wp\/v2\/media?parent=13796"}],"wp:term":[{"taxonomy":"category","embeddable":true,"href":"https:\/\/imais.online\/portal\/wp-json\/wp\/v2\/categories?post=13796"},{"taxonomy":"post_tag","embeddable":true,"href":"https:\/\/imais.online\/portal\/wp-json\/wp\/v2\/tags?post=13796"}],"curies":[{"name":"wp","href":"https:\/\/api.w.org\/{rel}","templated":true}]}}