{"id":13891,"date":"2023-06-22T16:29:52","date_gmt":"2023-06-22T19:29:52","guid":{"rendered":"https:\/\/imais.online\/portal\/?p=13891"},"modified":"2023-06-22T16:29:54","modified_gmt":"2023-06-22T19:29:54","slug":"guarda-costeira-confirma-a-morte-de-toda-a-tripulacao-de-submersivel-desaparecido","status":"publish","type":"post","link":"https:\/\/imais.online\/portal\/guarda-costeira-confirma-a-morte-de-toda-a-tripulacao-de-submersivel-desaparecido\/","title":{"rendered":"Guarda-Costeira confirma a morte de toda a tripula\u00e7\u00e3o de submers\u00edvel desaparecido"},"content":{"rendered":"<div class=\"imais-before-content-placement\" id=\"imais-2534776461\"><script async src=\"\/\/pagead2.googlesyndication.com\/pagead\/js\/adsbygoogle.js?client=ca-pub-8787528412751566\" crossorigin=\"anonymous\"><\/script><ins class=\"adsbygoogle\" style=\"display:block;\" data-ad-client=\"ca-pub-8787528412751566\" \ndata-ad-slot=\"\" \ndata-ad-format=\"auto\"><\/ins>\n<script> \n(adsbygoogle = window.adsbygoogle || []).push({}); \n<\/script>\n<\/div>\n<h2 class=\"wp-block-heading\">Embarca\u00e7\u00e3o pode ter sofrido uma &#8216;implos\u00e3o instant\u00e2nea&#8217;, o que teria ocasionado a morte das cinco pessoas a bordo<\/h2>\n\n\n\n<p>Os destro\u00e7os encontrados na \u00e1rea de busca do Titanic s\u00e3o, de fato, do submers\u00edvel Titan, desaparecido desde o \u00faltimo domingo (18), confirmou a Guarda-Costeira em coletiva na tarde desta quinta-feira (22). A institui\u00e7\u00e3o afirmou que pode ter ocorrido uma &#8220;implos\u00e3o instant\u00e2nea&#8221; da embarca\u00e7\u00e3o, o que levou a morte dos cinco tripulantes a bordo.<\/p>\n\n\n\n<p>&#8220;Em nome da Guarda Costeira dos EUA e de todo o comando unificado, ofere\u00e7o minhas mais profundas condol\u00eancias \u00e0s fam\u00edlias&#8221;, disse o contra-almirante John Mauger. &#8220;Eu s\u00f3 posso imaginar como isso tem sido para eles&#8221;, acrescenta.<\/p>\n\n\n\n<p>O contra-almirante John Mauger diz que &#8220;n\u00e3o parece haver nenhuma conex\u00e3o&#8221; entre os ru\u00eddos subaqu\u00e1ticos detectados na miss\u00e3o de busca e salvamento e a localiza\u00e7\u00e3o no fundo do mar.<\/p>\n\n\n\n<p>Fonte R7<\/p>\n","protected":false},"excerpt":{"rendered":"<p>Embarca\u00e7\u00e3o pode ter sofrido uma &#8216;implos\u00e3o instant\u00e2nea&#8217;, o que teria ocasionado a morte das cinco pessoas a bordo Os destro\u00e7os encontrados na \u00e1rea de busca do Titanic s\u00e3o, de fato, do submers\u00edvel Titan, desaparecido desde o \u00faltimo domingo (18), confirmou a Guarda-Costeira em coletiva na tarde desta quinta-feira (22). A institui\u00e7\u00e3o afirmou que pode ter [&hellip;]<\/p>\n","protected":false},"author":8,"featured_media":13892,"comment_status":"closed","ping_status":"open","sticky":false,"template":"","format":"standard","meta":{"rop_custom_images_group":[],"rop_custom_messages_group":[],"rop_publish_now":"initial","rop_publish_now_accounts":[],"rop_publish_now_history":[],"rop_publish_now_status":"pending","footnotes":""},"categories":[237],"tags":[73],"class_list":["post-13891","post","type-post","status-publish","format-standard","has-post-thumbnail","hentry","category-luto","tag-featured"],"amp_enabled":true,"_links":{"self":[{"href":"https:\/\/imais.online\/portal\/wp-json\/wp\/v2\/posts\/13891","targetHints":{"allow":["GET"]}}],"collection":[{"href":"https:\/\/imais.online\/portal\/wp-json\/wp\/v2\/posts"}],"about":[{"href":"https:\/\/imais.online\/portal\/wp-json\/wp\/v2\/types\/post"}],"author":[{"embeddable":true,"href":"https:\/\/imais.online\/portal\/wp-json\/wp\/v2\/users\/8"}],"replies":[{"embeddable":true,"href":"https:\/\/imais.online\/portal\/wp-json\/wp\/v2\/comments?post=13891"}],"version-history":[{"count":1,"href":"https:\/\/imais.online\/portal\/wp-json\/wp\/v2\/posts\/13891\/revisions"}],"predecessor-version":[{"id":13893,"href":"https:\/\/imais.online\/portal\/wp-json\/wp\/v2\/posts\/13891\/revisions\/13893"}],"wp:featuredmedia":[{"embeddable":true,"href":"https:\/\/imais.online\/portal\/wp-json\/wp\/v2\/media\/13892"}],"wp:attachment":[{"href":"https:\/\/imais.online\/portal\/wp-json\/wp\/v2\/media?parent=13891"}],"wp:term":[{"taxonomy":"category","embeddable":true,"href":"https:\/\/imais.online\/portal\/wp-json\/wp\/v2\/categories?post=13891"},{"taxonomy":"post_tag","embeddable":true,"href":"https:\/\/imais.online\/portal\/wp-json\/wp\/v2\/tags?post=13891"}],"curies":[{"name":"wp","href":"https:\/\/api.w.org\/{rel}","templated":true}]}}