{"id":13907,"date":"2023-06-24T14:21:40","date_gmt":"2023-06-24T17:21:40","guid":{"rendered":"https:\/\/imais.online\/portal\/?p=13907"},"modified":"2023-06-24T14:21:43","modified_gmt":"2023-06-24T17:21:43","slug":"entenda-o-que-esta-por-tras-da-rebeliao-de-mercenarios-contra-o-exercito-russo","status":"publish","type":"post","link":"https:\/\/imais.online\/portal\/entenda-o-que-esta-por-tras-da-rebeliao-de-mercenarios-contra-o-exercito-russo\/","title":{"rendered":"Entenda o que est\u00e1 por tr\u00e1s da rebeli\u00e3o de mercen\u00e1rios contra o Ex\u00e9rcito russo"},"content":{"rendered":"<div class=\"imais-before-content-placement\" id=\"imais-1845536706\"><script async src=\"\/\/pagead2.googlesyndication.com\/pagead\/js\/adsbygoogle.js?client=ca-pub-8787528412751566\" crossorigin=\"anonymous\"><\/script><ins class=\"adsbygoogle\" style=\"display:block;\" data-ad-client=\"ca-pub-8787528412751566\" \ndata-ad-slot=\"\" \ndata-ad-format=\"auto\"><\/ins>\n<script> \n(adsbygoogle = window.adsbygoogle || []).push({}); \n<\/script>\n<\/div>\n<h2 class=\"wp-block-heading\">Mercen\u00e1rios tomaram as instala\u00e7\u00f5es militares da cidade russa de Rostov em meio a disputa pelo poder com os comandos militares<\/h2>\n\n\n\n<p>O presidente russo, Vladimir Putin,&nbsp;<a href=\"http:\/\/noticias.r7.com\/internacional\/putin-denuncia-traicao-de-lider-paramilitar-e-promete-punicao-24062023\"><strong>prometeu punir os &#8220;traidores&#8221; do grupo de mercen\u00e1rios Wagner<\/strong><\/a>, depois que seu l\u00edder amea\u00e7ou derrubar o comando militar russo.<\/p>\n\n\n\n<p>O conflito teve in\u00edcio ap\u00f3s Yevgueni Prigozhin, de 62 anos, divulgar uma s\u00e9rie de mensagens para anunciar que suas for\u00e7as entraram na cidade russa de Rostov, no sul do pa\u00eds, e que tomaram suas instala\u00e7\u00f5es militares.<\/p>\n\n\n\n<p>H\u00e1 meses, Prigozhin tem se envolvido em uma disputa pelo poder com os comandos militares russos, os quais responsabiliza pelas baixas em suas tropas no leste da Ucr\u00e2nia. Em v\u00e1rias ocasi\u00f5es, ele acusou o Ex\u00e9rcito russo de n\u00e3o equipar suficientemente seus mercen\u00e1rios ou de dificultar seus avan\u00e7os com tr\u00e2mites burocr\u00e1ticos, al\u00e9m de atribuir a si vit\u00f3rias que, na verdade, foram obtidas gra\u00e7as aos combatentes do Wagner.<\/p>\n\n\n\n<p>Neste s\u00e1bado, Prigozhin acusou o comando militar russo de ordenar bombardeios contra as bases de seu grupo paramilitar e de ter matado muitos de seus combatentes. O l\u00edder do grupo Wagner afirmou que \u00e9 preciso &#8220;frear&#8221; as lideran\u00e7as militares russas e prometeu &#8220;ir at\u00e9 o final&#8221;.<\/p>\n\n\n\n<p>Mais tarde, afirmou que seus combatentes haviam derrubado um helic\u00f3ptero militar russo e que tinham tomado v\u00e1rias instala\u00e7\u00f5es militares na cidade de Rostov (sul).<\/p>\n\n\n\n<h3 class=\"wp-block-heading\">Qual \u00e9 a rea\u00e7\u00e3o de Moscou?<\/h3>\n\n\n\n<p>Durante a noite, o Kremlin afirmou que est\u00e3o sendo tomadas &#8220;medidas&#8221; contra o motim. As autoridades refor\u00e7aram a seguran\u00e7a em Moscou e em outras regi\u00f5es, como Rostov e Lipetsk.<\/p>\n\n\n\n<p>Putin qualificou o motim do grupo Wagner de &#8220;amea\u00e7a mortal&#8221; para o pa\u00eds e fez um apelo \u00e0 unidade. Tamb\u00e9m assegurou que a &#8220;trai\u00e7\u00e3o&#8221; do grupo Wagner resultaria em uma &#8220;inevit\u00e1vel puni\u00e7\u00e3o&#8221;.<\/p>\n\n\n\n<h3 class=\"wp-block-heading\">Quem s\u00e3o os combatentes do grupo Wagner?<\/h3>\n\n\n\n<p>O grupo paramilitar Wagner, privado, esteve envolvido em conflitos no Oriente M\u00e9dio e na \u00c1frica, mas sempre negou sua participa\u00e7\u00e3o.<\/p>\n\n\n\n<p>No ano passado, Prigozhin admitiu ter fundado o grupo recrutando soldados em pris\u00f5es russas em troca de anistia. No leste da Ucr\u00e2nia, seus paramilitares t\u00eam se posicionado na linha de frente.<\/p>\n\n\n\n<p>Eles lideraram a tomada de Bakhmut, que se estendeu durante meses, e reivindicaram ter tomado essa cidade para as tropas russas, embora a opera\u00e7\u00e3o tenha causado muitas baixas ao grupo.<\/p>\n\n\n\n<h3 class=\"wp-block-heading\">Como isso afeta o conflito na Ucr\u00e2nia?<\/h3>\n\n\n\n<p>O motim representa o mais grave desafio que Putin teve que enfrentar em seu longo mandato, e a crise de seguran\u00e7a mais importante para a R\u00fassia desde que chegou ao poder, no fim de 1999.<\/p>\n\n\n\n<p>A situa\u00e7\u00e3o poderia desviar a aten\u00e7\u00e3o e os recursos em plena ofensiva na Ucr\u00e2nia, e coincide, ainda, com a contraofensiva anunciada por Kiev para recuperar territ\u00f3rios. O Ex\u00e9rcito ucraniano informou que est\u00e1 &#8220;observando&#8221; a luta interna entre Prigozhin e Putin.<\/p>\n\n\n\n<p>Moscou, no entanto, advertiu que o Ex\u00e9rcito ucraniano estava aproveitando a situa\u00e7\u00e3o para reunir suas tropas perto de Bakhmut diante de uma ofensiva. No plano internacional, Estados Unidos, Fran\u00e7a, Alemanha e Uni\u00e3o Europeia informaram que acompanham a situa\u00e7\u00e3o de perto.<\/p>\n\n\n\n<p>Fonte R7<\/p>\n","protected":false},"excerpt":{"rendered":"<p>Mercen\u00e1rios tomaram as instala\u00e7\u00f5es militares da cidade russa de Rostov em meio a disputa pelo poder com os comandos militares O presidente russo, Vladimir Putin,&nbsp;prometeu punir os &#8220;traidores&#8221; do grupo de mercen\u00e1rios Wagner, depois que seu l\u00edder amea\u00e7ou derrubar o comando militar russo. O conflito teve in\u00edcio ap\u00f3s Yevgueni Prigozhin, de 62 anos, divulgar uma [&hellip;]<\/p>\n","protected":false},"author":8,"featured_media":13908,"comment_status":"closed","ping_status":"open","sticky":false,"template":"","format":"standard","meta":{"rop_custom_images_group":[],"rop_custom_messages_group":[],"rop_publish_now":"initial","rop_publish_now_accounts":[],"rop_publish_now_history":[],"rop_publish_now_status":"pending","footnotes":""},"categories":[212],"tags":[],"class_list":["post-13907","post","type-post","status-publish","format-standard","has-post-thumbnail","hentry","category-internacional"],"amp_enabled":true,"_links":{"self":[{"href":"https:\/\/imais.online\/portal\/wp-json\/wp\/v2\/posts\/13907","targetHints":{"allow":["GET"]}}],"collection":[{"href":"https:\/\/imais.online\/portal\/wp-json\/wp\/v2\/posts"}],"about":[{"href":"https:\/\/imais.online\/portal\/wp-json\/wp\/v2\/types\/post"}],"author":[{"embeddable":true,"href":"https:\/\/imais.online\/portal\/wp-json\/wp\/v2\/users\/8"}],"replies":[{"embeddable":true,"href":"https:\/\/imais.online\/portal\/wp-json\/wp\/v2\/comments?post=13907"}],"version-history":[{"count":1,"href":"https:\/\/imais.online\/portal\/wp-json\/wp\/v2\/posts\/13907\/revisions"}],"predecessor-version":[{"id":13909,"href":"https:\/\/imais.online\/portal\/wp-json\/wp\/v2\/posts\/13907\/revisions\/13909"}],"wp:featuredmedia":[{"embeddable":true,"href":"https:\/\/imais.online\/portal\/wp-json\/wp\/v2\/media\/13908"}],"wp:attachment":[{"href":"https:\/\/imais.online\/portal\/wp-json\/wp\/v2\/media?parent=13907"}],"wp:term":[{"taxonomy":"category","embeddable":true,"href":"https:\/\/imais.online\/portal\/wp-json\/wp\/v2\/categories?post=13907"},{"taxonomy":"post_tag","embeddable":true,"href":"https:\/\/imais.online\/portal\/wp-json\/wp\/v2\/tags?post=13907"}],"curies":[{"name":"wp","href":"https:\/\/api.w.org\/{rel}","templated":true}]}}